{"id":93458,"date":"2025-03-11T09:30:09","date_gmt":"2025-03-11T12:30:09","guid":{"rendered":"https:\/\/catolicanet.net\/wp-cnet\/?p=93458"},"modified":"2025-03-11T13:31:12","modified_gmt":"2025-03-11T16:31:12","slug":"sao-jose-apareceu-a-santa-teresa-de-jesus-na-quaresma","status":"publish","type":"post","link":"https:\/\/catolicanet.net\/wp-cnet\/sao-jose-apareceu-a-santa-teresa-de-jesus-na-quaresma\/","title":{"rendered":"S\u00e3o Jos\u00e9 apareceu a santa Teresa de Jesus na Quaresma"},"content":{"rendered":"<p style=\"text-align: justify;\">S\u00e3o Jos\u00e9 apareceu para santa Teresa de Jesus durante a Quaresma para salv\u00e1-la de um perigo iminente.<\/p>\n<p style=\"text-align: justify;\">O agostiniano recoleto padre \u00c1ngel Pe\u00f1a conta no livro\u00a0<em>S\u00e3o Jos\u00e9, o mais santo dos santos<\/em>\u00a0que santa Teresa celebrou a Quarta-feira de Cinzas de 1575 na par\u00f3quia de Santa Maria dos Olmos, no sudeste da Espanha, e depois foi fundar um convento em Beas de Segura, uma cidade mais ao sul.<\/p>\n<p style=\"text-align: justify;\">A santa estava acompanhada por dois padres e oito freiras, entre elas sua grande companheira, a irm\u00e3 Ana de Jesus, em cujos bra\u00e7os a santa morreria. A freira contou que, quando estavam a caminho, se perderam, e aqueles que os estavam guiando n\u00e3o sabiam como sair de penhascos muito altos.<\/p>\n<p style=\"text-align: justify;\">Naquele momento, santa Teresa pediu \u00e0s irm\u00e3s que rezassem a Deus e a s\u00e3o Jos\u00e9 para que as guiassem. De repente, elas come\u00e7aram a ouvir a voz de um velho ao longe dizendo: &#8220;Parem, parem, voc\u00eas est\u00e3o perdidos e cair\u00e3o do penhasco se forem por esse caminho&#8221;.<\/p>\n<p style=\"text-align: justify;\">Os padres e os guias come\u00e7aram a perguntar ao homem o que poderiam fazer para sair daquele lugar complicado e ele indicou uma \u00e1rea onde poderiam passar as carro\u00e7as que estavam usando para se locomover.<\/p>\n<p style=\"text-align: justify;\">Alguns voltaram para agradecer ao homem que os havia ajudado, mas, com l\u00e1grimas e devo\u00e7\u00e3o, santa Teresa enfatizou: &#8220;N\u00e3o sei por que os deixamos ir, era meu pai s\u00e3o Jos\u00e9 e eles n\u00e3o o encontrar\u00e3o&#8221;.<\/p>\n","protected":false},"excerpt":{"rendered":"<p>S\u00e3o Jos\u00e9 apareceu para santa Teresa de Jesus durante a Quaresma para salv\u00e1-la de um perigo iminente. O agostiniano recoleto padre \u00c1ngel Pe\u00f1a conta no livro\u00a0S\u00e3o Jos\u00e9, o mais santo dos santos\u00a0que santa Teresa celebrou a Quarta-feira de Cinzas de 1575 na par\u00f3quia de Santa Maria dos Olmos, no sudeste da Espanha, e depois foi [&hellip;]<\/p>\n","protected":false},"author":1,"featured_media":93459,"comment_status":"open","ping_status":"closed","sticky":false,"template":"","format":"standard","meta":{"footnotes":""},"categories":[4,13],"tags":[],"class_list":["post-93458","post","type-post","status-publish","format-standard","has-post-thumbnail","hentry","category-cotidiano","category-featured"],"_links":{"self":[{"href":"https:\/\/catolicanet.net\/wp-cnet\/wp-json\/wp\/v2\/posts\/93458","targetHints":{"allow":["GET"]}}],"collection":[{"href":"https:\/\/catolicanet.net\/wp-cnet\/wp-json\/wp\/v2\/posts"}],"about":[{"href":"https:\/\/catolicanet.net\/wp-cnet\/wp-json\/wp\/v2\/types\/post"}],"author":[{"embeddable":true,"href":"https:\/\/catolicanet.net\/wp-cnet\/wp-json\/wp\/v2\/users\/1"}],"replies":[{"embeddable":true,"href":"https:\/\/catolicanet.net\/wp-cnet\/wp-json\/wp\/v2\/comments?post=93458"}],"version-history":[{"count":1,"href":"https:\/\/catolicanet.net\/wp-cnet\/wp-json\/wp\/v2\/posts\/93458\/revisions"}],"predecessor-version":[{"id":93461,"href":"https:\/\/catolicanet.net\/wp-cnet\/wp-json\/wp\/v2\/posts\/93458\/revisions\/93461"}],"wp:featuredmedia":[{"embeddable":true,"href":"https:\/\/catolicanet.net\/wp-cnet\/wp-json\/wp\/v2\/media\/93459"}],"wp:attachment":[{"href":"https:\/\/catolicanet.net\/wp-cnet\/wp-json\/wp\/v2\/media?parent=93458"}],"wp:term":[{"taxonomy":"category","embeddable":true,"href":"https:\/\/catolicanet.net\/wp-cnet\/wp-json\/wp\/v2\/categories?post=93458"},{"taxonomy":"post_tag","embeddable":true,"href":"https:\/\/catolicanet.net\/wp-cnet\/wp-json\/wp\/v2\/tags?post=93458"}],"curies":[{"name":"wp","href":"https:\/\/api.w.org\/{rel}","templated":true}]}}