{"id":93442,"date":"2025-03-11T09:22:23","date_gmt":"2025-03-11T12:22:23","guid":{"rendered":"https:\/\/catolicanet.net\/wp-cnet\/?p=93442"},"modified":"2025-03-11T13:23:18","modified_gmt":"2025-03-11T16:23:18","slug":"exercicios-espirituais-no-vaticano-4a-meditacao-a-segunda-morte","status":"publish","type":"post","link":"https:\/\/catolicanet.net\/wp-cnet\/exercicios-espirituais-no-vaticano-4a-meditacao-a-segunda-morte\/","title":{"rendered":"Exerc\u00edcios Espirituais no Vaticano, 4\u00aa Medita\u00e7\u00e3o: &#8220;A segunda morte&#8221;"},"content":{"rendered":"<figure class=\"article__image\" style=\"text-align: justify;\"><span class=\"didascalia_img\">Padre Roberto Pasolini durante os Exerc\u00edcios Espirituais da C\u00faria Romana\u00a0 (VATICAN MEDIA Divisione Foto)<\/span><\/figure>\n<div class=\"article__meta \" data-mediatype=\"\">\n<div class=\"article__subTitle\" style=\"text-align: justify;\">O pregador da Casa Pontif\u00edcia, padre Roberto Pasolini, fez na manh\u00e3 desta ter\u00e7a-feira, 11 de mar\u00e7o, a sua quarta medita\u00e7\u00e3o no \u00e2mbito dos Exerc\u00edcios Espirituais da Quaresma \u00e0 C\u00faria Romana sobre o tema &#8220;A esperan\u00e7a da vida eterna: A segunda morte&#8221;. O religioso capuchinho sublinha que Deus n\u00e3o espera a nossa morte para nos dar a vida eterna. Os Exerc\u00edcios Espirituais est\u00e3o em andamento sem a presen\u00e7a do Papa Francisco que est\u00e1 internado no Hospital Gemelli. Publicamos a s\u00edntese da quarta Medita\u00e7\u00e3o.<\/div>\n<div class=\"title__separator\" style=\"text-align: justify;\"><\/div>\n<div class=\"article__text\">\n<p style=\"text-align: justify;\"><b>Vatican News<\/b><\/p>\n<p style=\"text-align: justify;\">A B\u00edblia descreve a hist\u00f3ria humana como uma tens\u00e3o entre a promessa da vida eterna e a realidade da morte. Israel, com sua fidelidade e infidelidade, encarna essa luta, permanecendo em busca perp\u00e9tua da terra prometida. S\u00e3o Paulo fala do homem como um homem agonizante que vive (2 Cor 6, 9), expressando o paradoxo da exist\u00eancia.<\/p>\n<p style=\"text-align: justify;\">Entre os profetas, Ezequiel descreve esta condi\u00e7\u00e3o na vis\u00e3o do vale dos ossos secos (Ez 37): Israel aparece como um cemit\u00e9rio a c\u00e9u aberto, desprovido de vida e esperan\u00e7a. Deus ordena ao profeta que fale aos ossos, que se juntam e se revestem de carne, mas permanecem sem vida at\u00e9 que seu Esp\u00edrito sopre sobre eles.<\/p>\n<p style=\"text-align: justify;\">Essa vis\u00e3o n\u00e3o se refere apenas ao retorno do ex\u00edlio, mas reflete a condi\u00e7\u00e3o humana: muitas vezes existimos sem realmente viver. Os ossos secos simbolizam a \u201cprimeira morte\u201d, a interior, que se manifesta no medo, na apatia e na perda da esperan\u00e7a. Foi isso que aconteceu com Ad\u00e3o e Eva depois do pecado: seus corpos estavam vivos, mas separados de Deus.<\/p>\n<p style=\"text-align: justify;\">Somente o Esp\u00edrito de Deus pode restaurar a vida aut\u00eantica. No entanto, h\u00e1 tamb\u00e9m uma \u201csegunda morte\u201d, muitas vezes entendida como condena\u00e7\u00e3o eterna, mas que tamb\u00e9m pode ser vista como morte biol\u00f3gica. Aquele que j\u00e1 superou a primeira morte \u2013 isto \u00e9, o medo, o ego\u00edsmo e a ilus\u00e3o de controle \u2013 enfrenta a segunda sem terror. S\u00e3o Francisco de Assis expressa isso no\u00a0<i>C\u00e2ntico do Irm\u00e3o Sol<\/i>, louvando quem acolhe a morte em Deus.<\/p>\n<p style=\"text-align: justify;\">O Apocalipse afirma que \u201co vencedor ficar\u00e1 livre da segunda morte\u201d (Ap 2, 11): quem vive na f\u00e9 e na esperan\u00e7a pode passar por ela sem ser esmagado por ela. A vis\u00e3o de Ezequiel nos ensina que a ressurrei\u00e7\u00e3o come\u00e7a agora: Deus n\u00e3o espera nossa morte para nos dar a vida eterna, mas a oferece j\u00e1 no presente, se acolhermos seu Esp\u00edrito. A verdadeira pergunta \u00e9: queremos permanecer como ossos secos ou deixar-nos reanimar pela vida verdadeira?<\/p>\n<\/div>\n<\/div>\n","protected":false},"excerpt":{"rendered":"<p>Padre Roberto Pasolini durante os Exerc\u00edcios Espirituais da C\u00faria Romana\u00a0 (VATICAN MEDIA Divisione Foto) O pregador da Casa Pontif\u00edcia, padre Roberto Pasolini, fez na manh\u00e3 desta ter\u00e7a-feira, 11 de mar\u00e7o, a sua quarta medita\u00e7\u00e3o no \u00e2mbito dos Exerc\u00edcios Espirituais da Quaresma \u00e0 C\u00faria Romana sobre o tema &#8220;A esperan\u00e7a da vida eterna: A segunda morte&#8221;. [&hellip;]<\/p>\n","protected":false},"author":1,"featured_media":93443,"comment_status":"open","ping_status":"closed","sticky":false,"template":"","format":"standard","meta":{"footnotes":""},"categories":[3],"tags":[],"class_list":["post-93442","post","type-post","status-publish","format-standard","has-post-thumbnail","hentry","category-vaticano"],"_links":{"self":[{"href":"https:\/\/catolicanet.net\/wp-cnet\/wp-json\/wp\/v2\/posts\/93442","targetHints":{"allow":["GET"]}}],"collection":[{"href":"https:\/\/catolicanet.net\/wp-cnet\/wp-json\/wp\/v2\/posts"}],"about":[{"href":"https:\/\/catolicanet.net\/wp-cnet\/wp-json\/wp\/v2\/types\/post"}],"author":[{"embeddable":true,"href":"https:\/\/catolicanet.net\/wp-cnet\/wp-json\/wp\/v2\/users\/1"}],"replies":[{"embeddable":true,"href":"https:\/\/catolicanet.net\/wp-cnet\/wp-json\/wp\/v2\/comments?post=93442"}],"version-history":[{"count":1,"href":"https:\/\/catolicanet.net\/wp-cnet\/wp-json\/wp\/v2\/posts\/93442\/revisions"}],"predecessor-version":[{"id":93445,"href":"https:\/\/catolicanet.net\/wp-cnet\/wp-json\/wp\/v2\/posts\/93442\/revisions\/93445"}],"wp:featuredmedia":[{"embeddable":true,"href":"https:\/\/catolicanet.net\/wp-cnet\/wp-json\/wp\/v2\/media\/93443"}],"wp:attachment":[{"href":"https:\/\/catolicanet.net\/wp-cnet\/wp-json\/wp\/v2\/media?parent=93442"}],"wp:term":[{"taxonomy":"category","embeddable":true,"href":"https:\/\/catolicanet.net\/wp-cnet\/wp-json\/wp\/v2\/categories?post=93442"},{"taxonomy":"post_tag","embeddable":true,"href":"https:\/\/catolicanet.net\/wp-cnet\/wp-json\/wp\/v2\/tags?post=93442"}],"curies":[{"name":"wp","href":"https:\/\/api.w.org\/{rel}","templated":true}]}}