{"id":93387,"date":"2025-03-01T09:33:27","date_gmt":"2025-03-01T12:33:27","guid":{"rendered":"https:\/\/catolicanet.net\/wp-cnet\/?p=93387"},"modified":"2025-03-05T15:34:16","modified_gmt":"2025-03-05T18:34:16","slug":"retiro-no-carnaval","status":"publish","type":"post","link":"https:\/\/catolicanet.net\/wp-cnet\/retiro-no-carnaval\/","title":{"rendered":"Retiro no carnaval"},"content":{"rendered":"<p style=\"text-align: center;\">\u201cSenhor, a quem ir\u00edamos n\u00f3s\u201d! (Jo 6,68a)<\/p>\n<p style=\"text-align: justify;\">Normalmente, nos dias de carnaval, acontecem em v\u00e1rias dioceses espalhadas pelo Brasil os retiros de carnaval. As pessoas que preferem passar esses dias em ora\u00e7\u00e3o e sil\u00eancio perto de Deus e iniciar a Quaresma de uma maneira diferente. O retiro acontece de diversas formas, aberto ou fechado, de sexta a quarta-feira de cinzas, de s\u00e1bado at\u00e9 ter\u00e7a ou domingo, segunda e ter\u00e7a de carnaval. As dioceses, os movimentos, ou at\u00e9 mesmo algumas par\u00f3quias que promovem o retiro, escolhem um local onde as pessoas passam o dia refletindo sobre a Palavra de Deus, participando da missa e, ao final do dia, retornam para casa, sendo convidadas a voltar no dia seguinte. Em alguns retiros o tempo \u00e9 integral, permanecendo tamb\u00e9m \u00e0s noites.<\/p>\n<p style=\"text-align: justify;\">Os dias de retiro s\u00e3o marcados por louvor, adora\u00e7\u00e3o ao Sant\u00edssimo Sacramento, Santa Missa, conviv\u00eancia entre os participantes e palestras sobre a import\u00e2ncia da vida crist\u00e3, e tamb\u00e9m uma boa prepara\u00e7\u00e3o para a quaresma e como viver esse tempo t\u00e3o significativo para a Igreja. Quem participa do retiro j\u00e1 entra no clima do tempo quaresmal, que \u00e9 um longo retiro espiritual de quarenta dias vivido com a Igreja.<\/p>\n<p style=\"text-align: justify;\">Como bem sabemos, no Brasil, o carnaval \u00e9 uma festa bastante popular, e muitas pessoas n\u00e3o trabalham na segunda e ter\u00e7a-feira de carnaval. Por isso, \u00e9 mais f\u00e1cil participar do retiro. Al\u00e9m de ser um per\u00edodo festivo, o carnaval tamb\u00e9m pode ser um momento de pausa e reflex\u00e3o para nos prepararmos para o restante do ano que vir\u00e1. Afinal, muitos dizem que o ano no Brasil s\u00f3 come\u00e7a depois do carnaval. Por isso, ao longo desse per\u00edodo, mesmo que optemos por fazer o retiro, fa\u00e7amos um balan\u00e7o do nosso ano at\u00e9 aqui e busquemos a confiss\u00e3o sacramental, que costuma ser oferecida durante o retiro e \u00e9 um dos pilares desse tempo quaresmal. Mesmo que n\u00e3o participe do retiro, procure ir \u00e0 missa na segunda e ter\u00e7a-feira de carnaval e, se poss\u00edvel, fa\u00e7a a confiss\u00e3o sacramental para iniciar bem o tempo quaresmal.<\/p>\n<p style=\"text-align: justify;\">Quem sabe, ap\u00f3s o carnaval, possamos, de fato, iniciar uma vida nova e colocar em pr\u00e1tica aqueles planos que fizemos e ainda n\u00e3o conseguimos realizar. Estaremos no terceiro m\u00eas do ano, ent\u00e3o n\u00e3o deixemos para depois aquilo que podemos fazer agora. Durante o retiro de carnaval, rezemos pela paz mundial, pela sa\u00fade dos enfermos \u2014 sobretudo pela sa\u00fade do Papa Francisco \u2014 e para que todos possam aproveitar o carnaval com modera\u00e7\u00e3o e em paz. Quem participa do retiro de carnaval e optou por n\u00e3o ir \u00e0 folia reza por aqueles que decidiram pular o carnaval.<\/p>\n<p style=\"text-align: justify;\">Nossa Arquidiocese promover\u00e1 um retiro que acontece do Centro de Estudos do Sumar\u00e9, mas a tradi\u00e7\u00e3o \u00e9 que, a Renova\u00e7\u00e3o Carism\u00e1tica promove dias 2 a 4 de mar\u00e7o, entre domingo a ter\u00e7a-feira de carnaval. Batizado de <strong>&#8220;Retiro de \u00c1gua Viva 2025&#8221;<\/strong>, ter\u00e1 como tema: <em>&#8220;Senhor, a quem ir\u00edamos n\u00f3s?&#8221;<\/em> (Jo 6,68a). O retiro ser\u00e1 realizado na Catedral Metropolitana de S\u00e3o Sebasti\u00e3o do Rio de Janeiro, na Av. Chile, no Centro, com entrada pela Av. Paraguai, pois a Av. Chile, devido aos blocos de carnaval, estar\u00e1 fechada. O hor\u00e1rio em todos os dias ser\u00e1 das 8h \u00e0s 17h30, com entrada gratuita. Pede-se, se poss\u00edvel, a doa\u00e7\u00e3o de 1 kg de alimento n\u00e3o perec\u00edvel. Esta ser\u00e1 a 44\u00aa edi\u00e7\u00e3o do retiro, que acontece todos os anos e, neste ano, ser\u00e1 realizado em um novo local.<\/p>\n<p style=\"text-align: justify;\">O retiro, como j\u00e1 \u00e9 de costume, promete ser uma experi\u00eancia transformadora para todos os participantes. Conforme dissemos, o retiro deve provocar uma mudan\u00e7a em n\u00f3s. Devemos inici\u00e1-lo de um jeito e chegar ao fim de outro. Ele deve nos aproximar mais de Deus e nos levar a pedir ao Senhor o perd\u00e3o de nossos pecados. Durante o retiro, devemos rezar por n\u00f3s mesmos e por aqueles que n\u00e3o est\u00e3o presentes. \u00c9 um momento para fazermos a experi\u00eancia do deserto junto com Jesus e procurarmos vencer as tenta\u00e7\u00f5es mundanas que possam surgir. Por isso, como j\u00e1 dissemos, \u00e9 necess\u00e1rio estar no retiro por inteiro e realmente desejar viv\u00ea-lo. Aproveitemos essa experi\u00eancia do deserto com Jesus, pois seguiremos nesse clima ao longo do tempo quaresmal.<\/p>\n<p style=\"text-align: justify;\">O retiro contar\u00e1 com presen\u00e7as ilustres, como Dom Roberto \u2014 Vig\u00e1rio Episcopal para a Vida Consagrada (Arquidiocese do Rio), Padre Roger Luiz (Can\u00e7\u00e3o Nova), Vin\u00edcius Sim\u00f5es (RCC Brasil), Cl\u00e1udio Costa (RCC RJ), J\u00falio Ribeiro (RCC Arq Rio) e Alexandre Bastos (Comunidade Pequeno Rebanho). Segundo J\u00falio Ribeiro, um dos coordenadores do evento, a mudan\u00e7a de local este ano visa atrair um maior n\u00famero de pessoas. Ele estima um p\u00fablico em torno de cinco mil pessoas, justamente por ser um local de mais f\u00e1cil acesso, mais amplo e com melhor visibilidade para todos.<\/p>\n<p style=\"text-align: justify;\">O tema central do retiro deste ano \u00e9 a <strong>esperan\u00e7a<\/strong>, pois estamos no <strong>Ano Jubilar da Esperan\u00e7a<\/strong> e, ao longo deste ano, devemos confiar na miseric\u00f3rdia do Senhor. Conforme o tema do retiro nos lembra, devemos buscar a salva\u00e7\u00e3o somente no Senhor, pois somente Ele tem palavras de vida eterna. Durante este retiro, reafirmemos nosso compromisso como crist\u00e3os e batizados, pertencentes a Jesus Cristo e \u00e0 sua Igreja.<\/p>\n<p style=\"text-align: justify;\">Eu mesmo celebrarei no \u00faltimo dia do retiro na Catedral. Espero por voc\u00eas! Fa\u00e7amos o esfor\u00e7o de participar deste retiro promovido pela Renova\u00e7\u00e3o Carism\u00e1tica de nossa Arquidiocese. Se n\u00e3o puder ir todos os dias, participe ao menos um ou dois. A entrada \u00e9 gratuita, mas, se poss\u00edvel, leve 1 kg de alimento n\u00e3o perec\u00edvel. Comecemos com o cora\u00e7\u00e3o santificado o caminho quaresmal rumo \u00e0 P\u00e1scoa do Senhor.<\/p>\n","protected":false},"excerpt":{"rendered":"<p>\u201cSenhor, a quem ir\u00edamos n\u00f3s\u201d! (Jo 6,68a) Normalmente, nos dias de carnaval, acontecem em v\u00e1rias dioceses espalhadas pelo Brasil os retiros de carnaval. As pessoas que preferem passar esses dias em ora\u00e7\u00e3o e sil\u00eancio perto de Deus e iniciar a Quaresma de uma maneira diferente. O retiro acontece de diversas formas, aberto ou fechado, de [&hellip;]<\/p>\n","protected":false},"author":5,"featured_media":55819,"comment_status":"open","ping_status":"closed","sticky":false,"template":"","format":"standard","meta":{"footnotes":""},"categories":[9],"tags":[],"class_list":["post-93387","post","type-post","status-publish","format-standard","has-post-thumbnail","hentry","category-artigos"],"_links":{"self":[{"href":"https:\/\/catolicanet.net\/wp-cnet\/wp-json\/wp\/v2\/posts\/93387","targetHints":{"allow":["GET"]}}],"collection":[{"href":"https:\/\/catolicanet.net\/wp-cnet\/wp-json\/wp\/v2\/posts"}],"about":[{"href":"https:\/\/catolicanet.net\/wp-cnet\/wp-json\/wp\/v2\/types\/post"}],"author":[{"embeddable":true,"href":"https:\/\/catolicanet.net\/wp-cnet\/wp-json\/wp\/v2\/users\/5"}],"replies":[{"embeddable":true,"href":"https:\/\/catolicanet.net\/wp-cnet\/wp-json\/wp\/v2\/comments?post=93387"}],"version-history":[{"count":1,"href":"https:\/\/catolicanet.net\/wp-cnet\/wp-json\/wp\/v2\/posts\/93387\/revisions"}],"predecessor-version":[{"id":93389,"href":"https:\/\/catolicanet.net\/wp-cnet\/wp-json\/wp\/v2\/posts\/93387\/revisions\/93389"}],"wp:featuredmedia":[{"embeddable":true,"href":"https:\/\/catolicanet.net\/wp-cnet\/wp-json\/wp\/v2\/media\/55819"}],"wp:attachment":[{"href":"https:\/\/catolicanet.net\/wp-cnet\/wp-json\/wp\/v2\/media?parent=93387"}],"wp:term":[{"taxonomy":"category","embeddable":true,"href":"https:\/\/catolicanet.net\/wp-cnet\/wp-json\/wp\/v2\/categories?post=93387"},{"taxonomy":"post_tag","embeddable":true,"href":"https:\/\/catolicanet.net\/wp-cnet\/wp-json\/wp\/v2\/tags?post=93387"}],"curies":[{"name":"wp","href":"https:\/\/api.w.org\/{rel}","templated":true}]}}