{"id":93316,"date":"2025-02-27T09:27:40","date_gmt":"2025-02-27T12:27:40","guid":{"rendered":"https:\/\/catolicanet.net\/wp-cnet\/?p=93316"},"modified":"2025-02-27T14:28:44","modified_gmt":"2025-02-27T17:28:44","slug":"o-simbolismo-surpreendente-das-arvores-no-cristianismo","status":"publish","type":"post","link":"https:\/\/catolicanet.net\/wp-cnet\/o-simbolismo-surpreendente-das-arvores-no-cristianismo\/","title":{"rendered":"O simbolismo surpreendente das \u00e1rvores no cristianismo"},"content":{"rendered":"<p style=\"text-align: justify;\"><span class=\"SubHeading_subheading__NJ_eJ\" aria-label=\"post subtitle\">A B\u00edblia come\u00e7a com uma \u00e1rvore, chega ao \u00e1pice com outra e termina com mais outra<\/span><\/p>\n<div style=\"text-align: justify;\"><\/div>\n<div class=\"\" style=\"text-align: justify;\">\n<p>\u00c9chamativo que a B\u00edblia comece com uma \u00e1rvore e termine com outra, al\u00e9m de ter o seu \u00e1pice, que \u00e9 a Salva\u00e7\u00e3o trazida por Cristo, realizado entre a \u00c1rvore da Cruz e o domingo da Ressurrei\u00e7\u00e3o.<\/p>\n<\/div>\n<div class=\"\" style=\"text-align: justify;\">\n<p>O profeta Jeremias destacou eloquentemente a semelhan\u00e7a da humanidade com as \u00e1rvores ao descrever \u201co homem que confia no Senhor\u201d:<\/p>\n<\/div>\n<blockquote class=\"Quote_container__XMwM_\">\n<div class=\"\">\n<p><em>&#8220;Assemelha-se \u00e0 \u00e1rvore plantada perto da \u00e1gua,<\/em><br \/>\n<em>que estende as ra\u00edzes para o arroio;<\/em><br \/>\n<em>se vier o calor, ela n\u00e3o temer\u00e1<\/em><br \/>\n<em>e sua folhagem continuar\u00e1 verdejante;<\/em><br \/>\n<em>n\u00e3o a inquieta a seca de um ano,<\/em><br \/>\n<em>pois ela continua a produzir frutos&#8221;.<\/em><br \/>\n(Jeremias 17, 8)<\/p>\n<\/div>\n<div><\/div>\n<\/blockquote>\n<div class=\"\" style=\"text-align: justify;\">\n<p>As \u00e1rvores desempenham papel importante n\u00e3o apenas na B\u00edblia, mas tamb\u00e9m na arte crist\u00e3, em que, bem al\u00e9m de servirem como pano de fundo, carregam tradicionais significados espirituais.<\/p>\n<\/div>\n<div class=\"\" style=\"text-align: justify;\">\n<p>Conhe\u00e7a o significado de cinco delas:<\/p>\n<\/div>\n<h2 class=\"Heading_heading__PlVsb\" style=\"text-align: justify;\">\u00c1lamo<\/h2>\n<div class=\"\" style=\"text-align: justify;\">\n<p>O assim chamado &#8220;\u00e1lamo tremulante&#8221; \u00e9 usado para representar o orgulho, porque, segundo uma antiga lenda, todas as \u00e1rvores se curvaram de sofrimento quando Cristo morreu, exceto o \u00e1lamo, esp\u00e9cie comum em climas frios. \u00c9 por isto, segundo a mesma lenda, que essa \u00e1rvore &#8220;treme&#8221; &#8211; da\u00ed o seu nome.<\/p>\n<\/div>\n<h2 class=\"Heading_heading__PlVsb\" style=\"text-align: justify;\">Cedro<\/h2>\n<div class=\"\" style=\"text-align: justify;\">\n<p>Mencionado no Antigo Testamento e t\u00e3o belo e forte a ponto de ter se tornado o s\u00edmbolo nacional do L\u00edbano, o cedro \u00e9 tamb\u00e9m usado na arte crist\u00e3 para representar o pr\u00f3prio Cristo.<\/p>\n<\/div>\n<h2 class=\"Heading_heading__PlVsb\" style=\"text-align: justify;\">Cipreste<\/h2>\n<div style=\"text-align: justify;\"><\/div>\n<div class=\"\" style=\"text-align: justify;\">\n<p>Antes ainda do cristianismo, era s\u00edmbolo de morte. Sua majestosa altura que aponta para o c\u00e9u \u00e9 frequentemente evocada para simbolizar a vis\u00e3o crist\u00e3 da morte como passagem para a eternidade.<\/p>\n<\/div>\n<h2 class=\"Heading_heading__PlVsb\" style=\"text-align: justify;\">Olmo<\/h2>\n<div class=\"\" style=\"text-align: justify;\">\n<p>A beleza extraordin\u00e1ria com que espalha a sua ramagem a tornou s\u00edmbolo de dignidade e confiabilidade.<\/p>\n<\/div>\n<h2 class=\"Heading_heading__PlVsb\" style=\"text-align: justify;\">Carvalho<\/h2>\n<div class=\"\">\n<p style=\"text-align: justify;\">H\u00e1 tradi\u00e7\u00f5es que alegam que a Cruz de Cristo teria sido feita da lenha de um carvalho. A for\u00e7a dessa \u00e1rvore tamb\u00e9m faz dela um s\u00edmbolo de perseveran\u00e7a.<\/p>\n<\/div>\n","protected":false},"excerpt":{"rendered":"<p>A B\u00edblia come\u00e7a com uma \u00e1rvore, chega ao \u00e1pice com outra e termina com mais outra \u00c9chamativo que a B\u00edblia comece com uma \u00e1rvore e termine com outra, al\u00e9m de ter o seu \u00e1pice, que \u00e9 a Salva\u00e7\u00e3o trazida por Cristo, realizado entre a \u00c1rvore da Cruz e o domingo da Ressurrei\u00e7\u00e3o. O profeta Jeremias [&hellip;]<\/p>\n","protected":false},"author":1,"featured_media":93317,"comment_status":"open","ping_status":"closed","sticky":false,"template":"","format":"standard","meta":{"footnotes":""},"categories":[4],"tags":[],"class_list":["post-93316","post","type-post","status-publish","format-standard","has-post-thumbnail","hentry","category-cotidiano"],"_links":{"self":[{"href":"https:\/\/catolicanet.net\/wp-cnet\/wp-json\/wp\/v2\/posts\/93316","targetHints":{"allow":["GET"]}}],"collection":[{"href":"https:\/\/catolicanet.net\/wp-cnet\/wp-json\/wp\/v2\/posts"}],"about":[{"href":"https:\/\/catolicanet.net\/wp-cnet\/wp-json\/wp\/v2\/types\/post"}],"author":[{"embeddable":true,"href":"https:\/\/catolicanet.net\/wp-cnet\/wp-json\/wp\/v2\/users\/1"}],"replies":[{"embeddable":true,"href":"https:\/\/catolicanet.net\/wp-cnet\/wp-json\/wp\/v2\/comments?post=93316"}],"version-history":[{"count":1,"href":"https:\/\/catolicanet.net\/wp-cnet\/wp-json\/wp\/v2\/posts\/93316\/revisions"}],"predecessor-version":[{"id":93319,"href":"https:\/\/catolicanet.net\/wp-cnet\/wp-json\/wp\/v2\/posts\/93316\/revisions\/93319"}],"wp:featuredmedia":[{"embeddable":true,"href":"https:\/\/catolicanet.net\/wp-cnet\/wp-json\/wp\/v2\/media\/93317"}],"wp:attachment":[{"href":"https:\/\/catolicanet.net\/wp-cnet\/wp-json\/wp\/v2\/media?parent=93316"}],"wp:term":[{"taxonomy":"category","embeddable":true,"href":"https:\/\/catolicanet.net\/wp-cnet\/wp-json\/wp\/v2\/categories?post=93316"},{"taxonomy":"post_tag","embeddable":true,"href":"https:\/\/catolicanet.net\/wp-cnet\/wp-json\/wp\/v2\/tags?post=93316"}],"curies":[{"name":"wp","href":"https:\/\/api.w.org\/{rel}","templated":true}]}}