{"id":93295,"date":"2025-02-27T09:46:20","date_gmt":"2025-02-27T12:46:20","guid":{"rendered":"https:\/\/catolicanet.net\/wp-cnet\/?p=93295"},"modified":"2025-02-27T13:47:49","modified_gmt":"2025-02-27T16:47:49","slug":"governatorato-assina-protocolo-de-colaboracao-com-agencia-alfandegaria-italiana","status":"publish","type":"post","link":"https:\/\/catolicanet.net\/wp-cnet\/governatorato-assina-protocolo-de-colaboracao-com-agencia-alfandegaria-italiana\/","title":{"rendered":"Governatorato assina protocolo de colabora\u00e7\u00e3o com Ag\u00eancia Alfandeg\u00e1ria Italiana"},"content":{"rendered":"<figure class=\"article__image\" style=\"text-align: justify;\"><span class=\"didascalia_img\">Vista panor\u00e2mica do Governatorato do Estado da Cidade do Vaticano\u00a0<\/span><\/figure>\n<div class=\"article__meta audioInside\" data-mediatype=\"\">\n<div class=\"article__subTitle\" style=\"text-align: justify;\">Foi assinado nesta quinta-feira, 27 de fevereiro, o protocolo de colabora\u00e7\u00e3o t\u00e9cnico-administrativa em quest\u00f5es alfandeg\u00e1rias entre o Governatorato do Estado da Cidade do Vaticano e a Ag\u00eancia Italiana de Alf\u00e2ndegas e Monop\u00f3lios na sede romana dessa \u00faltima, em Roma. V\u00e9rgez: Coopera\u00e7\u00e3o sin\u00e9rgica cada vez mais necess\u00e1ria. Petrini: \u201cCompartilhar bancos de dados para promover a legalidade\u201d.<\/div>\n<div class=\"title__separator\" style=\"text-align: justify;\"><\/div>\n<div class=\"article__text\">\n<p style=\"text-align: justify;\"><b>Lorena Leonardi \u2013 Vatican News<\/b><\/p>\n<p style=\"text-align: justify;\">Uma coopera\u00e7\u00e3o sin\u00e9rgica &#8220;cada vez mais necess\u00e1ria&#8221; para tornar &#8220;as din\u00e2micas mais rent\u00e1veis&#8221;, mas tamb\u00e9m para &#8220;promover a transpar\u00eancia e a desburocratiza\u00e7\u00e3o&#8221;. Foi assim que o presidente do Governatorato do Estado da Cidade do Vaticano, cardeal Fernando V\u00e9rgez Alzaga, comentou a assinatura do Protocolo de colabora\u00e7\u00e3o t\u00e9cnico-administrativa em mat\u00e9ria alfandeg\u00e1ria entre o pr\u00f3prio Governatorato e a Ag\u00eancia Italiana de Alf\u00e2ndegas e Monop\u00f3lios (ADM), realizada na manh\u00e3 desta quinta-feira, 27 de fevereiro, na sede romana dessa \u00faltima.<\/p>\n<div style=\"text-align: justify;\">\n<div class=\"article__embed article__embed--unwrap article__embed--dark\">\n<div class=\"article__innerTitle\">Ou\u00e7a e compartilhe<\/div>\n<\/div>\n<\/div>\n<h2 style=\"text-align: justify;\">Foco na legalidade<\/h2>\n<p style=\"text-align: justify;\">A irm\u00e3 Raffaella Petrini, que suceder\u00e1 o cardeal V\u00e9rgez como presidente do Governatorato a partir de 1\u00ba de mar\u00e7o, focou na necessidade de ampliar a transforma\u00e7\u00e3o digital de bancos de dados para criar um &#8220;ecossistema digital&#8221;. Ela espera que os dois Estados possam &#8220;chegar rapidamente \u00e0 troca de dados e informa\u00e7\u00f5es dispon\u00edveis&#8221; na \u00f3tica de &#8220;melhorar a transpar\u00eancia e promover a legalidade&#8221;.<\/p>\n<h2 style=\"text-align: justify;\">Telematiza\u00e7\u00e3o e forma\u00e7\u00e3o<\/h2>\n<p style=\"text-align: justify;\">O diretor da Ag\u00eancia Italiana de Alf\u00e2ndegas e Monop\u00f3lios, Roberto Alesse, definiu o Protocolo como &#8220;um novo quadro operacional adequado para orientar a coopera\u00e7\u00e3o bilateral nos pr\u00f3ximos anos e dar impulso ao interc\u00e2mbio de sistemas aduaneiros&#8221;. O texto inclui dois anexos, que definem a introdu\u00e7\u00e3o experimental de um procedimento telem\u00e1tico para a apresenta\u00e7\u00e3o de declara\u00e7\u00f5es de moeda, a fim de agilizar processos e aumentar a transpar\u00eancia, junto com a atualiza\u00e7\u00e3o cont\u00ednua das compet\u00eancias dos funcion\u00e1rios alfandeg\u00e1rios. \u201cSomente por meio de programas de forma\u00e7\u00e3o programados com continuidade&#8221; &#8211; concluiu Alesse &#8211; &#8220;poderemos consolidar um sistema que responda aos desafios globais que vivemos todos os dias&#8221;.<\/p>\n<\/div>\n<\/div>\n","protected":false},"excerpt":{"rendered":"<p>Vista panor\u00e2mica do Governatorato do Estado da Cidade do Vaticano\u00a0 Foi assinado nesta quinta-feira, 27 de fevereiro, o protocolo de colabora\u00e7\u00e3o t\u00e9cnico-administrativa em quest\u00f5es alfandeg\u00e1rias entre o Governatorato do Estado da Cidade do Vaticano e a Ag\u00eancia Italiana de Alf\u00e2ndegas e Monop\u00f3lios na sede romana dessa \u00faltima, em Roma. V\u00e9rgez: Coopera\u00e7\u00e3o sin\u00e9rgica cada vez mais [&hellip;]<\/p>\n","protected":false},"author":1,"featured_media":93296,"comment_status":"open","ping_status":"closed","sticky":false,"template":"","format":"standard","meta":{"footnotes":""},"categories":[3],"tags":[],"class_list":["post-93295","post","type-post","status-publish","format-standard","has-post-thumbnail","hentry","category-vaticano"],"_links":{"self":[{"href":"https:\/\/catolicanet.net\/wp-cnet\/wp-json\/wp\/v2\/posts\/93295","targetHints":{"allow":["GET"]}}],"collection":[{"href":"https:\/\/catolicanet.net\/wp-cnet\/wp-json\/wp\/v2\/posts"}],"about":[{"href":"https:\/\/catolicanet.net\/wp-cnet\/wp-json\/wp\/v2\/types\/post"}],"author":[{"embeddable":true,"href":"https:\/\/catolicanet.net\/wp-cnet\/wp-json\/wp\/v2\/users\/1"}],"replies":[{"embeddable":true,"href":"https:\/\/catolicanet.net\/wp-cnet\/wp-json\/wp\/v2\/comments?post=93295"}],"version-history":[{"count":1,"href":"https:\/\/catolicanet.net\/wp-cnet\/wp-json\/wp\/v2\/posts\/93295\/revisions"}],"predecessor-version":[{"id":93298,"href":"https:\/\/catolicanet.net\/wp-cnet\/wp-json\/wp\/v2\/posts\/93295\/revisions\/93298"}],"wp:featuredmedia":[{"embeddable":true,"href":"https:\/\/catolicanet.net\/wp-cnet\/wp-json\/wp\/v2\/media\/93296"}],"wp:attachment":[{"href":"https:\/\/catolicanet.net\/wp-cnet\/wp-json\/wp\/v2\/media?parent=93295"}],"wp:term":[{"taxonomy":"category","embeddable":true,"href":"https:\/\/catolicanet.net\/wp-cnet\/wp-json\/wp\/v2\/categories?post=93295"},{"taxonomy":"post_tag","embeddable":true,"href":"https:\/\/catolicanet.net\/wp-cnet\/wp-json\/wp\/v2\/tags?post=93295"}],"curies":[{"name":"wp","href":"https:\/\/api.w.org\/{rel}","templated":true}]}}