{"id":93233,"date":"2025-02-25T10:13:22","date_gmt":"2025-02-25T13:13:22","guid":{"rendered":"https:\/\/catolicanet.net\/wp-cnet\/?p=93233"},"modified":"2025-02-25T14:14:23","modified_gmt":"2025-02-25T17:14:23","slug":"a-cura-de-um-leproso-o-evangelho-de-sao-lucas-na-otica-da-ciencia","status":"publish","type":"post","link":"https:\/\/catolicanet.net\/wp-cnet\/a-cura-de-um-leproso-o-evangelho-de-sao-lucas-na-otica-da-ciencia\/","title":{"rendered":"A cura de um leproso. O evangelho de S\u00e3o Lucas na \u00f3tica da ci\u00eancia"},"content":{"rendered":"<p style=\"text-align: justify;\"><span class=\"SubHeading_subheading__NJ_eJ\" aria-label=\"post subtitle\">N\u00e3o havendo nenhum tratamento dispon\u00edvel, os doentes eram estigmatizados e exclu\u00eddos da sociedade<\/span><\/p>\n<div style=\"text-align: justify;\"><\/div>\n<div style=\"text-align: justify;\">\n<p>No Evangelho de S\u00e3o Lucas s\u00e3o descritos diversos milagres e curas de Jesus, mas uma passagem em especial chama aten\u00e7\u00e3o, tanto pela import\u00e2ncia que a doen\u00e7a ainda tem nos dias de hoje, quanto pelo comportamento do homem ao pedir a sua cura.<\/p>\n<\/div>\n<div style=\"text-align: justify;\">\n<p><em>\u201cEstando ele numa cidade, apareceu um homem cheio de lepra. Vendo Jesus, lan\u00e7ou-se com o rosto por terra e lhe suplicou: \u201cSenhor, se queres, podes limpar-me. Jesus estendeu a m\u00e3o, tocou-o e disse: \u2018Eu quero; s\u00ea purificado!\u2019. No mesmo instante, desapareceu dele a lepra\u201d\u00a0<\/em>(Lc 5,12-13).<\/p>\n<\/div>\n<h2 class=\"Heading_heading__PlVsb\" style=\"text-align: justify;\">O significado da lepra<\/h2>\n<div style=\"text-align: justify;\">\n<p>Pois bem, a hansen\u00edase, tamb\u00e9m conhecida como lepra, \u00e9 uma doen\u00e7a que acompanha a trajet\u00f3ria da humanidade desde tempos remotos. Podendo ser encontrados registros hist\u00f3ricos em diversas civiliza\u00e7\u00f5es antigas.<\/p>\n<\/div>\n<div style=\"text-align: justify;\">\n<p>\u00c9 uma doen\u00e7a infecciosa causada por uma bact\u00e9ria (<em>Mycobacterium leprae<\/em>) transmitida de pessoa a pessoa por meio das vias a\u00e9reas (tosse, espirro etc.). A mol\u00e9stia acomete os nervos perif\u00e9ricos (estruturas respons\u00e1veis pela sensibilidade t\u00e1til e a capacidade de sentir dor, calor, frio etc.). Os sintomas variam de acordo com a resposta imunol\u00f3gica do indiv\u00edduo, mas normalmente s\u00e3o manchas claras ou vermelhas na pele, com perda de sensibilidade nas \u00e1reas afetadas. O n\u00e3o tratamento pode levar a complica\u00e7\u00f5es graves.<\/p>\n<\/div>\n<div style=\"text-align: justify;\">\n<p>Foi somente em 1873 que um m\u00e9dico noruegu\u00eas chamado Gerhard Armauer Hansen identificou a bact\u00e9ria causadora da lepra, e \u00e9 em homenagem a essa descoberta que a doen\u00e7a passou a ter o nome de \u201cDoen\u00e7a de Hansen ou Hanseniase\u201d. At\u00e9 a descoberta de Hansen, ningu\u00e9m sabia o que causava a lepra, e, ao longo da hist\u00f3ria, a doen\u00e7a foi relacionada a quest\u00f5es religiosas, culturais e sociais, sendo, inclusive, associada ao pecado e \u00e0 impureza (cf. Lev\u00edticos, cap\u00edtulos 13-14).<\/p>\n<\/div>\n<div style=\"text-align: justify;\">\n<p>N\u00e3o havendo nenhum tratamento dispon\u00edvel, os doentes eram estigmatizados e exclu\u00eddos da sociedade. Tocar ou simplesmente se aproximar de um \u201cleproso\u201d era algo impensado, e ter o diagn\u00f3stico de lepra era sin\u00f4nimo de afastamento social e morte.<\/p>\n<\/div>\n<h2 class=\"Heading_heading__PlVsb\" style=\"text-align: justify;\">A lepra nos dias de hoje<\/h2>\n<div style=\"text-align: justify;\">\n<p>Hoje, h\u00e1 tratamento para a hansen\u00edase. \u00c9 gratuito e feito com antibi\u00f3ticos. Quando diagnosticado precocemente, os riscos de complica\u00e7\u00f5es s\u00e3o m\u00ednimos. Por\u00e9m, nos tempos b\u00edblicos, n\u00e3o havia cura e o ato de Jesus em tocar em um homem \u201ccheio de lepra\u201d provavelmente surpreendeu tanto quanto a cura milagrosa a\u00ed relatada.<\/p>\n<\/div>\n<div style=\"text-align: justify;\">\n<p>Um ponto que chama menos aten\u00e7\u00e3o nessa passagem, mas que possui grande potencial instrutivo \u00e9 a resili\u00eancia do indiv\u00edduo doente. Sim, mesmo sofrendo com a doen\u00e7a, o estigma do recha\u00e7o social e estando diante de seu poss\u00edvel Salvador ele apenas disse: \u201cSe queres, podes me limpar\u201d; ou seja, ele, resiliente e humildemente, aceitou sua condi\u00e7\u00e3o e a aguardou a decis\u00e3o de Cristo. N\u00e3o exigiu sua cura, n\u00e3o se lamentou, n\u00e3o murmurou. Ao contr\u00e1rio, antes disso, ele se abaixou, pediu, e deu ao seu Salvador o poder da decis\u00e3o, deixando claro que aceitaria a vontade de Deus.<\/p>\n<\/div>\n<h2 class=\"Heading_heading__PlVsb\" style=\"text-align: justify;\">O Evangelho que ensina a resili\u00eancia<\/h2>\n<div style=\"text-align: justify;\">\n<p>A resili\u00eancia \u00e9 a capacidade de atravessar as dificuldades mantendo o equil\u00edbrio emocional. \u00c9 aceitar e crescer diante da adversidade. \u00c9 a habilidade de manter o equil\u00edbrio psicol\u00f3gico mesmo em condi\u00e7\u00f5es adversas. Publica\u00e7\u00f5es na \u00e1rea da Psicologia e da Neuroci\u00eancia demonstram a import\u00e2ncia dessa resili\u00eancia na manuten\u00e7\u00e3o da sa\u00fade mental. Frise-se que a resili\u00eancia n\u00e3o \u00e9 inata, mas desenvolvida e aprimorada ao longo da vida e, neste quesito, a f\u00e9 e a cren\u00e7a religiosa fornecem suporte emocional, sentido de significado e prop\u00f3sito durante o enfrentamento das dificuldades. Neste mesmo sentido, diversos estudos evidenciam o seguinte: indiv\u00edduos religiosos que atravessam tratamentos ou enfrentam doen\u00e7as graves apreciam estas condi\u00e7\u00f5es como uma experi\u00eancia espiritual. Isso, sem d\u00favida, contribui para que as pessoas atravessem estes momentos com resili\u00eancia; por isso, o fazem de forma positiva e construtiva.<\/p>\n<\/div>\n<div>\n<p style=\"text-align: justify;\">S\u00e3o Lucas, m\u00e9dico de homem e de almas, ao escrever estes dois vers\u00edculos nos oferece uma grande li\u00e7\u00e3o: a import\u00e2ncia da f\u00e9 e da resili\u00eancia para atravessar as dificuldades e os obst\u00e1culos da vida.<\/p>\n<\/div>\n","protected":false},"excerpt":{"rendered":"<p>N\u00e3o havendo nenhum tratamento dispon\u00edvel, os doentes eram estigmatizados e exclu\u00eddos da sociedade No Evangelho de S\u00e3o Lucas s\u00e3o descritos diversos milagres e curas de Jesus, mas uma passagem em especial chama aten\u00e7\u00e3o, tanto pela import\u00e2ncia que a doen\u00e7a ainda tem nos dias de hoje, quanto pelo comportamento do homem ao pedir a sua cura. [&hellip;]<\/p>\n","protected":false},"author":1,"featured_media":93234,"comment_status":"open","ping_status":"closed","sticky":false,"template":"","format":"standard","meta":{"footnotes":""},"categories":[4],"tags":[],"class_list":["post-93233","post","type-post","status-publish","format-standard","has-post-thumbnail","hentry","category-cotidiano"],"_links":{"self":[{"href":"https:\/\/catolicanet.net\/wp-cnet\/wp-json\/wp\/v2\/posts\/93233","targetHints":{"allow":["GET"]}}],"collection":[{"href":"https:\/\/catolicanet.net\/wp-cnet\/wp-json\/wp\/v2\/posts"}],"about":[{"href":"https:\/\/catolicanet.net\/wp-cnet\/wp-json\/wp\/v2\/types\/post"}],"author":[{"embeddable":true,"href":"https:\/\/catolicanet.net\/wp-cnet\/wp-json\/wp\/v2\/users\/1"}],"replies":[{"embeddable":true,"href":"https:\/\/catolicanet.net\/wp-cnet\/wp-json\/wp\/v2\/comments?post=93233"}],"version-history":[{"count":1,"href":"https:\/\/catolicanet.net\/wp-cnet\/wp-json\/wp\/v2\/posts\/93233\/revisions"}],"predecessor-version":[{"id":93236,"href":"https:\/\/catolicanet.net\/wp-cnet\/wp-json\/wp\/v2\/posts\/93233\/revisions\/93236"}],"wp:featuredmedia":[{"embeddable":true,"href":"https:\/\/catolicanet.net\/wp-cnet\/wp-json\/wp\/v2\/media\/93234"}],"wp:attachment":[{"href":"https:\/\/catolicanet.net\/wp-cnet\/wp-json\/wp\/v2\/media?parent=93233"}],"wp:term":[{"taxonomy":"category","embeddable":true,"href":"https:\/\/catolicanet.net\/wp-cnet\/wp-json\/wp\/v2\/categories?post=93233"},{"taxonomy":"post_tag","embeddable":true,"href":"https:\/\/catolicanet.net\/wp-cnet\/wp-json\/wp\/v2\/tags?post=93233"}],"curies":[{"name":"wp","href":"https:\/\/api.w.org\/{rel}","templated":true}]}}