{"id":93229,"date":"2025-02-25T10:10:31","date_gmt":"2025-02-25T13:10:31","guid":{"rendered":"https:\/\/catolicanet.net\/wp-cnet\/?p=93229"},"modified":"2025-02-25T14:12:53","modified_gmt":"2025-02-25T17:12:53","slug":"documentario-de-carlo-acutis-sera-lancado-no-dia-da-canonizacao","status":"publish","type":"post","link":"https:\/\/catolicanet.net\/wp-cnet\/documentario-de-carlo-acutis-sera-lancado-no-dia-da-canonizacao\/","title":{"rendered":"Document\u00e1rio de Carlo Acutis ser\u00e1 lan\u00e7ado no dia da canoniza\u00e7\u00e3o"},"content":{"rendered":"<p style=\"text-align: justify;\"><span class=\"SubHeading_subheading__NJ_eJ\" aria-label=\"post subtitle\">Document\u00e1rio sobre o primeiro santo millenial ter\u00e1 entrevistas da fam\u00edlia e amigos de Acutis, e uma peregrina\u00e7\u00e3o de adolescentes em dire\u00e7\u00e3o ao seu t\u00famulo.<\/span><\/p>\n<div style=\"text-align: justify;\"><\/div>\n<div style=\"text-align: justify;\">\n<p>Pouco depois de ter sido anunciado que o Beato Carlo Acutis seria canonizado em 2025 como a primeiro santo millenial, a Fathom Events e a Castletown Media revelaram um document\u00e1rio intitulado Carlo Acutis: Roteiro para a realidade<em>.<\/em>\u00a0Agora, fois anunciada a data para que o filme chegue aos cinemas, e echegar\u00e1 no mesmo dia em que a Igreja receber\u00e1 o Beato Carlo Acutis no calend\u00e1rio dos santos.<\/p>\n<\/div>\n<div style=\"text-align: justify;\">\n<p><a title=\"\" href=\"https:\/\/aleteia.org\/2024\/07\/05\/documentary-on-carlo-acutis-coming-to-theaters-in-2025\" target=\"_blank\" rel=\"noopener\"><em>A Aleteia\u00a0<\/em>relatou anteriormente<\/a>\u00a0que\u00a0<em>o\u00a0<\/em>document\u00e1rio combinar\u00e1 cenas de anima\u00e7\u00e3o e a\u00e7\u00e3o ao vivo com entrevistas em estilo document\u00e1rio com sua fam\u00edlia e amigos para contar a hist\u00f3ria de vida do Beato Carlo Acutis. Completado por entrevistas com estudiosos sobre a vida do jovem, espera-se que o document\u00e1rio seja um olhar abrangente sobre os 15 anos de Carlo.<\/p>\n<\/div>\n<div style=\"text-align: justify;\">\n<p>Entre os entrevistados est\u00e3o especialistas em tecnologia que explorar\u00e3o as obras digitais do Beato Carlo Acutis, enquanto examinam como a paisagem virtual atual amea\u00e7a a compreens\u00e3o fundamental do que significa ser humano. O document\u00e1rio tamb\u00e9m segue um grupo de estudantes do Ensino M\u00e9dio da idade de Acutis que fazem uma peregrina\u00e7\u00e3o de duas semanas de Dakota do Norte \u00e0 It\u00e1lia para visitar seu t\u00famulo. Em sua viagem, eles deixam seus telefones em casa e se desligam completamente da tecnologia.<\/p>\n<\/div>\n<h2 class=\"Heading_heading__PlVsb\" style=\"text-align: justify;\">Pelo menos 2 dias nos cinemas<\/h2>\n<div style=\"text-align: justify;\">\n<p>Agora, os cineastas anunciaram quando o document\u00e1rio ser\u00e1 lan\u00e7ado nos cinemas dos EUA. A\u00a0 pr\u00e9-estreia ser\u00e1 no mesmo dia em que o adolescente italiano ser\u00e1 canonizado no Vaticano, 27 de abril, mas o filme manter\u00e1 a celebra\u00e7\u00e3o nos cinemas at\u00e9 29 de abril.<\/p>\n<\/div>\n<div style=\"text-align: justify;\">\n<p>Tim Moriarty, diretor executivo da Castletown Media e diretor do filme, explicou que Castletown espera que a Fathom Events possa estender o alcance deste importante filme, como fez anteriormente com os filmes religiosos<a href=\"https:\/\/aleteia.org\/2022\/09\/05\/new-mother-teresa-documentary-celebrates-saints-life-on-25th-anniversary\">\u00a0<em>Madre\u00a0<\/em><\/a><em><a title=\"\" href=\"https:\/\/aleteia.org\/2022\/09\/05\/new-mother-teresa-documentary-celebrates-saints-life-on-25th-anniversary\" target=\"_blank\" rel=\"noopener\">Teresa<\/a><\/em><a href=\"https:\/\/aleteia.org\/2022\/09\/05\/new-mother-teresa-documentary-celebrates-saints-life-on-25th-anniversary\"><em>: N\u00e3o h\u00e1 Amor Maior<\/em><\/a>, para os Cavaleiros de Colombo, e<a title=\"\" href=\"https:\/\/aleteia.org\/2024\/06\/01\/just-in-time-for-eucharistic-revival-jesus-is-on-the-big-screen\" target=\"_blank\" rel=\"noopener\">\u00a0<em>Jesus Sede: O\u00a0<\/em><\/a><em><a title=\"\" href=\"https:\/\/aleteia.org\/2024\/06\/01\/just-in-time-for-eucharistic-revival-jesus-is-on-the-big-screen\" target=\"_blank\" rel=\"noopener\">Milagre<\/a><\/em><a href=\"https:\/\/aleteia.org\/2024\/06\/01\/just-in-time-for-eucharistic-revival-jesus-is-on-the-big-screen\"><em>\u00a0da\u00a0<\/em><\/a><em><a title=\"\" href=\"https:\/\/aleteia.org\/2024\/06\/01\/just-in-time-for-eucharistic-revival-jesus-is-on-the-big-screen\" target=\"_blank\" rel=\"noopener\">Eucaristia<\/a><\/em>.<\/p>\n<\/div>\n<div style=\"text-align: justify;\"><\/div>\n<div>\n<p style=\"text-align: justify;\">Moriarty comentou sobre o Beato Carlo Acutis: &#8220;Carlo teria 34 anos este ano. Se ele ainda estivesse vivo, tenho certeza de que teria ajudado as pessoas a navegar por essa incr\u00edvel encruzilhada que estamos enfrentando \u2013 gerenciando o impacto da tecnologia sobre os jovens, atraindo-os para uma devo\u00e7\u00e3o a Cristo na Eucaristia&#8221;.<\/p>\n<\/div>\n","protected":false},"excerpt":{"rendered":"<p>Document\u00e1rio sobre o primeiro santo millenial ter\u00e1 entrevistas da fam\u00edlia e amigos de Acutis, e uma peregrina\u00e7\u00e3o de adolescentes em dire\u00e7\u00e3o ao seu t\u00famulo. Pouco depois de ter sido anunciado que o Beato Carlo Acutis seria canonizado em 2025 como a primeiro santo millenial, a Fathom Events e a Castletown Media revelaram um document\u00e1rio intitulado [&hellip;]<\/p>\n","protected":false},"author":1,"featured_media":93230,"comment_status":"open","ping_status":"closed","sticky":false,"template":"","format":"standard","meta":{"footnotes":""},"categories":[4],"tags":[],"class_list":["post-93229","post","type-post","status-publish","format-standard","has-post-thumbnail","hentry","category-cotidiano"],"_links":{"self":[{"href":"https:\/\/catolicanet.net\/wp-cnet\/wp-json\/wp\/v2\/posts\/93229","targetHints":{"allow":["GET"]}}],"collection":[{"href":"https:\/\/catolicanet.net\/wp-cnet\/wp-json\/wp\/v2\/posts"}],"about":[{"href":"https:\/\/catolicanet.net\/wp-cnet\/wp-json\/wp\/v2\/types\/post"}],"author":[{"embeddable":true,"href":"https:\/\/catolicanet.net\/wp-cnet\/wp-json\/wp\/v2\/users\/1"}],"replies":[{"embeddable":true,"href":"https:\/\/catolicanet.net\/wp-cnet\/wp-json\/wp\/v2\/comments?post=93229"}],"version-history":[{"count":1,"href":"https:\/\/catolicanet.net\/wp-cnet\/wp-json\/wp\/v2\/posts\/93229\/revisions"}],"predecessor-version":[{"id":93232,"href":"https:\/\/catolicanet.net\/wp-cnet\/wp-json\/wp\/v2\/posts\/93229\/revisions\/93232"}],"wp:featuredmedia":[{"embeddable":true,"href":"https:\/\/catolicanet.net\/wp-cnet\/wp-json\/wp\/v2\/media\/93230"}],"wp:attachment":[{"href":"https:\/\/catolicanet.net\/wp-cnet\/wp-json\/wp\/v2\/media?parent=93229"}],"wp:term":[{"taxonomy":"category","embeddable":true,"href":"https:\/\/catolicanet.net\/wp-cnet\/wp-json\/wp\/v2\/categories?post=93229"},{"taxonomy":"post_tag","embeddable":true,"href":"https:\/\/catolicanet.net\/wp-cnet\/wp-json\/wp\/v2\/tags?post=93229"}],"curies":[{"name":"wp","href":"https:\/\/api.w.org\/{rel}","templated":true}]}}