{"id":93225,"date":"2025-02-25T10:06:14","date_gmt":"2025-02-25T13:06:14","guid":{"rendered":"https:\/\/catolicanet.net\/wp-cnet\/?p=93225"},"modified":"2025-02-25T14:10:12","modified_gmt":"2025-02-25T17:10:12","slug":"9-santos-que-foram-atletas","status":"publish","type":"post","link":"https:\/\/catolicanet.net\/wp-cnet\/9-santos-que-foram-atletas\/","title":{"rendered":"9 santos que foram atletas"},"content":{"rendered":"<p style=\"text-align: justify;\"><span class=\"SubHeading_subheading__NJ_eJ\" aria-label=\"post subtitle\">Os amantes do esporte, jovens e idosos, podem encontrar inspira\u00e7\u00e3o nesses homens e mulheres<\/span><\/p>\n<h2 class=\"RichList_wrapper__l0kVU\" style=\"text-align: justify;\"><strong class=\"RichList_strong__koiGs\">1 A bem-aventurada Chiara Badano (1971-1990)<\/strong><\/h2>\n<div style=\"text-align: justify;\">\n<p>Era esquiadora, nadadora e, principalmente, tenista. Ela adorava cantar e dan\u00e7ar e era conhecida por seu enorme sorriso. Esse sorriso radiante n\u00e3o se abalou quando ela recebeu um diagn\u00f3stico de c\u00e2ncer \u00f3sseo que a tirou da quadra de t\u00eanis e da pista de dan\u00e7a e a confinou a uma enfermaria de oncologia pelo resto de sua curta vida. Durante sua doen\u00e7a, ela orou: &#8220;Jesus, se voc\u00ea quiser, eu tamb\u00e9m quero&#8221;.<\/p>\n<\/div>\n<h2 class=\"RichList_wrapper__l0kVU\" style=\"text-align: justify;\"><strong class=\"RichList_strong__koiGs\">2 O beato Bento Daswa (1946-1990)<\/strong><\/h2>\n<div style=\"text-align: justify;\">\n<p>Foi um convertido sul-africano ao cristianismo, professor, diretor, marido, pai de oito filhos e jogador de futebol. Ele foi um grande defensor do atletismo como forma de educar os jovens e treinou outros professores em futebol, v\u00f4lei e h\u00f3quei. Quando o time de futebol que ele fundou come\u00e7ou a tentar usar a artif\u00edcios locais de bruxaria para ganhar jogos, Bento se op\u00f4s. Por fim, ele deixou a equipe e fundou outra, da qual tamb\u00e9m era dirigente. Sua oposi\u00e7\u00e3o \u00e0 magia negra mais tarde levou ao seu mart\u00edrio pelas m\u00e3os de seus amigos e vizinhos.<\/p>\n<\/div>\n<h2 class=\"RichList_wrapper__l0kVU\" style=\"text-align: justify;\"><strong class=\"RichList_strong__koiGs\">3 A vener\u00e1vel Teresita Quevedo (1930-1950)<\/strong><\/h2>\n<div style=\"text-align: justify;\">\n<p>Foi capit\u00e3 do time de basquete do ensino m\u00e9dio e uma estrela do t\u00eanis. Era extremamente talentosa na quadra de t\u00eanis. Preocupada com o fato das vit\u00f3rias inflarem seu orgulho, ela pedia \u00e0 Virgem Maria n\u00e3o a vit\u00f3ria, mas o que fosse mais agrad\u00e1vel a Jesus.<\/p>\n<\/div>\n<h2 class=\"RichList_wrapper__l0kVU\" style=\"text-align: justify;\"><strong class=\"RichList_strong__koiGs\">4 O Papa S\u00e3o Jo\u00e3o Paulo II (1920-2005)<\/strong><\/h2>\n<div style=\"text-align: justify;\">\n<p>Falou com frequ\u00eancia sobre o poder do\u00a0<a title=\"\" href=\"https:\/\/www.vaticannews.va\/pt\/vaticano\/news\/2025-02\/encontro-internacional-direitos-criancas-paz-brincadeira-feridas.html\">esporte<\/a>\u00a0para ajudar no desenvolvimento das almas jovens, dizendo uma vez:\u00a0<em>O esporte contribui para o amor \u00e0 vida e ensina sacrif\u00edcio, respeito e responsabilidade, levando ao pleno desenvolvimento de toda pessoa humana<\/em>. Isso n\u00e3o era mera teoria, \u00e9 claro. O pr\u00f3prio Papa era esquiador, um homem do ar livre que gostava de fazer trilhas e pescar e um atleta para quem se manter ativo era t\u00e3o importante que ele tinha uma piscina instalada em sua resid\u00eancia de ver\u00e3o para poder ficar em forma. Quando alguns cardeais questionaram a despesa, ele brincou dizendo que era mais barato que outro conclave.<\/p>\n<\/div>\n<h2 class=\"RichList_wrapper__l0kVU\" style=\"text-align: justify;\"><strong class=\"RichList_strong__koiGs\">5 O beato Pier Giorgio Frassati (1901-1925)<\/strong><\/h2>\n<div style=\"text-align: justify;\">\n<p>adorava escalar montanhas &#8211; as fotografias o mostram em posi\u00e7\u00f5es dif\u00edceis &#8211; andar a cavalo e esquiar. Ele enfrentou os fascistas, serviu aos pobres, apreciou o teatro e saia furtivamente de casa para participar da missa di\u00e1ria.<\/p>\n<\/div>\n<h2 class=\"RichList_wrapper__l0kVU\" style=\"text-align: justify;\"><strong class=\"RichList_strong__koiGs\">6 Santa Teresa dos Andes (1900-1920)<\/strong><\/h2>\n<div style=\"text-align: justify;\">\n<p>Era uma garota chilena que adorava nadar (na piscina e no mar) e andar a cavalo. Teresa tamb\u00e9m jogava t\u00eanis e croquet, adorava cantar e tocar viol\u00e3o e era uma excelente dan\u00e7arina. Embora ela lutasse com seu temperamento e teimosia, seguiu para o Carmelo e tornou-se freira.<\/p>\n<\/div>\n<h2 class=\"RichList_wrapper__l0kVU\" style=\"text-align: justify;\"><strong class=\"RichList_strong__koiGs\">7 St. Philip Evans (1645-1679)<\/strong><\/h2>\n<div style=\"text-align: justify;\"><\/div>\n<div style=\"text-align: justify;\">\n<p>Foi um jesu\u00edta gal\u00eas ordenado na B\u00e9lgica e enviado de volta ao Pa\u00eds de Gales para servir como padre disfar\u00e7ado. Depois de ser preso por esse crime, passou o tempo na cadeia tocando harpa e jogando t\u00eanis. Quando um carcereiro foi enviado para inform\u00e1-lo que sua execu\u00e7\u00e3o havia sido marcada para o dia seguinte, interrompendo sua partida de t\u00eanis para lev\u00e1-lo de volta \u00e0 pris\u00e3o, Philip Evans respondeu: \u201cPra qu\u00ea pressa? Deixe-me primeiro terminar meu jogo\u201d.<\/p>\n<\/div>\n<h2 class=\"RichList_wrapper__l0kVU\" style=\"text-align: justify;\"><strong class=\"RichList_strong__koiGs\">8 St. Jean de Brebeuf (1593-1649)<\/strong><\/h2>\n<div style=\"text-align: justify;\">\n<p>Embora n\u00e3o haja registro de\u00a0<strong>St. Jean de Brebeuf<\/strong>\u00a0(1593-1649) praticando esportes organizados, ele foi quem deu ao jogo do lacrosse o nome pelo qual \u00e9 conhecido h\u00e1 s\u00e9culos. Seu povo no Canad\u00e1 o apelidou de &#8220;Echon&#8221;, o forte, e ficou chocado com sua for\u00e7a f\u00edsica em carregar fardos e remar grandes canoas. At\u00e9 os iroqueses que o martirizaram ficaram impressionados com sua coragem e resist\u00eancia sob tortura. Esses nativos comeram seu cora\u00e7\u00e3o ap\u00f3s mat\u00e1-lo, na expectativa de absorver suas for\u00e7as.<\/p>\n<\/div>\n<h2 class=\"RichList_wrapper__l0kVU\" style=\"text-align: justify;\"><strong class=\"RichList_strong__koiGs\">9 S\u00e3o Sebasti\u00e3o<\/strong><\/h2>\n<div style=\"text-align: justify;\">\n<p>Durante s\u00e9culos, os atletas cat\u00f3licos t\u00eam rezado para S\u00e3o Sebasti\u00e3o como seu patrono. Soldado romano que foi atingido por flechas e recuperou a sa\u00fade, Sebasti\u00e3o voltou a pregar o Evangelho mais uma vez e foi martirizado por isso.<\/p>\n<\/div>\n<div>\n<p style=\"text-align: justify;\">Embora sua perseveran\u00e7a em ser &#8220;martirizado duas vezes&#8221; o torne um intercessor qualificado dos ultramaratonistas, n\u00e3o h\u00e1 evid\u00eancias de que S\u00e3o Sebasti\u00e3o tenha participado de esportes organizados. Mas felizmente para os atletas cat\u00f3licos, h\u00e1 muitos santos que sim.<\/p>\n<\/div>\n","protected":false},"excerpt":{"rendered":"<p>Os amantes do esporte, jovens e idosos, podem encontrar inspira\u00e7\u00e3o nesses homens e mulheres 1 A bem-aventurada Chiara Badano (1971-1990) Era esquiadora, nadadora e, principalmente, tenista. Ela adorava cantar e dan\u00e7ar e era conhecida por seu enorme sorriso. Esse sorriso radiante n\u00e3o se abalou quando ela recebeu um diagn\u00f3stico de c\u00e2ncer \u00f3sseo que a tirou [&hellip;]<\/p>\n","protected":false},"author":1,"featured_media":93226,"comment_status":"open","ping_status":"closed","sticky":false,"template":"","format":"standard","meta":{"footnotes":""},"categories":[4,13],"tags":[],"class_list":["post-93225","post","type-post","status-publish","format-standard","has-post-thumbnail","hentry","category-cotidiano","category-featured"],"_links":{"self":[{"href":"https:\/\/catolicanet.net\/wp-cnet\/wp-json\/wp\/v2\/posts\/93225","targetHints":{"allow":["GET"]}}],"collection":[{"href":"https:\/\/catolicanet.net\/wp-cnet\/wp-json\/wp\/v2\/posts"}],"about":[{"href":"https:\/\/catolicanet.net\/wp-cnet\/wp-json\/wp\/v2\/types\/post"}],"author":[{"embeddable":true,"href":"https:\/\/catolicanet.net\/wp-cnet\/wp-json\/wp\/v2\/users\/1"}],"replies":[{"embeddable":true,"href":"https:\/\/catolicanet.net\/wp-cnet\/wp-json\/wp\/v2\/comments?post=93225"}],"version-history":[{"count":1,"href":"https:\/\/catolicanet.net\/wp-cnet\/wp-json\/wp\/v2\/posts\/93225\/revisions"}],"predecessor-version":[{"id":93228,"href":"https:\/\/catolicanet.net\/wp-cnet\/wp-json\/wp\/v2\/posts\/93225\/revisions\/93228"}],"wp:featuredmedia":[{"embeddable":true,"href":"https:\/\/catolicanet.net\/wp-cnet\/wp-json\/wp\/v2\/media\/93226"}],"wp:attachment":[{"href":"https:\/\/catolicanet.net\/wp-cnet\/wp-json\/wp\/v2\/media?parent=93225"}],"wp:term":[{"taxonomy":"category","embeddable":true,"href":"https:\/\/catolicanet.net\/wp-cnet\/wp-json\/wp\/v2\/categories?post=93225"},{"taxonomy":"post_tag","embeddable":true,"href":"https:\/\/catolicanet.net\/wp-cnet\/wp-json\/wp\/v2\/tags?post=93225"}],"curies":[{"name":"wp","href":"https:\/\/api.w.org\/{rel}","templated":true}]}}