{"id":93221,"date":"2025-02-25T10:01:12","date_gmt":"2025-02-25T13:01:12","guid":{"rendered":"https:\/\/catolicanet.net\/wp-cnet\/?p=93221"},"modified":"2025-02-25T14:02:20","modified_gmt":"2025-02-25T17:02:20","slug":"papa-francisco-aceita-renuncia-de-dom-gorgonio-da-encarnacao-e-nomeia-dom-luiz-ricci-para-itapetininga-sp","status":"publish","type":"post","link":"https:\/\/catolicanet.net\/wp-cnet\/papa-francisco-aceita-renuncia-de-dom-gorgonio-da-encarnacao-e-nomeia-dom-luiz-ricci-para-itapetininga-sp\/","title":{"rendered":"Papa Francisco aceita ren\u00fancia de dom Gorg\u00f4nio da Encarna\u00e7\u00e3o e nomeia dom Luiz Ricci para Itapetininga (SP)"},"content":{"rendered":"<p style=\"text-align: justify;\"><span data-contrast=\"auto\">O Papa Francisco acolheu, nesta ter\u00e7a-feira, 25 de fevereiro, o pedido de ren\u00fancia apresentado por dom Gorg\u00f4nio Alves da Encarna\u00e7\u00e3o ao governo da diocese de Itapetininga (SP). Vai suceder a dom Gorg\u00f4nio o atual bispo de Nova Friburgo (RJ), dom Luiz Ant\u00f4nio Lopes Ricci. A Presid\u00eancia da Confer\u00eancia Nacional dos Bispos do Brasil (CNBB) enviou mensagem de agradecimento ao agora bispo em\u00e9rito e sauda\u00e7\u00e3o ao bispo que assumir\u00e1 nova miss\u00e3o.\u00a0<\/span><span data-ccp-props=\"{}\">\u00a0<\/span><\/p>\n<p style=\"text-align: justify;\"><span data-ccp-props=\"{}\">\u00a0<\/span><\/p>\n<blockquote>\n<h3><span data-contrast=\"auto\">Sauda\u00e7\u00e3o ao novo Bispo de Itapetininga<\/span><span data-ccp-props=\"{}\">\u00a0<\/span><\/h3>\n<p><span data-contrast=\"auto\">Estimado irm\u00e3o, Dom Luiz Ant\u00f4nio Lopes Ricci,<\/span><span data-ccp-props=\"{}\">\u00a0<\/span><\/p>\n<p><span data-contrast=\"auto\">Recebemos, com alegria, a not\u00edcia de sua nomea\u00e7\u00e3o como novo Bispo da Diocese de Itapetininga, em S\u00e3o Paulo. Agradecidos pela sua disponibilidade em servir \u00e0 Igreja, nas diversas fun\u00e7\u00f5es, desejamos que seu governo pastoral na nova diocese seja frutuoso, assim como tem sido em Nova Friburgo.\u00a0<\/span><span data-ccp-props=\"{}\">\u00a0<\/span><\/p>\n<p><span data-contrast=\"auto\">Confiamos seu minist\u00e9rio e a nova miss\u00e3o \u00e0 intercess\u00e3o de Nossa Senhora dos Prazeres, padroeira da cidade de Itapetininga.<\/span><span data-ccp-props=\"{}\">\u00a0<\/span><\/p>\n<p><span data-contrast=\"auto\">Em Cristo,\u00a0<\/span><span data-ccp-props=\"{}\">\u00a0<\/span><\/p>\n<p><strong>Cardeal Jaime Spengler\u00a0<\/strong><br \/>\n<span data-contrast=\"auto\">Arcebispo de Porto Alegre (RS)<\/span><br \/>\n<span data-contrast=\"auto\">Presidente da CNBB<\/span><span data-ccp-props=\"{}\">\u00a0<\/span><\/p>\n<p><strong>Dom Jo\u00e3o Justino de Medeiros da Silva\u00a0<\/strong><br \/>\n<span data-contrast=\"auto\">Arcebispo de Goi\u00e2nia (GO)<\/span><br \/>\n<span data-contrast=\"auto\">1\u00ba Vice- Presidente da CNBB<\/span><span data-ccp-props=\"{}\">\u00a0<\/span><\/p>\n<p><strong>Dom Paulo Jackson N\u00f3brega de Sousa\u00a0<\/strong><br \/>\n<span data-contrast=\"auto\">Arcebispo de Olinda e Recife (PE)<\/span><br \/>\n<span data-contrast=\"auto\">2\u00ba Vice-Presidente da CNBB<\/span><span data-ccp-props=\"{}\">\u00a0<\/span><\/p>\n<p><strong>Dom Ricardo Hoepers\u00a0<\/strong><br \/>\n<span data-contrast=\"auto\">Bispo Auxiliar da Arquidiocese de Bras\u00edlia (DF)<\/span><br \/>\n<span data-contrast=\"auto\">Secret\u00e1rio-Geral da CNBB<\/span><span data-ccp-props=\"{}\">\u00a0<\/span><\/p><\/blockquote>\n<p style=\"text-align: justify;\"><span data-ccp-props=\"{}\">\u00a0<\/span><\/p>\n<blockquote>\n<h3><span data-contrast=\"auto\">Agradecimento<\/span><span data-ccp-props=\"{}\">\u00a0da CNBB a Dom Gorg\u00f4nio Alves da Encarna\u00e7\u00e3o\u00a0<\/span><\/h3>\n<p><span data-contrast=\"auto\">Estimado irm\u00e3o, Dom Gorg\u00f4nio,<\/span><span data-ccp-props=\"{}\">\u00a0<\/span><\/p>\n<p><span data-contrast=\"auto\">Ao receber a not\u00edcia de que o Santo Padre, o Papa Francisco, aceitou seu pedido de ren\u00fancia ao governo pastoral da Diocese de Itapetininga, em S\u00e3o Paulo, cabe-nos fazer mem\u00f3ria da total doa\u00e7\u00e3o de seu minist\u00e9rio episcopal a essa Igreja Particular desde a sua instala\u00e7\u00e3o.\u00a0<\/span><span data-ccp-props=\"{}\">\u00a0<\/span><\/p>\n<p><span data-contrast=\"auto\">S\u00e3o quase 27 anos de episcopado cuja hist\u00f3ria, podemos assim dizer, pode ser lida na hist\u00f3ria da Diocese de Itapetininga. Naquele 19 de julho de 1998, na Catedral Nossa Senhora dos Prazeres, era instalada a diocese e ordenado o bispo que, tamb\u00e9m no mesmo dia, tomava posse.\u00a0Desde ent\u00e3o, v\u00e1rios frutos t\u00eam sido dados para a Igreja.\u00a0<\/span><span data-ccp-props=\"{}\">\u00a0<\/span><\/p>\n<p><span data-contrast=\"auto\">Neste momento em que se torna bispo em\u00e9rito, rogamos \u00e0 M\u00e3e Aparecida que o acompanhe nesta nova etapa de seu minist\u00e9rio.\u00a0<\/span><span data-ccp-props=\"{}\">\u00a0<\/span><\/p>\n<p><span data-contrast=\"auto\">Em Cristo,<\/span><span data-ccp-props=\"{}\">\u00a0<\/span><\/p>\n<p><strong>Cardeal Jaime Spengler\u00a0<\/strong><br \/>\n<span data-contrast=\"auto\">Arcebispo de Porto Alegre (RS)<\/span><br \/>\n<span data-contrast=\"auto\">Presidente da CNBB<\/span><span data-ccp-props=\"{}\">\u00a0<\/span><\/p>\n<p><strong>Dom Jo\u00e3o Justino de Medeiros da Silva\u00a0<\/strong><br \/>\n<span data-contrast=\"auto\">Arcebispo de Goi\u00e2nia (GO)<\/span><br \/>\n<span data-contrast=\"auto\">1\u00ba Vice- Presidente da CNBB<\/span><span data-ccp-props=\"{}\">\u00a0<\/span><\/p>\n<p><strong>Dom Paulo Jackson N\u00f3brega de Sousa\u00a0<\/strong><br \/>\n<span data-contrast=\"auto\">Arcebispo de Olinda e Recife (PE)<\/span><br \/>\n<span data-contrast=\"auto\">2\u00ba Vice-Presidente da CNBB<\/span><span data-ccp-props=\"{}\">\u00a0<\/span><\/p>\n<p><strong>Dom Ricardo Hoepers\u00a0<\/strong><br \/>\n<span data-contrast=\"auto\">Bispo Auxiliar da Arquidiocese de Bras\u00edlia (DF)<\/span><br \/>\n<span data-contrast=\"auto\">Secret\u00e1rio-Geral da CNBB<\/span><span data-ccp-props=\"{}\">\u00a0<\/span><\/p><\/blockquote>\n<p style=\"text-align: justify;\"><span data-ccp-props=\"{}\">\u00a0<\/span><\/p>\n<h3 style=\"text-align: justify;\"><span data-contrast=\"auto\">Novo bispo diocesano<\/span><span data-ccp-props=\"{}\">\u00a0<\/span><\/h3>\n<p style=\"text-align: justify;\"><span data-contrast=\"auto\">O novo bispo de Itapetininga, dom Luiz Ant\u00f4nio Lopes Ricci, nasceu no dia 16 de maio de 1966, em Bauru. Foi ordenado presb\u00edtero em 10 de julho de 1997 em sua cidade natal e, em 10 de maio de 2017, foi designado pelo Papa Francisco como bispo auxiliar de Niter\u00f3i (RJ), tendo recebido a ordena\u00e7\u00e3o episcopal no dia 16 de julho 2017 no Santu\u00e1rio do Sagrado Cora\u00e7\u00e3o de Jesus, em Bauru.<\/span><span data-ccp-props=\"{}\">\u00a0<\/span><\/p>\n<p style=\"text-align: justify;\"><span data-contrast=\"auto\">Em sua forma\u00e7\u00e3o acad\u00eamica, possui gradua\u00e7\u00e3o em Teologia pela Faculdade Jo\u00e3o Paulo II; gradua\u00e7\u00e3o e licenciatura plena em Filosofia pela Universidade do Sagrado Cora\u00e7\u00e3o (1996); mestrado (1999) e doutorado (2007) em Teologia Moral pela Pontif\u00edcia Universidade Lateranense.<\/span><span data-ccp-props=\"{}\">\u00a0<\/span><\/p>\n<p style=\"text-align: justify;\"><span data-contrast=\"auto\">Antes do episcopado, exerceu diversas fun\u00e7\u00f5es na diocese de Bauru: p\u00e1roco; administrador paroquial; professor titular de Teologia Moral, Bio\u00e9tica e Virtudes na Faculdade Jo\u00e3o Paulo II (1999 \u2013 2004 e 2008 \u2013 2017); reitor do Semin\u00e1rio Provincial Sagrado Cora\u00e7\u00e3o de Jesus (2000 \u2013 2004); coordenador diocesano de Pastoral (2008 \u2013 2009); assessor diocesano da Pastoral da Crian\u00e7a e membro do Col\u00e9gio dos Consultores;\u00a0membro do Conselho Presbiteral e vig\u00e1rio geral da diocese de Bauru. Dom Ant\u00f4nio ainda foi diretor na Faculdade Jo\u00e3o Paulo II, em Mar\u00edlia, de 2016 a 2017.<\/span><span data-ccp-props=\"{}\">\u00a0<\/span><\/p>\n<p style=\"text-align: justify;\"><span data-contrast=\"auto\">Atualmente, dom Luiz \u00e9 o bispo referencial nacional da Pastoral da Aids. No Regional Leste 1 da CNBB, \u00e9 membro da Comiss\u00e3o para a A\u00e7\u00e3o Sociotransformadora e referencial da Comiss\u00e3o de Direitos Humanos e Justi\u00e7a e Paz e da Pastoral Carcer\u00e1ria.<\/span><span data-ccp-props=\"{}\">\u00a0<\/span><\/p>\n<p style=\"text-align: justify;\"><span data-ccp-props=\"{}\">\u00a0<\/span><\/p>\n<p style=\"text-align: justify;\"><span data-ccp-props=\"{}\">\u00a0<\/span><\/p>\n<h3 style=\"text-align: justify;\"><span data-contrast=\"auto\">Novo bispo em\u00e9rito<\/span><span data-ccp-props=\"{}\">\u00a0<\/span><\/h3>\n<p style=\"text-align: justify;\"><span data-contrast=\"auto\">Nascido em 17 de setembro de 1949, em Fartura (SP), \u00e9 filho de Janu\u00e1rio da Encarna\u00e7\u00e3o e Maria Concei\u00e7\u00e3o N\u00f3brega da Encarna\u00e7\u00e3o.<\/span><span data-ccp-props=\"{}\">\u00a0<\/span><\/p>\n<p style=\"text-align: justify;\"><img loading=\"lazy\" decoding=\"async\" class=\"aligncenter size-full wp-image-977862\" src=\"https:\/\/www.cnbb.org.br\/wp-content\/uploads\/2025\/02\/Dom-Gorgonio-Alves-da-Encarnacao.png\" sizes=\"auto, (max-width: 1202px) 100vw, 1202px\" srcset=\"https:\/\/www.cnbb.org.br\/wp-content\/uploads\/2025\/02\/Dom-Gorgonio-Alves-da-Encarnacao.png 1202w, https:\/\/www.cnbb.org.br\/wp-content\/uploads\/2025\/02\/Dom-Gorgonio-Alves-da-Encarnacao-300x159.png 300w, https:\/\/www.cnbb.org.br\/wp-content\/uploads\/2025\/02\/Dom-Gorgonio-Alves-da-Encarnacao-1024x542.png 1024w, https:\/\/www.cnbb.org.br\/wp-content\/uploads\/2025\/02\/Dom-Gorgonio-Alves-da-Encarnacao-768x406.png 768w, https:\/\/www.cnbb.org.br\/wp-content\/uploads\/2025\/02\/Dom-Gorgonio-Alves-da-Encarnacao-500x265.png 500w\" alt=\"\" width=\"1202\" height=\"636\" \/><\/p>\n<p style=\"text-align: justify;\"><span data-contrast=\"auto\">Em 1961, foi admitido como membro da primeira turma de seminaristas menores do Semin\u00e1rio S\u00e3o Pio X, dos Padres Teatinos do Brasil. Neste mesmo semin\u00e1rio concluiu o segundo grau e, em seguida, foi admitido ao noviciado. Cursou a Faculdade de Filosofia no Mosteiro de S\u00e3o Bento, em S\u00e3o Paulo, de 1968 a 1970. E Teologia no Instituto Teol\u00f3gico de S\u00e3o Paulo (ITESP), no per\u00edodo de 1971 a 1974. Ao mesmo tempo fez especializa\u00e7\u00e3o em Pedagogia na Universidade de Mogi das Cruzes (SP). Foi ordenado di\u00e1cono aos 7 de agosto de 1974 por dom Paulo Rolim Loureiro, na par\u00f3quia S\u00e3o Geraldo, em Guarulhos (SP). O mesmo bispo o ordenou presb\u00edtero no dia 22 de dezembro de 1974, na Igreja Matriz Nossa Senhora das Dores, em Fartura (SP).<\/span><span data-ccp-props=\"{}\">\u00a0<\/span><\/p>\n<p style=\"text-align: justify;\"><span data-contrast=\"auto\">Por mais de 21 anos foi p\u00e1roco da par\u00f3quia Nossa Senhora das Dores em sua cidade natal, onde permaneceu at\u00e9 sua nomea\u00e7\u00e3o como primeiro bispo diocesano de Itapetininga (SP), em 15 de abril de 1998. Dom Jos\u00e9 Lambert, ent\u00e3o arcebispo metropolitano de Sorocaba, conferiu-lhe a ordem episcopal na Catedral Nossa Senhora dos Prazeres, no dia 19 de julho do mesmo ano, quando tamb\u00e9m tomou posse de seu novo of\u00edcio.<\/span><span data-ccp-props=\"{}\">\u00a0<\/span><\/p>\n","protected":false},"excerpt":{"rendered":"<p>O Papa Francisco acolheu, nesta ter\u00e7a-feira, 25 de fevereiro, o pedido de ren\u00fancia apresentado por dom Gorg\u00f4nio Alves da Encarna\u00e7\u00e3o ao governo da diocese de Itapetininga (SP). Vai suceder a dom Gorg\u00f4nio o atual bispo de Nova Friburgo (RJ), dom Luiz Ant\u00f4nio Lopes Ricci. A Presid\u00eancia da Confer\u00eancia Nacional dos Bispos do Brasil (CNBB) enviou [&hellip;]<\/p>\n","protected":false},"author":1,"featured_media":93222,"comment_status":"open","ping_status":"closed","sticky":false,"template":"","format":"standard","meta":{"footnotes":""},"categories":[7],"tags":[],"class_list":["post-93221","post","type-post","status-publish","format-standard","has-post-thumbnail","hentry","category-cnbb"],"_links":{"self":[{"href":"https:\/\/catolicanet.net\/wp-cnet\/wp-json\/wp\/v2\/posts\/93221","targetHints":{"allow":["GET"]}}],"collection":[{"href":"https:\/\/catolicanet.net\/wp-cnet\/wp-json\/wp\/v2\/posts"}],"about":[{"href":"https:\/\/catolicanet.net\/wp-cnet\/wp-json\/wp\/v2\/types\/post"}],"author":[{"embeddable":true,"href":"https:\/\/catolicanet.net\/wp-cnet\/wp-json\/wp\/v2\/users\/1"}],"replies":[{"embeddable":true,"href":"https:\/\/catolicanet.net\/wp-cnet\/wp-json\/wp\/v2\/comments?post=93221"}],"version-history":[{"count":1,"href":"https:\/\/catolicanet.net\/wp-cnet\/wp-json\/wp\/v2\/posts\/93221\/revisions"}],"predecessor-version":[{"id":93224,"href":"https:\/\/catolicanet.net\/wp-cnet\/wp-json\/wp\/v2\/posts\/93221\/revisions\/93224"}],"wp:featuredmedia":[{"embeddable":true,"href":"https:\/\/catolicanet.net\/wp-cnet\/wp-json\/wp\/v2\/media\/93222"}],"wp:attachment":[{"href":"https:\/\/catolicanet.net\/wp-cnet\/wp-json\/wp\/v2\/media?parent=93221"}],"wp:term":[{"taxonomy":"category","embeddable":true,"href":"https:\/\/catolicanet.net\/wp-cnet\/wp-json\/wp\/v2\/categories?post=93221"},{"taxonomy":"post_tag","embeddable":true,"href":"https:\/\/catolicanet.net\/wp-cnet\/wp-json\/wp\/v2\/tags?post=93221"}],"curies":[{"name":"wp","href":"https:\/\/api.w.org\/{rel}","templated":true}]}}