{"id":93217,"date":"2025-02-25T09:59:28","date_gmt":"2025-02-25T12:59:28","guid":{"rendered":"https:\/\/catolicanet.net\/wp-cnet\/?p=93217"},"modified":"2025-02-25T14:00:48","modified_gmt":"2025-02-25T17:00:48","slug":"papa-francisco-nomeia-bispo-para-a-diocese-de-itabuna-na-bahia","status":"publish","type":"post","link":"https:\/\/catolicanet.net\/wp-cnet\/papa-francisco-nomeia-bispo-para-a-diocese-de-itabuna-na-bahia\/","title":{"rendered":"Papa Francisco nomeia bispo para a diocese de Itabuna, na Bahia"},"content":{"rendered":"<p style=\"text-align: justify;\"><span data-contrast=\"auto\">A Nunciatura Apost\u00f3lica no Brasil comunicou nesta ter\u00e7a-feira, 25 de fevereiro, a decis\u00e3o do Papa Francisco em nomear bispo da vacante diocese de Itabuna, na Bahia, dom Jailton de Oliveira Lino, PSDP, transferindo-o da sede episcopal de Teixeiras de Freitas\/Caravelas, na Bahia.<\/span><span data-ccp-props=\"{&quot;201341983&quot;:0,&quot;335551550&quot;:6,&quot;335551620&quot;:6,&quot;335559740&quot;:240}\">\u00a0<\/span><span data-contrast=\"auto\">A Presid\u00eancia da CNBB enviou sauda\u00e7\u00e3o a dom Jailton Lino:<\/span><br \/>\n<span data-ccp-props=\"{&quot;201341983&quot;:0,&quot;335551550&quot;:6,&quot;335551620&quot;:6,&quot;335559740&quot;:240}\">\u00a0<\/span><\/p>\n<h4 style=\"text-align: justify;\"><em><b>Sauda\u00e7\u00e3o da CNBB a dom Jailton Lino<\/b><\/em><\/h4>\n<p style=\"text-align: justify;\">\n<blockquote><p><span data-contrast=\"auto\">Estimado irm\u00e3o no episcopado, dom Jailton Lino<\/span><span data-ccp-props=\"{&quot;201341983&quot;:0,&quot;335551550&quot;:1,&quot;335551620&quot;:1,&quot;335559740&quot;:240}\">\u00a0<\/span><\/p>\n<p><span data-contrast=\"auto\">A Presid\u00eancia da Confer\u00eancia Nacional dos Bispos do Brasil (CNBB) recebeu com alegria e esp\u00edrito de fraternidade a not\u00edcia de sua nomea\u00e7\u00e3o como novo bispo da diocese de Itabuna, na Bahia. Sua transfer\u00eancia da diocese de Teixeira de Freitas\/ Caravelas \u00e9 um reflexo da confian\u00e7a do Papa Francisco em sua capacidade pastoral e evangelizadora.<\/span><span data-ccp-props=\"{&quot;201341983&quot;:0,&quot;335551550&quot;:6,&quot;335551620&quot;:6,&quot;335559740&quot;:240}\">\u00a0<\/span><\/p>\n<p><span data-contrast=\"auto\">Neste momento de transi\u00e7\u00e3o oferecemo-lhes nosso apoio e ora\u00e7\u00f5es. Estamos confiantes de que sua miss\u00e3o ser\u00e1 marcada pela sabedoria, dedica\u00e7\u00e3o e amor ao povo de Deus. Que a for\u00e7a do Esp\u00edrito Santo ilumine cada passo de sua jornada, sustentando-o na condu\u00e7\u00e3o espiritual da diocese, fortalecendo a f\u00e9 dos fieis e promovendo a unidade e o di\u00e1logo em toda a comunidade.<\/span><span data-ccp-props=\"{&quot;201341983&quot;:0,&quot;335551550&quot;:6,&quot;335551620&quot;:6,&quot;335559740&quot;:240}\">\u00a0<\/span><\/p>\n<p><span data-contrast=\"auto\">Desejamos uma miss\u00e3o repleta de frutos e que, com a intercess\u00e3o de Nossa Senhora da Concei\u00e7\u00e3o, o senhor seja sempre guiado em sua tarefa de pastorear o rebanho que lhe foi confiado.<\/span><span data-ccp-props=\"{&quot;201341983&quot;:0,&quot;335551550&quot;:6,&quot;335551620&quot;:6,&quot;335559740&quot;:240}\">\u00a0<\/span><\/p>\n<p><span data-contrast=\"auto\">Que o Senhor, em sua infinita miseric\u00f3rdia, aben\u00e7oe ricamente a sua vida e sua miss\u00e3o,<\/span><span data-ccp-props=\"{&quot;201341983&quot;:0,&quot;335551550&quot;:6,&quot;335551620&quot;:6,&quot;335559740&quot;:240}\">\u00a0<\/span><\/p>\n<p><b><span data-contrast=\"auto\">Cardeal Jaime Spengler<\/span><\/b><br \/>\n<span data-contrast=\"auto\">Arcebispo de Porto Alegre (RS)<\/span><br \/>\n<span data-contrast=\"auto\">Presidente da CNBB\u00a0<\/span><span data-ccp-props=\"{&quot;134233117&quot;:false,&quot;134233118&quot;:false,&quot;335551550&quot;:2,&quot;335551620&quot;:2,&quot;335557856&quot;:16777215,&quot;335559738&quot;:0,&quot;335559739&quot;:150}\">\u00a0<\/span><\/p>\n<p><b><span data-contrast=\"auto\">Dom Jo\u00e3o Justino de Medeiros Silva<\/span><\/b><br \/>\n<span data-contrast=\"auto\">Arcebispo de Goi\u00e2nia (GO)<\/span><br \/>\n<span data-contrast=\"auto\">Primeiro Vice-Presidente da CNBB\u00a0<\/span><span data-ccp-props=\"{&quot;134233117&quot;:false,&quot;134233118&quot;:false,&quot;335551550&quot;:2,&quot;335551620&quot;:2,&quot;335557856&quot;:16777215,&quot;335559738&quot;:0,&quot;335559739&quot;:150}\">\u00a0<\/span><\/p>\n<p><b><span data-contrast=\"auto\">Dom Paulo Jackson N\u00f3brega de Sousa<\/span><\/b><br \/>\n<span data-contrast=\"auto\">Arcebispo de Olinda e Recife (PE)<\/span><br \/>\n<span data-contrast=\"auto\">Segundo Vice-Presidente da CNBB\u00a0<\/span><span data-ccp-props=\"{&quot;134233117&quot;:false,&quot;134233118&quot;:false,&quot;335551550&quot;:2,&quot;335551620&quot;:2,&quot;335557856&quot;:16777215,&quot;335559738&quot;:0,&quot;335559739&quot;:150}\">\u00a0<\/span><\/p>\n<p><b><span data-contrast=\"auto\">Dom Ricardo Hoepers<\/span><\/b><br \/>\n<span data-contrast=\"auto\">Bispo Auxiliar de Bras\u00edlia (DF)<\/span><br \/>\n<span data-contrast=\"auto\">Secret\u00e1rio-geral da CNBB\u00a0<\/span><span data-ccp-props=\"{&quot;134233117&quot;:false,&quot;134233118&quot;:false,&quot;335551550&quot;:2,&quot;335551620&quot;:2,&quot;335557856&quot;:16777215,&quot;335559738&quot;:0,&quot;335559739&quot;:150}\">\u00a0<\/span><\/p><\/blockquote>\n<p style=\"text-align: justify;\">\n<h4 style=\"text-align: justify;\">Biografia e trajet\u00f3ria eclesial<\/h4>\n<p style=\"text-align: justify;\"><span data-contrast=\"auto\">Nascido em 28 de janeiro de 1965, dom Jailton de Oliveira Lino \u00e9 natural de Feira de Santana (BA). \u00c9 formado em Filosofia e Teologia pela Pontif\u00edcia Universidade Cat\u00f3lica do Rio Grande do Sul (PUC-RS). Tamb\u00e9m possui mestrado em Psicologia pela Universidade do Rio dos Sinos (Unisinos), de Porto Alegre.<\/span><span data-ccp-props=\"{&quot;134233117&quot;:false,&quot;134233118&quot;:false,&quot;201341983&quot;:0,&quot;335551550&quot;:6,&quot;335551620&quot;:6,&quot;335557856&quot;:16777215,&quot;335559738&quot;:0,&quot;335559739&quot;:375,&quot;335559740&quot;:240}\">\u00a0<\/span><\/p>\n<p style=\"text-align: justify;\"><span data-contrast=\"auto\">Foi ordenado sacerdote em 17 de dezembro de 1988, em Feira de Santana (BA). Faz parte da Congrega\u00e7\u00e3o dos Pobres Servos da Divina Provid\u00eancia, e entre suas atribui\u00e7\u00f5es como sacerdote exerceu os postos de vice-provincial e mestre dos novi\u00e7os; delegado-provincial e ec\u00f4nomo provincial, ambos em Porto Alegre (RS).<\/span><span data-ccp-props=\"{&quot;134233117&quot;:false,&quot;134233118&quot;:false,&quot;201341983&quot;:0,&quot;335551550&quot;:6,&quot;335551620&quot;:6,&quot;335557856&quot;:16777215,&quot;335559738&quot;:0,&quot;335559739&quot;:375,&quot;335559740&quot;:240}\">\u00a0<\/span><\/p>\n<p style=\"text-align: justify;\"><span data-contrast=\"auto\">Dom Jailton foi ordenado bispo no dia 13 de janeiro de 2018 no Santu\u00e1rio Diocesano de Nossa Senhora de Caravaggio, em Farroupilha (RS), e no dia 9 de fevereiro de 2018 foi empossado bispo da diocese de Teixeira de Freitas\/Caravelas em cerim\u00f4nia realizada na Catedral S\u00e3o Pedro. Seu lema episcopal \u00e9: \u201cN\u00e3o vos Angustieis\u201d.<\/span><span data-ccp-props=\"{&quot;134233117&quot;:false,&quot;134233118&quot;:false,&quot;201341983&quot;:0,&quot;335551550&quot;:6,&quot;335551620&quot;:6,&quot;335557856&quot;:16777215,&quot;335559738&quot;:0,&quot;335559739&quot;:375,&quot;335559740&quot;:240}\">\u00a0<\/span><\/p>\n","protected":false},"excerpt":{"rendered":"<p>A Nunciatura Apost\u00f3lica no Brasil comunicou nesta ter\u00e7a-feira, 25 de fevereiro, a decis\u00e3o do Papa Francisco em nomear bispo da vacante diocese de Itabuna, na Bahia, dom Jailton de Oliveira Lino, PSDP, transferindo-o da sede episcopal de Teixeiras de Freitas\/Caravelas, na Bahia.\u00a0A Presid\u00eancia da CNBB enviou sauda\u00e7\u00e3o a dom Jailton Lino: \u00a0 Sauda\u00e7\u00e3o da CNBB [&hellip;]<\/p>\n","protected":false},"author":1,"featured_media":93218,"comment_status":"open","ping_status":"closed","sticky":false,"template":"","format":"standard","meta":{"footnotes":""},"categories":[7],"tags":[],"class_list":["post-93217","post","type-post","status-publish","format-standard","has-post-thumbnail","hentry","category-cnbb"],"_links":{"self":[{"href":"https:\/\/catolicanet.net\/wp-cnet\/wp-json\/wp\/v2\/posts\/93217","targetHints":{"allow":["GET"]}}],"collection":[{"href":"https:\/\/catolicanet.net\/wp-cnet\/wp-json\/wp\/v2\/posts"}],"about":[{"href":"https:\/\/catolicanet.net\/wp-cnet\/wp-json\/wp\/v2\/types\/post"}],"author":[{"embeddable":true,"href":"https:\/\/catolicanet.net\/wp-cnet\/wp-json\/wp\/v2\/users\/1"}],"replies":[{"embeddable":true,"href":"https:\/\/catolicanet.net\/wp-cnet\/wp-json\/wp\/v2\/comments?post=93217"}],"version-history":[{"count":1,"href":"https:\/\/catolicanet.net\/wp-cnet\/wp-json\/wp\/v2\/posts\/93217\/revisions"}],"predecessor-version":[{"id":93220,"href":"https:\/\/catolicanet.net\/wp-cnet\/wp-json\/wp\/v2\/posts\/93217\/revisions\/93220"}],"wp:featuredmedia":[{"embeddable":true,"href":"https:\/\/catolicanet.net\/wp-cnet\/wp-json\/wp\/v2\/media\/93218"}],"wp:attachment":[{"href":"https:\/\/catolicanet.net\/wp-cnet\/wp-json\/wp\/v2\/media?parent=93217"}],"wp:term":[{"taxonomy":"category","embeddable":true,"href":"https:\/\/catolicanet.net\/wp-cnet\/wp-json\/wp\/v2\/categories?post=93217"},{"taxonomy":"post_tag","embeddable":true,"href":"https:\/\/catolicanet.net\/wp-cnet\/wp-json\/wp\/v2\/tags?post=93217"}],"curies":[{"name":"wp","href":"https:\/\/api.w.org\/{rel}","templated":true}]}}