{"id":93174,"date":"2025-02-21T10:07:20","date_gmt":"2025-02-21T13:07:20","guid":{"rendered":"https:\/\/catolicanet.net\/wp-cnet\/?p=93174"},"modified":"2025-02-21T13:08:11","modified_gmt":"2025-02-21T16:08:11","slug":"reuniao-plenaria-da-comissao-episcopal-para-a-doutrina-da-fe-prepara-participacao-na-62a-ag-e-subsidios","status":"publish","type":"post","link":"https:\/\/catolicanet.net\/wp-cnet\/reuniao-plenaria-da-comissao-episcopal-para-a-doutrina-da-fe-prepara-participacao-na-62a-ag-e-subsidios\/","title":{"rendered":"Reuni\u00e3o plen\u00e1ria da Comiss\u00e3o Episcopal para a Doutrina da F\u00e9 prepara participa\u00e7\u00e3o na 62\u00aa AG e subs\u00eddios"},"content":{"rendered":"<p style=\"text-align: justify;\">A Comiss\u00e3o Episcopal para a Doutrina da F\u00e9 realizou, na manh\u00e3 desta quinta-feira, 20, a sua primeira reuni\u00e3o plen\u00e1ria de 2025, de forma virtual. Participaram da videoconfer\u00eancia os bispos membros da Comiss\u00e3o, assessores e peritos.<\/p>\n<p style=\"text-align: justify;\">Na pauta, trataram da prepara\u00e7\u00e3o para a 62\u00aa Assembleia Geral da CNBB, quando a comiss\u00e3o ter\u00e1 um momento para apresentar o trabalho realizado, e a revis\u00e3o da elabora\u00e7\u00e3o de tr\u00eas subs\u00eddios doutrinais: um sobre os 1700 anos do Conc\u00edlio de Nic\u00e9ia, outro sobre a centralidade de Jesus e o terceiro sobre a miss\u00e3o da Igreja.<\/p>\n<p style=\"text-align: justify;\">O bispo de Petr\u00f3polis (RJ) e presidente da comiss\u00e3o, dom Joel Portella Amado, conduziu a reuni\u00e3o junto com o assessor, padre Douglas Alves Pontes. Tamb\u00e9m estiveram conectados os outros bispos membros e peritos.<\/p>\n<p style=\"text-align: justify;\">\n<pre>Luiz Lopes Jr.<\/pre>\n","protected":false},"excerpt":{"rendered":"<p>A Comiss\u00e3o Episcopal para a Doutrina da F\u00e9 realizou, na manh\u00e3 desta quinta-feira, 20, a sua primeira reuni\u00e3o plen\u00e1ria de 2025, de forma virtual. Participaram da videoconfer\u00eancia os bispos membros da Comiss\u00e3o, assessores e peritos. Na pauta, trataram da prepara\u00e7\u00e3o para a 62\u00aa Assembleia Geral da CNBB, quando a comiss\u00e3o ter\u00e1 um momento para apresentar [&hellip;]<\/p>\n","protected":false},"author":1,"featured_media":93175,"comment_status":"open","ping_status":"closed","sticky":false,"template":"","format":"standard","meta":{"footnotes":""},"categories":[7],"tags":[],"class_list":["post-93174","post","type-post","status-publish","format-standard","has-post-thumbnail","hentry","category-cnbb"],"_links":{"self":[{"href":"https:\/\/catolicanet.net\/wp-cnet\/wp-json\/wp\/v2\/posts\/93174","targetHints":{"allow":["GET"]}}],"collection":[{"href":"https:\/\/catolicanet.net\/wp-cnet\/wp-json\/wp\/v2\/posts"}],"about":[{"href":"https:\/\/catolicanet.net\/wp-cnet\/wp-json\/wp\/v2\/types\/post"}],"author":[{"embeddable":true,"href":"https:\/\/catolicanet.net\/wp-cnet\/wp-json\/wp\/v2\/users\/1"}],"replies":[{"embeddable":true,"href":"https:\/\/catolicanet.net\/wp-cnet\/wp-json\/wp\/v2\/comments?post=93174"}],"version-history":[{"count":1,"href":"https:\/\/catolicanet.net\/wp-cnet\/wp-json\/wp\/v2\/posts\/93174\/revisions"}],"predecessor-version":[{"id":93177,"href":"https:\/\/catolicanet.net\/wp-cnet\/wp-json\/wp\/v2\/posts\/93174\/revisions\/93177"}],"wp:featuredmedia":[{"embeddable":true,"href":"https:\/\/catolicanet.net\/wp-cnet\/wp-json\/wp\/v2\/media\/93175"}],"wp:attachment":[{"href":"https:\/\/catolicanet.net\/wp-cnet\/wp-json\/wp\/v2\/media?parent=93174"}],"wp:term":[{"taxonomy":"category","embeddable":true,"href":"https:\/\/catolicanet.net\/wp-cnet\/wp-json\/wp\/v2\/categories?post=93174"},{"taxonomy":"post_tag","embeddable":true,"href":"https:\/\/catolicanet.net\/wp-cnet\/wp-json\/wp\/v2\/tags?post=93174"}],"curies":[{"name":"wp","href":"https:\/\/api.w.org\/{rel}","templated":true}]}}