{"id":93154,"date":"2025-02-22T09:11:20","date_gmt":"2025-02-22T12:11:20","guid":{"rendered":"https:\/\/catolicanet.net\/wp-cnet\/?p=93154"},"modified":"2025-02-20T13:12:11","modified_gmt":"2025-02-20T16:12:11","slug":"7o-domingo-do-tempo-comum","status":"publish","type":"post","link":"https:\/\/catolicanet.net\/wp-cnet\/7o-domingo-do-tempo-comum\/","title":{"rendered":"7\u00ba Domingo do Tempo Comum"},"content":{"rendered":"<p style=\"text-align: justify;\"><span class=\"s1\"><span style=\"font-size: 14.0pt;\">A liturgia do 7\u00ba Domingo do Tempo Comum no Ano C nos convida a refletir sobre o amor incondicional e a miseric\u00f3rdia que devemos praticar, seguindo o exemplo de Deus. As leituras destacam a necessidade de amar os inimigos e agir com bondade, mesmo diante da adversidade.<\/span><\/span><\/p>\n<p style=\"text-align: justify;\"><span class=\"s2\"><span style=\"font-size: 14.0pt;\">A Primeira Leitura de hoje \u00e9 1 Samuel 26,2.7-9.12-13.22-23<\/span><\/span><span style=\"font-size: 14.0pt;\">. <span class=\"s1\">Neste trecho, Davi tem a oportunidade de eliminar seu perseguidor, o rei Saul. Contudo, ele escolhe poupar a vida de Saul, reconhecendo-o como <i>\u201cungido do Senhor\u201d<\/i>. Davi demonstra que a verdadeira justi\u00e7a n\u00e3o se baseia na vingan\u00e7a, mas na miseric\u00f3rdia e no respeito pela vida humana. Este ato nos ensina a confiar nos des\u00edgnios de Deus e a evitar retribuir o mal com o mal.<\/span><\/span><\/p>\n<p style=\"text-align: justify;\"><span class=\"s2\"><span style=\"font-size: 14.0pt;\">No Salmo Responsorial, Salmo 102(103),<\/span><\/span><span style=\"font-size: 14.0pt;\"> o <span class=\"s1\">salmista exalta a compaix\u00e3o e a miseric\u00f3rdia de Deus, que perdoa nossas faltas e cura nossas enfermidades. Somos convidados a bendizer ao Senhor e a reconhecer Sua infinita bondade, esfor\u00e7ando-nos para imitar Sua miseric\u00f3rdia em nossas rela\u00e7\u00f5es di\u00e1rias.<\/span><\/span><\/p>\n<p style=\"text-align: justify;\"><span class=\"s2\"><span style=\"font-size: 14.0pt;\">Na Segunda Leitura, 1 Cor\u00edntios 15,45-49,<\/span><\/span><span style=\"font-size: 14.0pt;\"> <span class=\"s1\">S\u00e3o Paulo contrasta Ad\u00e3o, o homem terreno, com Cristo, o homem celestial. Assim como herdamos a imagem do homem terreno, somos chamados a refletir a imagem do homem celestial. Isso implica viver segundo o Esp\u00edrito, adotando atitudes que refletem o amor e a miseric\u00f3rdia de Deus em nossas vidas.<\/span><\/span><\/p>\n<p style=\"text-align: justify;\"><span class=\"s2\"><span style=\"font-size: 14.0pt;\">No Evangelho de S\u00e3o Lucas 6,27-38<\/span><\/span><span style=\"font-size: 14.0pt;\">, <span class=\"s1\">Jesus nos desafia a amar nossos inimigos, fazer o bem aos que nos odeiam, aben\u00e7oar os que nos amaldi\u00e7oam e orar por aqueles que nos maltratam. Ele nos chama a ir al\u00e9m do amor convencional, praticando um amor generoso e desinteressado, semelhante ao amor que o Pai celestial tem por todos, independentemente de suas a\u00e7\u00f5es. Jesus enfatiza que, ao praticar esse amor, nos tornamos verdadeiros filhos de Deus, refletindo Sua miseric\u00f3rdia no mundo.<\/span><\/span><\/p>\n<p style=\"text-align: justify;\"><span class=\"s1\"><span style=\"font-size: 14.0pt;\">As leituras deste domingo nos desafiam a adotar uma postura de amor radical e miseric\u00f3rdia em nossas vidas. Somos chamados a superar a l\u00f3gica humana da retribui\u00e7\u00e3o e abra\u00e7ar a l\u00f3gica divina do perd\u00e3o e da compaix\u00e3o. Isso requer uma transforma\u00e7\u00e3o interior, onde permitimos que o Esp\u00edrito Santo nos molde \u00e0 imagem de Cristo, capacitando-nos a amar sem reservas, mesmo aqueles que nos fazem mal.<\/span><\/span><\/p>\n<p style=\"text-align: justify;\"><span class=\"s1\"><span style=\"font-size: 14.0pt;\">Ao praticarmos esse amor incondicional, contribu\u00edmos para a constru\u00e7\u00e3o de um mundo mais justo e fraterno, onde a paz prevalece sobre a viol\u00eancia e o perd\u00e3o sobre o rancor. Que possamos, inspirados pelo exemplo de Davi e pelos ensinamentos de Jesus, ser instrumentos da miseric\u00f3rdia de Deus em todas as nossas rela\u00e7\u00f5es.<\/span><\/span><\/p>\n","protected":false},"excerpt":{"rendered":"<p>A liturgia do 7\u00ba Domingo do Tempo Comum no Ano C nos convida a refletir sobre o amor incondicional e a miseric\u00f3rdia que devemos praticar, seguindo o exemplo de Deus. As leituras destacam a necessidade de amar os inimigos e agir com bondade, mesmo diante da adversidade. A Primeira Leitura de hoje \u00e9 1 Samuel [&hellip;]<\/p>\n","protected":false},"author":53272,"featured_media":92837,"comment_status":"open","ping_status":"closed","sticky":false,"template":"","format":"standard","meta":{"footnotes":""},"categories":[9],"tags":[],"class_list":["post-93154","post","type-post","status-publish","format-standard","has-post-thumbnail","hentry","category-artigos"],"_links":{"self":[{"href":"https:\/\/catolicanet.net\/wp-cnet\/wp-json\/wp\/v2\/posts\/93154","targetHints":{"allow":["GET"]}}],"collection":[{"href":"https:\/\/catolicanet.net\/wp-cnet\/wp-json\/wp\/v2\/posts"}],"about":[{"href":"https:\/\/catolicanet.net\/wp-cnet\/wp-json\/wp\/v2\/types\/post"}],"author":[{"embeddable":true,"href":"https:\/\/catolicanet.net\/wp-cnet\/wp-json\/wp\/v2\/users\/53272"}],"replies":[{"embeddable":true,"href":"https:\/\/catolicanet.net\/wp-cnet\/wp-json\/wp\/v2\/comments?post=93154"}],"version-history":[{"count":1,"href":"https:\/\/catolicanet.net\/wp-cnet\/wp-json\/wp\/v2\/posts\/93154\/revisions"}],"predecessor-version":[{"id":93155,"href":"https:\/\/catolicanet.net\/wp-cnet\/wp-json\/wp\/v2\/posts\/93154\/revisions\/93155"}],"wp:featuredmedia":[{"embeddable":true,"href":"https:\/\/catolicanet.net\/wp-cnet\/wp-json\/wp\/v2\/media\/92837"}],"wp:attachment":[{"href":"https:\/\/catolicanet.net\/wp-cnet\/wp-json\/wp\/v2\/media?parent=93154"}],"wp:term":[{"taxonomy":"category","embeddable":true,"href":"https:\/\/catolicanet.net\/wp-cnet\/wp-json\/wp\/v2\/categories?post=93154"},{"taxonomy":"post_tag","embeddable":true,"href":"https:\/\/catolicanet.net\/wp-cnet\/wp-json\/wp\/v2\/tags?post=93154"}],"curies":[{"name":"wp","href":"https:\/\/api.w.org\/{rel}","templated":true}]}}