{"id":93091,"date":"2025-02-19T09:08:21","date_gmt":"2025-02-19T12:08:21","guid":{"rendered":"https:\/\/catolicanet.net\/wp-cnet\/?p=93091"},"modified":"2025-02-19T13:10:45","modified_gmt":"2025-02-19T16:10:45","slug":"no-gemelli-noite-tranquila-para-o-papa-francisco","status":"publish","type":"post","link":"https:\/\/catolicanet.net\/wp-cnet\/no-gemelli-noite-tranquila-para-o-papa-francisco\/","title":{"rendered":"No Gemelli, noite tranquila para o Papa Francisco"},"content":{"rendered":"<figure class=\"article__image\" style=\"text-align: justify;\"><span class=\"didascalia_img\">Vista da pra\u00e7a interna do Hospital Policlinico Gemelli \u00a0 (AFP or licensors)<\/span><\/figure>\n<div class=\"article__meta \" data-mediatype=\"\">\n<div class=\"article__subTitle\" style=\"text-align: justify;\">A Sala de Imprensa da Santa S\u00e9 informou na manh\u00e3 desta quarta-feira, 19 de fevereiro, que o Papa passou a noite serenamente. Ontem (18\/02), uma tomografia tor\u00e1cica de controle, prescrita pela equipe m\u00e9dica vaticana e pelos profissionais do Hospital Policl\u00ednico Gemelli, &#8220;mostrou o aparecimento de uma pneumonia bilateral que exigiu uma terapia farmacol\u00f3gica adicional&#8221;.<\/div>\n<div class=\"title__separator\" style=\"text-align: justify;\"><\/div>\n<div class=\"article__text\">\n<p style=\"text-align: justify;\"><b>Vatican News<\/b><\/p>\n<p style=\"text-align: justify;\">&#8220;O Papa teve uma noite tranquila, acordou e tomou caf\u00e9 da manh\u00e3.&#8221; Foi o que comunicou a Sala de Imprensa da Santa S\u00e9 na manh\u00e3 desta quarta-feira, 19 de fevereiro. Francisco se levantou e sentou-se em uma poltrona. Pelo que foi informado, o cora\u00e7\u00e3o est\u00e1 bem.<\/p>\n<p style=\"text-align: justify;\">Na tarde de ontem (18\/02), Francisco, cujas condi\u00e7\u00f5es cl\u00ednicas continuam complexas, passou por uma tomografia tor\u00e1cica de controle &#8220;prescrita pela equipe de sa\u00fade do Vaticano e pela equipe m\u00e9dica da Funda\u00e7\u00e3o Policl\u00ednica \u201cA. Gemelli&#8221;, que &#8220;mostrou o aparecimento de uma pneumonia bilateral&#8221;, exigindo &#8220;uma terapia farmacol\u00f3gica adicional&#8221;, informou a Sala de Imprensa do Vaticano.<\/p>\n<p style=\"text-align: justify;\">Diversas mensagens com votos de pronta recupera\u00e7\u00e3o foram enviadas ao Papa. At\u00e9 mesmo as crian\u00e7as internadas na Unidade de Oncologia Pedi\u00e1trica do pr\u00f3prio hospital Gemelli escreveram ao Pont\u00edfice e fizeram desenhos para o Santo Padre. De &#8220;de bom humor&#8221;, o Papa &#8220;agradece a proximidade que sente neste momento e pede, com\u00a0 cora\u00e7\u00e3o agradecido, que se continue a rezar por ele&#8221;, conforme informou a nota da Sala de Imprensa na noite de ter\u00e7a-feira.<\/p>\n<\/div>\n<\/div>\n","protected":false},"excerpt":{"rendered":"<p>Vista da pra\u00e7a interna do Hospital Policlinico Gemelli \u00a0 (AFP or licensors) A Sala de Imprensa da Santa S\u00e9 informou na manh\u00e3 desta quarta-feira, 19 de fevereiro, que o Papa passou a noite serenamente. Ontem (18\/02), uma tomografia tor\u00e1cica de controle, prescrita pela equipe m\u00e9dica vaticana e pelos profissionais do Hospital Policl\u00ednico Gemelli, &#8220;mostrou o [&hellip;]<\/p>\n","protected":false},"author":1,"featured_media":93092,"comment_status":"open","ping_status":"closed","sticky":false,"template":"","format":"standard","meta":{"footnotes":""},"categories":[13,3],"tags":[],"class_list":["post-93091","post","type-post","status-publish","format-standard","has-post-thumbnail","hentry","category-featured","category-vaticano"],"_links":{"self":[{"href":"https:\/\/catolicanet.net\/wp-cnet\/wp-json\/wp\/v2\/posts\/93091","targetHints":{"allow":["GET"]}}],"collection":[{"href":"https:\/\/catolicanet.net\/wp-cnet\/wp-json\/wp\/v2\/posts"}],"about":[{"href":"https:\/\/catolicanet.net\/wp-cnet\/wp-json\/wp\/v2\/types\/post"}],"author":[{"embeddable":true,"href":"https:\/\/catolicanet.net\/wp-cnet\/wp-json\/wp\/v2\/users\/1"}],"replies":[{"embeddable":true,"href":"https:\/\/catolicanet.net\/wp-cnet\/wp-json\/wp\/v2\/comments?post=93091"}],"version-history":[{"count":1,"href":"https:\/\/catolicanet.net\/wp-cnet\/wp-json\/wp\/v2\/posts\/93091\/revisions"}],"predecessor-version":[{"id":93094,"href":"https:\/\/catolicanet.net\/wp-cnet\/wp-json\/wp\/v2\/posts\/93091\/revisions\/93094"}],"wp:featuredmedia":[{"embeddable":true,"href":"https:\/\/catolicanet.net\/wp-cnet\/wp-json\/wp\/v2\/media\/93092"}],"wp:attachment":[{"href":"https:\/\/catolicanet.net\/wp-cnet\/wp-json\/wp\/v2\/media?parent=93091"}],"wp:term":[{"taxonomy":"category","embeddable":true,"href":"https:\/\/catolicanet.net\/wp-cnet\/wp-json\/wp\/v2\/categories?post=93091"},{"taxonomy":"post_tag","embeddable":true,"href":"https:\/\/catolicanet.net\/wp-cnet\/wp-json\/wp\/v2\/tags?post=93091"}],"curies":[{"name":"wp","href":"https:\/\/api.w.org\/{rel}","templated":true}]}}