{"id":92986,"date":"2025-02-13T09:54:57","date_gmt":"2025-02-13T12:54:57","guid":{"rendered":"https:\/\/catolicanet.net\/wp-cnet\/?p=92986"},"modified":"2025-02-13T13:56:20","modified_gmt":"2025-02-13T16:56:20","slug":"oracao-a-sao-peregrino-padroeiro-dos-pacientes-com-cancer","status":"publish","type":"post","link":"https:\/\/catolicanet.net\/wp-cnet\/oracao-a-sao-peregrino-padroeiro-dos-pacientes-com-cancer\/","title":{"rendered":"Ora\u00e7\u00e3o a S\u00e3o Peregrino, padroeiro dos pacientes com c\u00e2ncer"},"content":{"rendered":"<p style=\"text-align: justify;\"><span class=\"SubHeading_subheading__NJ_eJ\" aria-label=\"post subtitle\">Esta ora\u00e7\u00e3o pode ser feita por todos aqueles que est\u00e3o doentes, especialmente pacientes com c\u00e2ncer<\/span><\/p>\n<div style=\"text-align: justify;\">\n<p>S\u00e3o Peregrino \u00e9 amplamente conhecido em todo o mundo por sua poderosa intercess\u00e3o e cura entre aqueles que sofrem de c\u00e2ncer ou qualquer outra doen\u00e7a.<\/p>\n<\/div>\n<div style=\"text-align: justify;\">\n<p>Ele era um santo italiano do s\u00e9culo 14 e, aos 60 anos, sofria de uma infec\u00e7\u00e3o cancer\u00edgena na perna. Ele havia sido um fiel servo de Deus a vida inteira e possu\u00eda uma profunda vida de ora\u00e7\u00e3o.<\/p>\n<\/div>\n<div style=\"text-align: justify;\">\n<p>Na noite anterior \u00e0 amputa\u00e7\u00e3o de sua perna, ele esteve em estado de ora\u00e7\u00e3o e descobriu que sua perna ficou milagrosamente curada.<\/p>\n<\/div>\n<div style=\"text-align: justify;\">\n<p>Ap\u00f3s sua morte, Peregrino acabou por ser canonizado como santo e ficou conhecido como o Patrono dos Pacientes com C\u00e2ncer. Ao longo dos s\u00e9culos, incont\u00e1veis \u200b\u200bmilagres foram atribu\u00eddos \u00e0 sua intercess\u00e3o.<\/p>\n<\/div>\n<div style=\"text-align: justify;\">\n<p>Aqui est\u00e1 uma ora\u00e7\u00e3o popular a S\u00e3o Peregrino. Ela pode ser feita na forma de novena, rezando-a durante nove dias seguidos por uma inten\u00e7\u00e3o espec\u00edfica.<\/p>\n<\/div>\n<h2 class=\"Heading_heading__PlVsb\" style=\"text-align: justify;\">Ora\u00e7\u00e3o para obter a gra\u00e7a de responder ao chamado de Deus<\/h2>\n<blockquote class=\"Quote_container__XMwM_\">\n<div>\n<p>Glorioso intercessor de maravilhas, S\u00e3o Peregrino, voc\u00ea respondeu ao chamado divino com um esp\u00edrito pronto e abandonou todos os confortos de uma vida tranquila e todas as honras vazias do mundo para se dedicar a Deus na Ordem de Sua Santa M\u00e3e.<\/p>\n<\/div>\n<div>\n<p>Voc\u00ea trabalhou firmemente pela salva\u00e7\u00e3o das almas. Em uni\u00e3o com Jesus crucificado, sofreu sofrimentos dolorosos com tanta paci\u00eancia que mereceu ser curado milagrosamente de um c\u00e2ncer incur\u00e1vel em sua perna, com um toque da m\u00e3o divina.<\/p>\n<\/div>\n<div>\n<p>Obtenha para mim a gra\u00e7a de responder a todo chamado de Deus e cumprir Sua vontade em todos os eventos da vida. Acenda em meu cora\u00e7\u00e3o um zelo total pela salva\u00e7\u00e3o de todos os homens.<\/p>\n<\/div>\n<div>\n<p>Livrai-me das enfermidades que afligem meu corpo \u2013 especialmente\u2026 [dizer o nome da enfermidade ou dor]<\/p>\n<\/div>\n<div>\n<p>Obtenha tamb\u00e9m para mim uma perfeita resigna\u00e7\u00e3o aos sofrimentos que Deus permitiu que eu sofresse, para que, imitando nosso Salvador crucificado e Sua m\u00e3e, eu possa merecer a gl\u00f3ria eterna nos c\u00e9us.<\/p>\n<\/div>\n<div>\n<p>S\u00e3o Peregrino, rogai por mim e por todos os que invocam a sua ajuda.<\/p>\n<\/div>\n<\/blockquote>\n","protected":false},"excerpt":{"rendered":"<p>Esta ora\u00e7\u00e3o pode ser feita por todos aqueles que est\u00e3o doentes, especialmente pacientes com c\u00e2ncer S\u00e3o Peregrino \u00e9 amplamente conhecido em todo o mundo por sua poderosa intercess\u00e3o e cura entre aqueles que sofrem de c\u00e2ncer ou qualquer outra doen\u00e7a. Ele era um santo italiano do s\u00e9culo 14 e, aos 60 anos, sofria de uma [&hellip;]<\/p>\n","protected":false},"author":1,"featured_media":92987,"comment_status":"open","ping_status":"closed","sticky":false,"template":"","format":"standard","meta":{"footnotes":""},"categories":[4,13],"tags":[],"class_list":["post-92986","post","type-post","status-publish","format-standard","has-post-thumbnail","hentry","category-cotidiano","category-featured"],"_links":{"self":[{"href":"https:\/\/catolicanet.net\/wp-cnet\/wp-json\/wp\/v2\/posts\/92986","targetHints":{"allow":["GET"]}}],"collection":[{"href":"https:\/\/catolicanet.net\/wp-cnet\/wp-json\/wp\/v2\/posts"}],"about":[{"href":"https:\/\/catolicanet.net\/wp-cnet\/wp-json\/wp\/v2\/types\/post"}],"author":[{"embeddable":true,"href":"https:\/\/catolicanet.net\/wp-cnet\/wp-json\/wp\/v2\/users\/1"}],"replies":[{"embeddable":true,"href":"https:\/\/catolicanet.net\/wp-cnet\/wp-json\/wp\/v2\/comments?post=92986"}],"version-history":[{"count":1,"href":"https:\/\/catolicanet.net\/wp-cnet\/wp-json\/wp\/v2\/posts\/92986\/revisions"}],"predecessor-version":[{"id":92989,"href":"https:\/\/catolicanet.net\/wp-cnet\/wp-json\/wp\/v2\/posts\/92986\/revisions\/92989"}],"wp:featuredmedia":[{"embeddable":true,"href":"https:\/\/catolicanet.net\/wp-cnet\/wp-json\/wp\/v2\/media\/92987"}],"wp:attachment":[{"href":"https:\/\/catolicanet.net\/wp-cnet\/wp-json\/wp\/v2\/media?parent=92986"}],"wp:term":[{"taxonomy":"category","embeddable":true,"href":"https:\/\/catolicanet.net\/wp-cnet\/wp-json\/wp\/v2\/categories?post=92986"},{"taxonomy":"post_tag","embeddable":true,"href":"https:\/\/catolicanet.net\/wp-cnet\/wp-json\/wp\/v2\/tags?post=92986"}],"curies":[{"name":"wp","href":"https:\/\/api.w.org\/{rel}","templated":true}]}}