{"id":92923,"date":"2025-02-11T09:44:37","date_gmt":"2025-02-11T12:44:37","guid":{"rendered":"https:\/\/catolicanet.net\/wp-cnet\/?p=92923"},"modified":"2025-02-11T15:49:08","modified_gmt":"2025-02-11T18:49:08","slug":"papa-inteligencia-artificial-a-questao-e-se-o-homem-esta-realmente-se-tornando-melhor","status":"publish","type":"post","link":"https:\/\/catolicanet.net\/wp-cnet\/papa-inteligencia-artificial-a-questao-e-se-o-homem-esta-realmente-se-tornando-melhor\/","title":{"rendered":"Papa, Intelig\u00eancia Artificial: a quest\u00e3o \u00e9 se o homem est\u00e1 realmente se tornando melhor"},"content":{"rendered":"<figure class=\"article__image\" style=\"text-align: justify;\"><span class=\"didascalia_img\">C\u00fapula de a\u00e7\u00e3o sobre Intelig\u00eancia Artificial, em Paris\u00a0 (ANSA)<\/span><\/figure>\n<div class=\"article__meta audioInside\" data-mediatype=\"\">\n<div class=\"article__subTitle\" style=\"text-align: justify;\">Francisco enviou uma mensagem \u00e0 C\u00fapula de a\u00e7\u00e3o sobre Intelig\u00eancia Artificial que teve in\u00edcio, em Paris, na segunda-feira, 10 de fevereiro. O Papa espera que seja criada uma plataforma na qual a IA possa ser um instrumento para combater a pobreza, a prote\u00e7\u00e3o das culturas e a eco-sustentabilidade da Casa comum. &#8220;Espero que as pr\u00f3ximas c\u00fapulas considerem mais profundamente os efeitos sociais da Intelig\u00eancia Artificial nas rela\u00e7\u00f5es humanas, na informa\u00e7\u00e3o e na educa\u00e7\u00e3o&#8221;, escreve o Papa.<\/div>\n<div class=\"title__separator\" style=\"text-align: justify;\"><\/div>\n<div class=\"article__text\">\n<p style=\"text-align: justify;\"><b>Antonella Palermo\/Mariangela Jaguraba \u2013 Vatican News<\/b><\/p>\n<p style=\"text-align: justify;\">O Papa Francisco enviou uma mensagem ao presidente franc\u00eas, Emmanuel Macron, por ocasi\u00e3o da C\u00fapula de a\u00e7\u00e3o sobre Intelig\u00eancia Artificial que se encerra nesta ter\u00e7a-feira (11\/02), em Paris.<\/p>\n<div style=\"text-align: justify;\">\n<div class=\"article__embed article__embed--unwrap article__embed--dark\">\n<div class=\"article__innerTitle\">Ou\u00e7a e compartilhe<\/div>\n<div>\n<!--[if lt IE 9]><script>document.createElement('audio');<\/script><![endif]-->\n<audio class=\"wp-audio-shortcode\" id=\"audio-92923-1\" preload=\"none\" style=\"width: 100%;\" controls=\"controls\"><source type=\"audio\/mpeg\" src=\"https:\/\/media.vaticannews.va\/media\/audio\/s1\/2025\/02\/11\/11\/138535469_F138535469.mp3?_=1\" \/><a href=\"https:\/\/media.vaticannews.va\/media\/audio\/s1\/2025\/02\/11\/11\/138535469_F138535469.mp3\">https:\/\/media.vaticannews.va\/media\/audio\/s1\/2025\/02\/11\/11\/138535469_F138535469.mp3<\/a><\/audio>\n<\/div>\n<\/div>\n<\/div>\n<p style=\"text-align: justify;\">A mensagem foi lida por dom Celestino Migliore, n\u00fancio apost\u00f3lico na Fran\u00e7a. Citando o grande fil\u00f3sofo e cientista Blaise Pascal, o Papa afirma que o &#8220;cora\u00e7\u00e3o&#8221; \u00e9 &#8220;um conceito-chave&#8221;. O cora\u00e7\u00e3o, de fato, nunca pode enganar, &#8220;enquanto os algoritmos podem ser usados \u200b\u200bpara manipular e enganar&#8221;.<\/p>\n<h2 style=\"text-align: justify;\">Estudar o impacto da IA \u200b\u200bnas rela\u00e7\u00f5es, informa\u00e7\u00e3o e educa\u00e7\u00e3o<\/h2>\n<p style=\"text-align: justify;\">O Papa recorda o recente documento \u201cNota sobre a rela\u00e7\u00e3o entre intelig\u00eancia artificial e intelig\u00eancia humana\u201d e espera que as pr\u00f3ximas c\u00fapulas considerem mais profundamente os efeitos sociais da intelig\u00eancia artificial nas rela\u00e7\u00f5es humanas, na informa\u00e7\u00e3o e na educa\u00e7\u00e3o. Mais uma vez o Pont\u00edfice expressa a vis\u00e3o integral do desenvolvimento desenvolvida em seu magist\u00e9rio e que o seu antecessor Wojty\u0142a tamb\u00e9m abordou:<\/p>\n<div style=\"text-align: justify;\">\n<div class=\"article__embed article__embed--border embed_style\">\n<blockquote><p>\u201cA quest\u00e3o fundamental \u00e9, e continuar\u00e1 sendo, humana, isto \u00e9, se, no meio destes progressos tecnol\u00f3gicos, \u00abo homem, enquanto homem, est\u00e1 se tornando realmente melhor, ou seja, mais maduro espiritualmente, mais consciente da dignidade da sua humanidade, mais respons\u00e1vel, mais aberto aos outros, especialmente aos mais necessitados e aos mais fr\u00e1geis\u00bb (cfr. Jo\u00e3o Paulo II, Carta Enc\u00edclica Redemptor Hominis, 15). Nosso desafio final sempre ser\u00e1 o homem. Nunca o percamos de vista!\u201d<\/p><\/blockquote>\n<\/div>\n<\/div>\n<h2 style=\"text-align: justify;\">Criar uma plataforma compartilhada por aqueles que \u201cn\u00e3o t\u00eam voz\u201d<\/h2>\n<p style=\"text-align: justify;\">Francisco est\u00e1 preocupado que a voz dos pobres, dos que n\u00e3o s\u00e3o ouvidos e daqueles que normalmente n\u00e3o est\u00e3o envolvidos nos processos de tomada de decis\u00e3o n\u00e3o seja ignorada. Al\u00e9m disso, ele reconhece que, nesta ocasi\u00e3o, a c\u00fapula de Paris tentou envolver o maior n\u00famero poss\u00edvel de pessoas e especialistas &#8220;numa reflex\u00e3o &#8211; escreve ele &#8211; destinada a produzir resultados concretos&#8221;. Ent\u00e3o formula uma esperan\u00e7a baseada no que j\u00e1 havia expressado na Mensagem para o Dia Mundial da Paz de 2024:<\/p>\n<div style=\"text-align: justify;\">\n<div class=\"article__embed article__embed--border embed_style\">\n<blockquote><p>\u201cEspero que a C\u00fapula de Paris trabalhe para a cria\u00e7\u00e3o de uma plataforma de interesse p\u00fablico sobre intelig\u00eancia artificial, para que cada na\u00e7\u00e3o possa encontrar na intelig\u00eancia artificial um instrumento para seu pr\u00f3prio desenvolvimento e para a luta contra a pobreza, mas tamb\u00e9m para a prote\u00e7\u00e3o de suas culturas e l\u00ednguas locais.\u201d<\/p><\/blockquote>\n<\/div>\n<\/div>\n<p style=\"text-align: justify;\"><i>Somente dessa forma todos os povos da Terra poder\u00e3o contribuir para a cria\u00e7\u00e3o de dados usados \u200b\u200bpela intelig\u00eancia artificial, de modo que reflitam a verdadeira diversidade e riqueza que distingue nossa fam\u00edlia humana.<\/i><\/p>\n<h2 style=\"text-align: justify;\">Inova\u00e7\u00e3o a servi\u00e7o do bem comum<\/h2>\n<p style=\"text-align: justify;\">Como j\u00e1 havia afirmado no G7 da Puglia, convencido de que, na aus\u00eancia de um controle adequado, a intelig\u00eancia artificial, &#8220;apesar de ser um novo instrumento estimulante, poderia mostrar seu lado mais tem\u00edvel representando uma amea\u00e7a \u00e0 dignidade humana&#8221;, o Pont\u00edfice destaca que uma pol\u00edtica &#8220;saud\u00e1vel&#8221; \u00e9 aquela que insere as inova\u00e7\u00f5es tecnol\u00f3gicas dentro de um projeto maior que busca o bem comum, como ele reiterou v\u00e1rias vezes na Laudato si&#8217;. A seguir, conclui:<\/p>\n<div>\n<div class=\"article__embed article__embed--border embed_style\">\n<blockquote><p>\u201cA intelig\u00eancia artificial, na minha opini\u00e3o, pode se tornar um instrumento poderoso nas m\u00e3os daqueles cientistas e especialistas que cooperam na busca de solu\u00e7\u00f5es inovadoras e criativas que promovam a ecosustentabilidade da Terra, nossa casa comum, sem transcurar o alto consumo de energia associado ao funcionamento das infraestruturas de intelig\u00eancia artificial.\u201d<\/p><\/blockquote>\n<\/div>\n<\/div>\n<\/div>\n<\/div>\n","protected":false},"excerpt":{"rendered":"<p>C\u00fapula de a\u00e7\u00e3o sobre Intelig\u00eancia Artificial, em Paris\u00a0 (ANSA) Francisco enviou uma mensagem \u00e0 C\u00fapula de a\u00e7\u00e3o sobre Intelig\u00eancia Artificial que teve in\u00edcio, em Paris, na segunda-feira, 10 de fevereiro. O Papa espera que seja criada uma plataforma na qual a IA possa ser um instrumento para combater a pobreza, a prote\u00e7\u00e3o das culturas e [&hellip;]<\/p>\n","protected":false},"author":1,"featured_media":92924,"comment_status":"open","ping_status":"closed","sticky":false,"template":"","format":"standard","meta":{"footnotes":""},"categories":[3],"tags":[],"class_list":["post-92923","post","type-post","status-publish","format-standard","has-post-thumbnail","hentry","category-vaticano"],"_links":{"self":[{"href":"https:\/\/catolicanet.net\/wp-cnet\/wp-json\/wp\/v2\/posts\/92923","targetHints":{"allow":["GET"]}}],"collection":[{"href":"https:\/\/catolicanet.net\/wp-cnet\/wp-json\/wp\/v2\/posts"}],"about":[{"href":"https:\/\/catolicanet.net\/wp-cnet\/wp-json\/wp\/v2\/types\/post"}],"author":[{"embeddable":true,"href":"https:\/\/catolicanet.net\/wp-cnet\/wp-json\/wp\/v2\/users\/1"}],"replies":[{"embeddable":true,"href":"https:\/\/catolicanet.net\/wp-cnet\/wp-json\/wp\/v2\/comments?post=92923"}],"version-history":[{"count":1,"href":"https:\/\/catolicanet.net\/wp-cnet\/wp-json\/wp\/v2\/posts\/92923\/revisions"}],"predecessor-version":[{"id":92926,"href":"https:\/\/catolicanet.net\/wp-cnet\/wp-json\/wp\/v2\/posts\/92923\/revisions\/92926"}],"wp:featuredmedia":[{"embeddable":true,"href":"https:\/\/catolicanet.net\/wp-cnet\/wp-json\/wp\/v2\/media\/92924"}],"wp:attachment":[{"href":"https:\/\/catolicanet.net\/wp-cnet\/wp-json\/wp\/v2\/media?parent=92923"}],"wp:term":[{"taxonomy":"category","embeddable":true,"href":"https:\/\/catolicanet.net\/wp-cnet\/wp-json\/wp\/v2\/categories?post=92923"},{"taxonomy":"post_tag","embeddable":true,"href":"https:\/\/catolicanet.net\/wp-cnet\/wp-json\/wp\/v2\/tags?post=92923"}],"curies":[{"name":"wp","href":"https:\/\/api.w.org\/{rel}","templated":true}]}}