{"id":92891,"date":"2025-01-31T08:29:06","date_gmt":"2025-01-31T11:29:06","guid":{"rendered":"https:\/\/catolicanet.net\/wp-cnet\/?p=92891"},"modified":"2025-02-10T12:30:06","modified_gmt":"2025-02-10T15:30:06","slug":"a-apresentacao-do-senhor-um-encontro-com-a-luz-da-salvacao","status":"publish","type":"post","link":"https:\/\/catolicanet.net\/wp-cnet\/a-apresentacao-do-senhor-um-encontro-com-a-luz-da-salvacao\/","title":{"rendered":"A Apresenta\u00e7\u00e3o do Senhor: Um Encontro com a Luz da Salva\u00e7\u00e3o"},"content":{"rendered":"<p style=\"text-align: justify;\">No dia 2 de fevereiro, a Igreja celebra a festa da Apresenta\u00e7\u00e3o do Senhor, tamb\u00e9m conhecida como a festa da Purifica\u00e7\u00e3o de Nossa Senhora ou a festa da Candel\u00e1ria. Esta celebra\u00e7\u00e3o remonta \u00e0 tradi\u00e7\u00e3o judaica narrada no Evangelho de Lucas (2,22-40), onde Maria e Jos\u00e9, em obedi\u00eancia \u00e0 Lei de Mois\u00e9s, levam o Menino Jesus ao Templo de Jerusal\u00e9m quarenta dias ap\u00f3s o seu nascimento para oferec\u00ea-lo ao Senhor e realizar o rito da purifica\u00e7\u00e3o da m\u00e3e.<\/p>\n<p style=\"text-align: justify;\">A apresenta\u00e7\u00e3o de Jesus no Templo n\u00e3o \u00e9 apenas um gesto ritual de cumprimento da Lei, mas um momento de revela\u00e7\u00e3o da identidade de Cristo como <em>\u201cluz para iluminar as na\u00e7\u00f5es\u201d<\/em> (Lc 2,32). Sime\u00e3o, um homem justo e piedoso, inspirado pelo Esp\u00edrito Santo, reconhece no Menino o Messias esperado e proclama o \u201cC\u00e2ntico de Sime\u00e3o\u201d, tamb\u00e9m conhecido como <em>Nunc Dimittis:<\/em><\/p>\n<p style=\"text-align: justify;\"><em>\u201cAgora, Senhor, podes deixar teu servo partir em paz, segundo a tua palavra; porque meus olhos viram a tua salva\u00e7\u00e3o, que preparaste diante de todos os povos: luz para iluminar as na\u00e7\u00f5es e gl\u00f3ria de teu povo Israel\u201d<\/em> (Lc 2,29-32).<\/p>\n<p style=\"text-align: justify;\">Este encontro com Sime\u00e3o simboliza a revela\u00e7\u00e3o de Jesus como a luz que dissipa as trevas do mundo. A tradi\u00e7\u00e3o de ben\u00e7\u00e3o e prociss\u00e3o de velas neste dia refor\u00e7a essa dimens\u00e3o luminosa da festa, dando origem ao nome \u201cCandel\u00e1ria\u201d.<\/p>\n<p style=\"text-align: justify;\">No mesmo epis\u00f3dio, Sime\u00e3o dirige a Maria palavras prof\u00e9ticas que anunciam a futura paix\u00e3o de Cristo: <em>\u201cUma espada atravessar\u00e1 a tua alma\u201d<\/em> (Lc 2,35). Esta profecia antecipa o sofrimento de Maria ao ver seu Filho rejeitado e crucificado. Maria, a M\u00e3e do Redentor, participa do mist\u00e9rio da reden\u00e7\u00e3o desde o in\u00edcio, sendo modelo de f\u00e9 e entrega \u00e0 vontade divina.<\/p>\n<p style=\"text-align: justify;\">Outra figura fundamental no relato \u00e9 a profetisa Ana, uma idosa vi\u00fava que dedicava sua vida ao jejum e \u00e0 ora\u00e7\u00e3o no Templo. Ao ver Jesus, ela tamb\u00e9m reconhece n\u2019Ele a esperan\u00e7a de Israel e passa a anunci\u00e1-lo aos que aguardavam a reden\u00e7\u00e3o. Ana representa todos aqueles que vivem na esperan\u00e7a do cumprimento das promessas divinas e se alegram ao contemplar a salva\u00e7\u00e3o.<\/p>\n<p style=\"text-align: justify;\">A festa da Apresenta\u00e7\u00e3o do Senhor nos convida a um duplo movimento espiritual: apresentar nossas vidas a Deus e reconhecer a luz de Cristo em nosso caminho. Assim como Maria e Jos\u00e9 ofereceram Jesus ao Pai, somos chamados a entregar nossa vida como oferta viva ao Senhor, vivendo em f\u00e9 e servi\u00e7o. E, assim como Sime\u00e3o e Ana reconheceram Jesus como a esperan\u00e7a da humanidade, somos chamados a enxergar a sua luz e lev\u00e1-la aos outros.<\/p>\n<p style=\"text-align: justify;\">Que esta celebra\u00e7\u00e3o renove nossa f\u00e9 e nos impulsione a ser portadores da luz de Cristo no mundo. Am\u00e9m.<\/p>\n","protected":false},"excerpt":{"rendered":"<p>No dia 2 de fevereiro, a Igreja celebra a festa da Apresenta\u00e7\u00e3o do Senhor, tamb\u00e9m conhecida como a festa da Purifica\u00e7\u00e3o de Nossa Senhora ou a festa da Candel\u00e1ria. Esta celebra\u00e7\u00e3o remonta \u00e0 tradi\u00e7\u00e3o judaica narrada no Evangelho de Lucas (2,22-40), onde Maria e Jos\u00e9, em obedi\u00eancia \u00e0 Lei de Mois\u00e9s, levam o Menino Jesus [&hellip;]<\/p>\n","protected":false},"author":53272,"featured_media":92837,"comment_status":"open","ping_status":"closed","sticky":false,"template":"","format":"standard","meta":{"footnotes":""},"categories":[9],"tags":[],"class_list":["post-92891","post","type-post","status-publish","format-standard","has-post-thumbnail","hentry","category-artigos"],"_links":{"self":[{"href":"https:\/\/catolicanet.net\/wp-cnet\/wp-json\/wp\/v2\/posts\/92891","targetHints":{"allow":["GET"]}}],"collection":[{"href":"https:\/\/catolicanet.net\/wp-cnet\/wp-json\/wp\/v2\/posts"}],"about":[{"href":"https:\/\/catolicanet.net\/wp-cnet\/wp-json\/wp\/v2\/types\/post"}],"author":[{"embeddable":true,"href":"https:\/\/catolicanet.net\/wp-cnet\/wp-json\/wp\/v2\/users\/53272"}],"replies":[{"embeddable":true,"href":"https:\/\/catolicanet.net\/wp-cnet\/wp-json\/wp\/v2\/comments?post=92891"}],"version-history":[{"count":1,"href":"https:\/\/catolicanet.net\/wp-cnet\/wp-json\/wp\/v2\/posts\/92891\/revisions"}],"predecessor-version":[{"id":92893,"href":"https:\/\/catolicanet.net\/wp-cnet\/wp-json\/wp\/v2\/posts\/92891\/revisions\/92893"}],"wp:featuredmedia":[{"embeddable":true,"href":"https:\/\/catolicanet.net\/wp-cnet\/wp-json\/wp\/v2\/media\/92837"}],"wp:attachment":[{"href":"https:\/\/catolicanet.net\/wp-cnet\/wp-json\/wp\/v2\/media?parent=92891"}],"wp:term":[{"taxonomy":"category","embeddable":true,"href":"https:\/\/catolicanet.net\/wp-cnet\/wp-json\/wp\/v2\/categories?post=92891"},{"taxonomy":"post_tag","embeddable":true,"href":"https:\/\/catolicanet.net\/wp-cnet\/wp-json\/wp\/v2\/tags?post=92891"}],"curies":[{"name":"wp","href":"https:\/\/api.w.org\/{rel}","templated":true}]}}