{"id":92825,"date":"2025-02-04T10:00:30","date_gmt":"2025-02-04T13:00:30","guid":{"rendered":"https:\/\/catolicanet.net\/wp-cnet\/?p=92825"},"modified":"2025-02-04T14:03:25","modified_gmt":"2025-02-04T17:03:25","slug":"despeco-me-de-tudo-que-me-faz-mal","status":"publish","type":"post","link":"https:\/\/catolicanet.net\/wp-cnet\/despeco-me-de-tudo-que-me-faz-mal\/","title":{"rendered":"Despe\u00e7o-me de tudo que me faz mal"},"content":{"rendered":"<div style=\"text-align: justify;\"><\/div>\n<div class=\"classic-editor\">\n<p style=\"text-align: justify;\"><span class=\"subtitle\">Uma poesia, quase uma ora\u00e7\u00e3o, para deixarmos de lado o que nos faz mal.<\/span><\/p>\n<p style=\"text-align: justify;\">Despe\u00e7o-me da falta de coragem,<br \/>\ndo n\u00f3 na garganta.<\/p>\n<p style=\"text-align: justify;\">Despe\u00e7o-me da falta de tempo,<br \/>\nda desculpa esfarrapada,<br \/>\nde mentira mal contada.<\/p>\n<p style=\"text-align: justify;\">Despe\u00e7o-me do SIM disfar\u00e7ado de N\u00c3O.<\/p>\n<p style=\"text-align: justify;\">Despe\u00e7o-me de regras sobre o amor,<br \/>\npois nunca as cumpri,<br \/>\ndespe\u00e7o-me do medo,<br \/>\nque me segurou quando precisei correr,<br \/>\ndespe\u00e7o-me das l\u00e1grimas presas,<br \/>\nque poderia ter derramado quando pude.<\/p>\n<div id=\"aleteia-welcome\" style=\"text-align: justify;\"><\/div>\n<p style=\"text-align: justify;\">Despe\u00e7o-me do sil\u00eancio<br \/>\nque prendeu minha voz<br \/>\nquando tive urg\u00eancia em chamar por algu\u00e9m.<\/p>\n<p style=\"text-align: justify;\">Despe\u00e7o-me desse meu mundo,<br \/>\nonde n\u00e3o garanto andar em linha reta,<br \/>\nonde vou n\u00e3o existe regras,<br \/>\ntudo \u00e9 livre,<br \/>\ntudo \u00e9 aquarela.<\/p>\n<p style=\"text-align: justify;\">(Autora: Nat\u00e1lia Farias. Via\u00a0<a href=\"https:\/\/proseandopoesia.com.br\/texto\/despeco-me-de-tudo-que-me-faz-mal\/\">Prosa e Poesia<\/a>)<\/p>\n<\/div>\n","protected":false},"excerpt":{"rendered":"<p>Uma poesia, quase uma ora\u00e7\u00e3o, para deixarmos de lado o que nos faz mal. Despe\u00e7o-me da falta de coragem, do n\u00f3 na garganta. Despe\u00e7o-me da falta de tempo, da desculpa esfarrapada, de mentira mal contada. Despe\u00e7o-me do SIM disfar\u00e7ado de N\u00c3O. Despe\u00e7o-me de regras sobre o amor, pois nunca as cumpri, despe\u00e7o-me do medo, que [&hellip;]<\/p>\n","protected":false},"author":1,"featured_media":92826,"comment_status":"open","ping_status":"closed","sticky":false,"template":"","format":"standard","meta":{"footnotes":""},"categories":[4,13],"tags":[],"class_list":["post-92825","post","type-post","status-publish","format-standard","has-post-thumbnail","hentry","category-cotidiano","category-featured"],"_links":{"self":[{"href":"https:\/\/catolicanet.net\/wp-cnet\/wp-json\/wp\/v2\/posts\/92825","targetHints":{"allow":["GET"]}}],"collection":[{"href":"https:\/\/catolicanet.net\/wp-cnet\/wp-json\/wp\/v2\/posts"}],"about":[{"href":"https:\/\/catolicanet.net\/wp-cnet\/wp-json\/wp\/v2\/types\/post"}],"author":[{"embeddable":true,"href":"https:\/\/catolicanet.net\/wp-cnet\/wp-json\/wp\/v2\/users\/1"}],"replies":[{"embeddable":true,"href":"https:\/\/catolicanet.net\/wp-cnet\/wp-json\/wp\/v2\/comments?post=92825"}],"version-history":[{"count":1,"href":"https:\/\/catolicanet.net\/wp-cnet\/wp-json\/wp\/v2\/posts\/92825\/revisions"}],"predecessor-version":[{"id":92828,"href":"https:\/\/catolicanet.net\/wp-cnet\/wp-json\/wp\/v2\/posts\/92825\/revisions\/92828"}],"wp:featuredmedia":[{"embeddable":true,"href":"https:\/\/catolicanet.net\/wp-cnet\/wp-json\/wp\/v2\/media\/92826"}],"wp:attachment":[{"href":"https:\/\/catolicanet.net\/wp-cnet\/wp-json\/wp\/v2\/media?parent=92825"}],"wp:term":[{"taxonomy":"category","embeddable":true,"href":"https:\/\/catolicanet.net\/wp-cnet\/wp-json\/wp\/v2\/categories?post=92825"},{"taxonomy":"post_tag","embeddable":true,"href":"https:\/\/catolicanet.net\/wp-cnet\/wp-json\/wp\/v2\/tags?post=92825"}],"curies":[{"name":"wp","href":"https:\/\/api.w.org\/{rel}","templated":true}]}}