{"id":92793,"date":"2025-02-03T09:34:38","date_gmt":"2025-02-03T12:34:38","guid":{"rendered":"https:\/\/catolicanet.net\/wp-cnet\/?p=92793"},"modified":"2025-02-03T13:35:56","modified_gmt":"2025-02-03T16:35:56","slug":"hoje-e-celebrado-sao-bras-padroeiro-das-enfermidades-da-garganta-e-dos-laringologistas-2","status":"publish","type":"post","link":"https:\/\/catolicanet.net\/wp-cnet\/hoje-e-celebrado-sao-bras-padroeiro-das-enfermidades-da-garganta-e-dos-laringologistas-2\/","title":{"rendered":"Hoje \u00e9 celebrado s\u00e3o Br\u00e1s, padroeiro das enfermidades da garganta e dos laringologistas"},"content":{"rendered":"<p style=\"text-align: justify;\">S\u00e3o Br\u00e1s, m\u00e9dico e bispo do Sebaste, Arm\u00eania, era conhecido por obter curas milagrosas com sua intercess\u00e3o. Certo dia, salvou um menino que estava sufocando por um espinho de peixe agarrado na garganta. Foi da\u00ed que surgiu o costume de aben\u00e7oar as gargantas no dia de sua festa, hoje (3).<\/p>\n<p style=\"text-align: justify;\">S\u00e3o Br\u00e1s nasceu no seio de uma fam\u00edlia pomposa, de pais nobres. Recebeu educa\u00e7\u00e3o crist\u00e3 e se consagrou como bispo quando era ainda muito jovem. Com a persegui\u00e7\u00e3o aos crist\u00e3os, por inspira\u00e7\u00e3o divina, retirou-se a uma cova nas montanhas, frequentada por feras selvagens, \u00e0s quais o santo atendia e curava quando estavam doentes.<\/p>\n<p style=\"text-align: justify;\">Quando alguns ca\u00e7adores foram procurar animais para os jogos da areia no bosque do Argeus, encontraram muitos deles que estavam esperando fora da cova onde estava s\u00e3o Br\u00e1s.<\/p>\n<p style=\"text-align: justify;\">O santo justo se encontrava orando e foi tomado prisioneiro. Agr\u00edcola, governador da Capad\u00f3cia, buscou fazer com que s\u00e3o Br\u00e1s renegasse a f\u00e9, mas n\u00e3o conseguiu. O tempo na pris\u00e3o serviu ao santo para interceder a Deus e obter curas para alguns detentos.<\/p>\n<p style=\"text-align: justify;\">Ele sofreu muitas amea\u00e7as e flagelos para que renunciasse a f\u00e9, mas, por amor a Cristo e \u00e0 Igreja, renunciou \u00e0 pr\u00f3pria vida e foi decapitado no ano de 316.<\/p>\n<p style=\"text-align: justify;\">S\u00e3o Br\u00e1s foi um pastor muito querido pelos fi\u00e9is. Durante o seu cativeiro, na escurid\u00e3o do calabou\u00e7o, obteve de presente de algum de seus amigos um par de velas, com as quais recebia luz e calor. Por isso, na representa\u00e7\u00e3o iconogr\u00e1fica, o santo aparece portando duas velas.<\/p>\n","protected":false},"excerpt":{"rendered":"<p>S\u00e3o Br\u00e1s, m\u00e9dico e bispo do Sebaste, Arm\u00eania, era conhecido por obter curas milagrosas com sua intercess\u00e3o. Certo dia, salvou um menino que estava sufocando por um espinho de peixe agarrado na garganta. Foi da\u00ed que surgiu o costume de aben\u00e7oar as gargantas no dia de sua festa, hoje (3). S\u00e3o Br\u00e1s nasceu no seio [&hellip;]<\/p>\n","protected":false},"author":1,"featured_media":92794,"comment_status":"open","ping_status":"closed","sticky":false,"template":"","format":"standard","meta":{"footnotes":""},"categories":[4,13],"tags":[],"class_list":["post-92793","post","type-post","status-publish","format-standard","has-post-thumbnail","hentry","category-cotidiano","category-featured"],"_links":{"self":[{"href":"https:\/\/catolicanet.net\/wp-cnet\/wp-json\/wp\/v2\/posts\/92793","targetHints":{"allow":["GET"]}}],"collection":[{"href":"https:\/\/catolicanet.net\/wp-cnet\/wp-json\/wp\/v2\/posts"}],"about":[{"href":"https:\/\/catolicanet.net\/wp-cnet\/wp-json\/wp\/v2\/types\/post"}],"author":[{"embeddable":true,"href":"https:\/\/catolicanet.net\/wp-cnet\/wp-json\/wp\/v2\/users\/1"}],"replies":[{"embeddable":true,"href":"https:\/\/catolicanet.net\/wp-cnet\/wp-json\/wp\/v2\/comments?post=92793"}],"version-history":[{"count":1,"href":"https:\/\/catolicanet.net\/wp-cnet\/wp-json\/wp\/v2\/posts\/92793\/revisions"}],"predecessor-version":[{"id":92796,"href":"https:\/\/catolicanet.net\/wp-cnet\/wp-json\/wp\/v2\/posts\/92793\/revisions\/92796"}],"wp:featuredmedia":[{"embeddable":true,"href":"https:\/\/catolicanet.net\/wp-cnet\/wp-json\/wp\/v2\/media\/92794"}],"wp:attachment":[{"href":"https:\/\/catolicanet.net\/wp-cnet\/wp-json\/wp\/v2\/media?parent=92793"}],"wp:term":[{"taxonomy":"category","embeddable":true,"href":"https:\/\/catolicanet.net\/wp-cnet\/wp-json\/wp\/v2\/categories?post=92793"},{"taxonomy":"post_tag","embeddable":true,"href":"https:\/\/catolicanet.net\/wp-cnet\/wp-json\/wp\/v2\/tags?post=92793"}],"curies":[{"name":"wp","href":"https:\/\/api.w.org\/{rel}","templated":true}]}}