{"id":92741,"date":"2025-01-31T09:24:23","date_gmt":"2025-01-31T12:24:23","guid":{"rendered":"https:\/\/catolicanet.net\/wp-cnet\/?p=92741"},"modified":"2025-01-31T13:25:20","modified_gmt":"2025-01-31T16:25:20","slug":"parolin-a-rota-romana-calma-e-paciencia-dos-juizes-diante-dos-acontecimentos-humanos-dolorosos","status":"publish","type":"post","link":"https:\/\/catolicanet.net\/wp-cnet\/parolin-a-rota-romana-calma-e-paciencia-dos-juizes-diante-dos-acontecimentos-humanos-dolorosos\/","title":{"rendered":"Parolin \u00e0 Rota Romana: calma e paci\u00eancia dos ju\u00edzes diante dos acontecimentos humanos dolorosos"},"content":{"rendered":"<div class=\"article__subTitle\" style=\"text-align: justify;\">O secret\u00e1rio de Estado Vaticano celebrou a missa em S\u00e3o Pedro com os membros do Tribunal da Rota Romana, por ocasi\u00e3o da inaugura\u00e7\u00e3o do Ano Judici\u00e1rio: \u00e9 necess\u00e1ria uma &#8220;paci\u00eancia\/compaix\u00e3o&#8221;, que &#8220;nasce da consci\u00eancia de que o judici\u00e1rio, na Igreja, \u00e9 um minist\u00e9rio da verdade, um servi\u00e7o prestado \u00e0s almas em vista de um bem superior&#8221;.<\/div>\n<div class=\"title__separator\" style=\"text-align: justify;\"><\/div>\n<div class=\"article__text\">\n<p style=\"text-align: justify;\"><b>Vatican News<\/b><\/p>\n<p style=\"text-align: justify;\">&#8220;Calma e paci\u00eancia&#8221; no estudo cuidadoso das causas que &#8220;n\u00e3o s\u00e3o exerc\u00edcios acad\u00eamicos abstratos, mas humanos, muito humanos, muitas vezes acontecimentos existenciais dolorosos e dram\u00e1ticos\u201d. Este \u00e9 o mandato que o secret\u00e1rio de Estado, cardeal Pietro Parolin, confiou aos auditores, funcion\u00e1rios, advogados e colaboradores que, nesta sexta-feira (31\/01), inauguram o Ano Judici\u00e1rio do Tribunal da Rota Romana. O cardeal celebrou a missa na Capela Paulina antes da audi\u00eancia com o Papa Francisco, na Resid\u00eancia Apost\u00f3lica.<\/p>\n<h2 style=\"text-align: justify;\">O minist\u00e9rio judici\u00e1rio na Igreja \u00e9 um &#8220;minist\u00e9rio da verdade\u201d<\/h2>\n<p style=\"text-align: justify;\">Em sua homilia, Parolin centrou-se no conceito de \u201cpaci\u00eancia\u201d, que no seu sentido etimol\u00f3gico \u2013 disse ele \u2013 vem do verbo patior: \u201cN\u00e3o significa apenas precis\u00e3o e aten\u00e7\u00e3o, que tamb\u00e9m s\u00e3o necess\u00e1rias, no estudo dos Atos, mas tamb\u00e9m a capacidade de assumir sobre si, isto \u00e9, de ter compaix\u00e3o pelo caso que voc\u00eas t\u00eam prae manibus\u201d. Uma \u201cpaci\u00eancia\/compaix\u00e3o\u201d, portanto, que \u201cnasce da consci\u00eancia de que o minist\u00e9rio judici\u00e1rio, na Igreja, \u00e9 um minist\u00e9rio da verdade, um servi\u00e7o prestado \u00e0s almas em vista de um bem superior que se espera alcan\u00e7ar, compadecendo, compreendendo a imperfei\u00e7\u00e3o dos outros aos quais s\u00e3o chamados a julgar\u201d e que \u201cmuitas vezes n\u00e3o \u00e9 diferente da nossa e evitando sempre qualquer animosidade, partidarismo, personalismo ou atitudes e posi\u00e7\u00f5es preconcebidas\u201d, sublinhou o cardeal. \u201cN\u00f3s\u201d, acrescentou, \u201cpodemos oferecer a nossa humilde colabora\u00e7\u00e3o a este crescimento, abrindo-nos \u00e0 a\u00e7\u00e3o do Esp\u00edrito Santo que habita em nossos cora\u00e7\u00f5es, removendo obst\u00e1culos, vivendo na confian\u00e7a reconfortante de que Deus trabalha em n\u00f3s noite e dia\u201d.<\/p>\n<h2 style=\"text-align: justify;\">A degradante penumbra do indiferentismo<\/h2>\n<p style=\"text-align: justify;\">Inspirando-se no Evangelho da liturgia, o Secret\u00e1rio de Estado observou que &#8220;a hist\u00f3ria do Reino de Deus n\u00e3o pode ser julgada pelos nossos fracassos, estejamos acordados ou dormindo, mesmo que a nossa responsabilidade e o nosso compromisso honesto sejam postos em causa&#8221;. \u201cNem \u2013 disse ele \u2013 a nossa pregui\u00e7a poder\u00e1 impedir o caminho do Reino, nem a nossa agita\u00e7\u00e3o fren\u00e9tica o facilitar\u00e1, se n\u00e3o formos acompanhados pela gra\u00e7a divina que trabalha secretamente nas almas, e se as nossas inten\u00e7\u00f5es n\u00e3o forem retas, claras e honestas\u201d. A Igreja, afirmou Parolin, \u201csabe bem que este Reino cresce nos dias luminosos e tranquilos e nas noites escuras da persegui\u00e7\u00e3o ou na degradante penumbra do indiferentismo\u201d.<\/p>\n<h2 style=\"text-align: justify;\">As &#8220;s\u00e1bias&#8221; palavras do jurista Calamandrei<\/h2>\n<p style=\"text-align: justify;\">\u201cA calma e a paci\u00eancia\u201d, reiterou Parolin, s\u00e3o \u201cvirtudes necess\u00e1rias\u201d e \u201cconstitucionais\u201d, junto com \u201co compromisso di\u00e1rio de um trabalho silencioso\u201d de \u201ctodo bom juiz\u201d. Neste sentido, o cardeal citaou \u201cas s\u00e1bias palavras\u201d de um grande jurista leigo do s\u00e9culo passado Piero Calamandrei, que s\u00e3o v\u00e1lidas tamb\u00e9m para os ju\u00edzes eclesi\u00e1sticos: \u201cN\u00e3o \u00e9 exigido ao juiz que seja um jurista profundo, um jurista refinado, amador de acrobacias te\u00f3ricas, mas de ser um homem de bom senso e de experi\u00eancia humana que com dilig\u00eancia e perspic\u00e1cia saiba reconstruir os fatos, sem se induzir por amor do virtuosismo dogm\u00e1tico, a perder o contato com o terreno s\u00f3lido da realidade\u201d.<\/p>\n<\/div>\n","protected":false},"excerpt":{"rendered":"<p>O secret\u00e1rio de Estado Vaticano celebrou a missa em S\u00e3o Pedro com os membros do Tribunal da Rota Romana, por ocasi\u00e3o da inaugura\u00e7\u00e3o do Ano Judici\u00e1rio: \u00e9 necess\u00e1ria uma &#8220;paci\u00eancia\/compaix\u00e3o&#8221;, que &#8220;nasce da consci\u00eancia de que o judici\u00e1rio, na Igreja, \u00e9 um minist\u00e9rio da verdade, um servi\u00e7o prestado \u00e0s almas em vista de um bem [&hellip;]<\/p>\n","protected":false},"author":1,"featured_media":92742,"comment_status":"open","ping_status":"closed","sticky":false,"template":"","format":"standard","meta":{"footnotes":""},"categories":[3],"tags":[],"class_list":["post-92741","post","type-post","status-publish","format-standard","has-post-thumbnail","hentry","category-vaticano"],"_links":{"self":[{"href":"https:\/\/catolicanet.net\/wp-cnet\/wp-json\/wp\/v2\/posts\/92741","targetHints":{"allow":["GET"]}}],"collection":[{"href":"https:\/\/catolicanet.net\/wp-cnet\/wp-json\/wp\/v2\/posts"}],"about":[{"href":"https:\/\/catolicanet.net\/wp-cnet\/wp-json\/wp\/v2\/types\/post"}],"author":[{"embeddable":true,"href":"https:\/\/catolicanet.net\/wp-cnet\/wp-json\/wp\/v2\/users\/1"}],"replies":[{"embeddable":true,"href":"https:\/\/catolicanet.net\/wp-cnet\/wp-json\/wp\/v2\/comments?post=92741"}],"version-history":[{"count":1,"href":"https:\/\/catolicanet.net\/wp-cnet\/wp-json\/wp\/v2\/posts\/92741\/revisions"}],"predecessor-version":[{"id":92744,"href":"https:\/\/catolicanet.net\/wp-cnet\/wp-json\/wp\/v2\/posts\/92741\/revisions\/92744"}],"wp:featuredmedia":[{"embeddable":true,"href":"https:\/\/catolicanet.net\/wp-cnet\/wp-json\/wp\/v2\/media\/92742"}],"wp:attachment":[{"href":"https:\/\/catolicanet.net\/wp-cnet\/wp-json\/wp\/v2\/media?parent=92741"}],"wp:term":[{"taxonomy":"category","embeddable":true,"href":"https:\/\/catolicanet.net\/wp-cnet\/wp-json\/wp\/v2\/categories?post=92741"},{"taxonomy":"post_tag","embeddable":true,"href":"https:\/\/catolicanet.net\/wp-cnet\/wp-json\/wp\/v2\/tags?post=92741"}],"curies":[{"name":"wp","href":"https:\/\/api.w.org\/{rel}","templated":true}]}}