{"id":92702,"date":"2025-01-29T10:21:59","date_gmt":"2025-01-29T13:21:59","guid":{"rendered":"https:\/\/catolicanet.net\/wp-cnet\/?p=92702"},"modified":"2025-01-29T13:23:32","modified_gmt":"2025-01-29T16:23:32","slug":"a-regra-de-sao-bento-um-segredo-para-viver-melhor","status":"publish","type":"post","link":"https:\/\/catolicanet.net\/wp-cnet\/a-regra-de-sao-bento-um-segredo-para-viver-melhor\/","title":{"rendered":"A Regra de S\u00e3o Bento, um segredo para viver melhor"},"content":{"rendered":"<p style=\"text-align: justify;\"><span class=\"SubHeading_subheading__NJ_eJ\" aria-label=\"post subtitle\">Concentrar-se no que \u00e9 essencial faz com que o seu dia seja mais bonito, pac\u00edfico e produtivo. Voc\u00ea conhece a Regra de S\u00e3o Bento?<\/span><\/p>\n<div style=\"text-align: justify;\"><\/div>\n<div style=\"text-align: justify;\">\n<p>\u00c9 sempre uma boa ideia refletir sobre como voc\u00ea pode viver melhor o seu dia. A Aleteia lhe d\u00e1 algumas ideias, seguindo uma estrutura testada e comprovada que remonta\u00a0a mais de 1.500 anos.<\/p>\n<\/div>\n<div style=\"text-align: justify;\">\n<p>Atividades divertidas, relaxamento, descanso\u2026 Dependendo do seu perfil e or\u00e7amento, nem todas essas ideias s\u00e3o adequadas. D\u00ea uma olhada nos monges, cujo ritmo di\u00e1rio \u00e9 t\u00e3o bem organizado que eles quase nunca tiram nem mesmo f\u00e9rias: na Regra de S\u00e3o Bento, os dias s\u00e3o estruturados em torno da ora\u00e7\u00e3o, do trabalho manual e da lectio divina, em perfeito equil\u00edbrio. Uma varia\u00e7\u00e3o para os leigos poderia ser:<\/p>\n<\/div>\n<h2 class=\"RichList_wrapper__l0kVU\" style=\"text-align: justify;\"><strong class=\"RichList_strong__koiGs\">1 UM TEMPO PARA O CORPO<\/strong><\/h2>\n<div style=\"text-align: justify;\">\n<figure class=\"ImageBlock_figure__x1S9e\"><img loading=\"lazy\" decoding=\"async\" class=\"ImageBlock_image__Y5gng\" src=\"https:\/\/wp.pt.aleteia.org\/wp-content\/uploads\/sites\/5\/2023\/04\/shutterstock_1903417390.jpg?resize=620,414&amp;q=75\" sizes=\"auto, \" srcset=\"https:\/\/wp.pt.aleteia.org\/wp-content\/uploads\/sites\/5\/2023\/04\/shutterstock_1903417390.jpg?resize=620,414&amp;q=75 1x\" alt=\"\" width=\"4240\" height=\"2832\" data-nimg=\"1\" \/><figcaption class=\"ImageBlock_figcaption__FFRgM\" aria-label=\"#image_title\">#image_title<\/figcaption><div class=\"ImageBlock_copyright__mSdmK\">Shutterstock<\/div>\n<\/figure>\n<\/div>\n<div style=\"text-align: justify;\">\n<p>Seja para dormir um pouco, fazer uma dieta balanceada ou praticar algum esporte, o ritmo di\u00e1rio \u00e0s vezes deixa pouco espa\u00e7o para ouvir as necessidades do corpo. Aproveite ao m\u00e1ximo seus momentos de lazer e descanso para cuidar da sa\u00fade. Esse tempo dedicado ao seu corpo tamb\u00e9m pode ser usado para atividades manuais realizadas sozinho ou em fam\u00edlia: bricolagem e jardinagem t\u00eam a vantagem de proporcionar uma satisfa\u00e7\u00e3o gratificante depois de conclu\u00eddas. Essas atividades, realizadas em conjunto, s\u00e3o um caldeir\u00e3o de novos relacionamentos, fontes de alegria e boas lembran\u00e7as, ainda mais se fizerem parte de um servi\u00e7o!<\/p>\n<\/div>\n<h2 class=\"RichList_wrapper__l0kVU\" style=\"text-align: justify;\"><strong class=\"RichList_strong__koiGs\">2 UM MOMENTO PARA A MENTE<\/strong><\/h2>\n<div style=\"text-align: justify;\">\n<figure class=\"ImageBlock_figure__x1S9e\"><img loading=\"lazy\" decoding=\"async\" class=\"ImageBlock_image__Y5gng\" src=\"https:\/\/wp.pt.aleteia.org\/wp-content\/uploads\/sites\/5\/2023\/06\/BOOK-READING-shutterstock_525153193.jpg?resize=620,413&amp;q=75\" sizes=\"auto, \" srcset=\"https:\/\/wp.pt.aleteia.org\/wp-content\/uploads\/sites\/5\/2023\/06\/BOOK-READING-shutterstock_525153193.jpg?resize=620,413&amp;q=75 1x\" alt=\"BOOK-READING-shutterstock_525153193.jpg\" width=\"6016\" height=\"4016\" data-nimg=\"1\" \/><figcaption class=\"ImageBlock_figcaption__FFRgM\" aria-label=\"#image_title\">#image_title<\/figcaption><div class=\"ImageBlock_copyright__mSdmK\">Shutterstock I TippaPatt<\/div>\n<\/figure>\n<\/div>\n<div style=\"text-align: justify;\">\n<p>Quando foi a \u00faltima vez que voc\u00ea abriu um livro? Abra a porta de uma livraria e escolha sua pr\u00f3xima leitura! Hoje \u00e9 o momento prop\u00edcio para fazer uma retrospectiva dos meses que j\u00e1 se passaram este ano, em casal ou em fam\u00edlia, para analisar o que o ajudou a crescer e as dificuldades que enfrentou, mas tamb\u00e9m para olhar para os meses que est\u00e3o por vir, os compromissos que voc\u00ea pode aceitar e as \u00e1reas em que deseja progredir.<\/p>\n<\/div>\n<h2 class=\"RichList_wrapper__l0kVU\" style=\"text-align: justify;\"><strong class=\"RichList_strong__koiGs\">3 UM TEMPO PARA A ALMA<\/strong><\/h2>\n<div style=\"text-align: justify;\">\n<figure class=\"ImageBlock_figure__x1S9e\"><img loading=\"lazy\" decoding=\"async\" class=\"ImageBlock_image__Y5gng\" src=\"https:\/\/wp.pt.aleteia.org\/wp-content\/uploads\/sites\/5\/2022\/05\/shutterstock_1690767523.jpg?resize=620,413&amp;q=75\" sizes=\"auto, \" srcset=\"https:\/\/wp.pt.aleteia.org\/wp-content\/uploads\/sites\/5\/2022\/05\/shutterstock_1690767523.jpg?resize=620,413&amp;q=75 1x\" alt=\"\" width=\"1000\" height=\"667\" data-nimg=\"1\" \/><\/p>\n<div class=\"ImageBlock_copyright__mSdmK\">Tonktiti | Shutterstock<\/div>\n<\/figure>\n<\/div>\n<div style=\"text-align: justify;\">\n<p>Para muitas pessoas, come\u00e7ar o dia cedo permite que elas o aproveitem ao m\u00e1ximo. Por que n\u00e3o usar esse recurso em seu telefone para definir um lembrete di\u00e1rio e fazer um momento de ora\u00e7\u00e3o no in\u00edcio do dia? Comece com cinco minutos lendo as leituras do dia, e esse compromisso, honrado diariamente, ser\u00e1 um bom h\u00e1bito a ser adotado.<\/p>\n<\/div>\n<h2 class=\"RichList_wrapper__l0kVU\" style=\"text-align: justify;\"><strong class=\"RichList_strong__koiGs\">4 FA\u00c7A DE SUA CASA UM LUGAR DE BOAS-VINDAS<\/strong><\/h2>\n<div style=\"text-align: justify;\"><\/div>\n<div style=\"text-align: justify;\">\n<figure class=\"ImageBlock_figure__x1S9e\"><img loading=\"lazy\" decoding=\"async\" class=\"ImageBlock_image__Y5gng\" src=\"https:\/\/wp.pt.aleteia.org\/wp-content\/uploads\/sites\/5\/2023\/07\/FAMILY-MEAL-DINNER-GARDEN.jpg?resize=620,348&amp;q=75\" sizes=\"auto, \" srcset=\"https:\/\/wp.pt.aleteia.org\/wp-content\/uploads\/sites\/5\/2023\/07\/FAMILY-MEAL-DINNER-GARDEN.jpg?resize=620,348&amp;q=75 1x\" alt=\"\" width=\"1200\" height=\"675\" data-nimg=\"1\" \/><figcaption class=\"ImageBlock_figcaption__FFRgM\" aria-label=\"#image_title\">#image_title<\/figcaption><div class=\"ImageBlock_copyright__mSdmK\">Gorodenkoff I Shutterstock<\/div>\n<\/figure>\n<\/div>\n<div style=\"text-align: justify;\">\n<p>S\u00e3o Bento dedica um cap\u00edtulo inteiro \u00e0 quest\u00e3o da hospitalidade. O cap\u00edtulo 53 afirma: &#8220;Todos os h\u00f3spedes que chegarem ser\u00e3o recebidos como Cristo, pois ele mesmo dever\u00e1 dizer um dia: &#8216;Pedi hospitalidade e voc\u00eas me receberam'&#8221; (Mt 25:35).<\/p>\n<\/div>\n<div style=\"text-align: justify;\">\n<p>Churrascos com amigos e aperitivos com a fam\u00edlia ilustram o esp\u00edrito festivo que \u00e9 a marca registrada de um fim de semana bem-sucedido. Sejamos convidados ou anfitri\u00f5es, muitas vezes pensamos nos fins de semana como uma forma de dar as boas-vindas aos outros e interagir. Assim, um fim de semana crist\u00e3o pode ser tamb\u00e9m um momento em que nos permitimos ser surpreendidos pelo inesperado, seja por familiares ou amigos que se convidam para estar juntos, ou simplesmente por uma crian\u00e7a que traz um jogo de tabuleiro justamente quando quer\u00edamos tomar nosso caf\u00e9?<\/p>\n<\/div>\n<h2 class=\"RichList_wrapper__l0kVU\" style=\"text-align: justify;\"><strong class=\"RichList_strong__koiGs\">5 RECONEX\u00c3O COM A NATUREZA<\/strong><\/h2>\n<div style=\"text-align: justify;\">\n<figure class=\"ImageBlock_figure__x1S9e\"><img loading=\"lazy\" decoding=\"async\" class=\"ImageBlock_image__Y5gng\" src=\"https:\/\/wp.pt.aleteia.org\/wp-content\/uploads\/sites\/5\/2021\/08\/Webp.net-resizeimage30-8.jpg?resize=620,381&amp;q=75\" sizes=\"auto, \" srcset=\"https:\/\/wp.pt.aleteia.org\/wp-content\/uploads\/sites\/5\/2021\/08\/Webp.net-resizeimage30-8.jpg?resize=620,381&amp;q=75 1x\" alt=\"\" width=\"1272\" height=\"783\" data-nimg=\"1\" \/><\/p>\n<div class=\"ImageBlock_copyright__mSdmK\">Halfpoint | Shutterstock<\/div>\n<\/figure>\n<\/div>\n<div>\n<p style=\"text-align: justify;\">Aproveite especialmente seus finais de semana para se reconectar com a natureza, que \u00e0s vezes \u00e9 esquecida quando se vive em uma \u00e1rea urbana. Belas paisagens, sob um sol t\u00edmido ou durante a hora dourada &#8211; aqueles breves momentos ap\u00f3s o nascer do sol ou antes do p\u00f4r do sol que s\u00e3o t\u00e3o populares entre os fot\u00f3grafos &#8211; s\u00e3o lugares de admira\u00e7\u00e3o e contempla\u00e7\u00e3o. Estar em contato com a natureza dessa forma nos lembra que fomos criados pelo Deus que colocou todo o seu amor tanto para erguer o Everest quanto para fazer a mais simples margarida florescer. Reservar um tempo para entrar em contato com a natureza, em toda a sua simplicidade e beleza, nos permite vivenciar um momento de recria\u00e7\u00e3o no qual sentimos o gosto da paz em vez do relaxamento e da alegria em vez do prazer.<\/p>\n<\/div>\n","protected":false},"excerpt":{"rendered":"<p>Concentrar-se no que \u00e9 essencial faz com que o seu dia seja mais bonito, pac\u00edfico e produtivo. Voc\u00ea conhece a Regra de S\u00e3o Bento? \u00c9 sempre uma boa ideia refletir sobre como voc\u00ea pode viver melhor o seu dia. A Aleteia lhe d\u00e1 algumas ideias, seguindo uma estrutura testada e comprovada que remonta\u00a0a mais de [&hellip;]<\/p>\n","protected":false},"author":1,"featured_media":92703,"comment_status":"open","ping_status":"closed","sticky":false,"template":"","format":"standard","meta":{"footnotes":""},"categories":[4],"tags":[],"class_list":["post-92702","post","type-post","status-publish","format-standard","has-post-thumbnail","hentry","category-cotidiano"],"_links":{"self":[{"href":"https:\/\/catolicanet.net\/wp-cnet\/wp-json\/wp\/v2\/posts\/92702","targetHints":{"allow":["GET"]}}],"collection":[{"href":"https:\/\/catolicanet.net\/wp-cnet\/wp-json\/wp\/v2\/posts"}],"about":[{"href":"https:\/\/catolicanet.net\/wp-cnet\/wp-json\/wp\/v2\/types\/post"}],"author":[{"embeddable":true,"href":"https:\/\/catolicanet.net\/wp-cnet\/wp-json\/wp\/v2\/users\/1"}],"replies":[{"embeddable":true,"href":"https:\/\/catolicanet.net\/wp-cnet\/wp-json\/wp\/v2\/comments?post=92702"}],"version-history":[{"count":1,"href":"https:\/\/catolicanet.net\/wp-cnet\/wp-json\/wp\/v2\/posts\/92702\/revisions"}],"predecessor-version":[{"id":92705,"href":"https:\/\/catolicanet.net\/wp-cnet\/wp-json\/wp\/v2\/posts\/92702\/revisions\/92705"}],"wp:featuredmedia":[{"embeddable":true,"href":"https:\/\/catolicanet.net\/wp-cnet\/wp-json\/wp\/v2\/media\/92703"}],"wp:attachment":[{"href":"https:\/\/catolicanet.net\/wp-cnet\/wp-json\/wp\/v2\/media?parent=92702"}],"wp:term":[{"taxonomy":"category","embeddable":true,"href":"https:\/\/catolicanet.net\/wp-cnet\/wp-json\/wp\/v2\/categories?post=92702"},{"taxonomy":"post_tag","embeddable":true,"href":"https:\/\/catolicanet.net\/wp-cnet\/wp-json\/wp\/v2\/tags?post=92702"}],"curies":[{"name":"wp","href":"https:\/\/api.w.org\/{rel}","templated":true}]}}