{"id":92662,"date":"2025-01-25T12:34:33","date_gmt":"2025-01-25T15:34:33","guid":{"rendered":"https:\/\/catolicanet.net\/wp-cnet\/?p=92662"},"modified":"2025-01-28T12:35:27","modified_gmt":"2025-01-28T15:35:27","slug":"o-domingo-da-palavra-de-deus-celebrando-a-riqueza-das-escrituras-sagradas","status":"publish","type":"post","link":"https:\/\/catolicanet.net\/wp-cnet\/o-domingo-da-palavra-de-deus-celebrando-a-riqueza-das-escrituras-sagradas\/","title":{"rendered":"O Domingo da Palavra de Deus: Celebrando a Riqueza das Escrituras Sagradas"},"content":{"rendered":"<p style=\"text-align: justify;\">O Domingo da Palavra de Deus, institu\u00eddo pelo Papa Francisco em 2019 por meio do Motu Proprio <em>Aperuit Illis<\/em>, \u00e9 celebrado anualmente no terceiro domingo do Tempo Comum. Este dia \u00e9 dedicado a destacar a centralidade da Palavra de Deus na vida da Igreja e dos fi\u00e9is, incentivando a leitura, o estudo e a viv\u00eancia das Escrituras.<\/p>\n<p style=\"text-align: justify;\">A Sagrada Escritura \u00e9 o cora\u00e7\u00e3o pulsante da vida crist\u00e3. Como afirma o Salmo 119,105: <em>\u201cTua palavra \u00e9 l\u00e2mpada para os meus p\u00e9s e luz para o meu caminho\u201d<\/em>. A B\u00edblia n\u00e3o \u00e9 apenas um livro, mas a revela\u00e7\u00e3o do amor de Deus, uma mensagem viva que nos orienta em nossa jornada de f\u00e9.<\/p>\n<p style=\"text-align: justify;\">Para este ano, o Santo Padre definiu que o lema \u00e9: \u201c<strong>Espero em tua Palavra<\/strong>\u201d, frase retirada do vers\u00edculo 74 do Salmo 119. \u201c<em>Trata-se de um grito de esperan\u00e7a: o homem, no momento da ang\u00fastia, da tribula\u00e7\u00e3o, da falta de sentido, clama a Deus e p\u00f5e nele toda a sua esperan\u00e7a<\/em>\u201d. Como disse o Arcebispo Rino Fisichella: \u201c<em>O Domingo da Palavra de Deus permite aos crist\u00e3os refor\u00e7ar, uma vez mais, o convite tenaz de Jesus a escutar e a guardar a sua Palavra, para oferecer ao mundo um testemunho de esperan\u00e7a que permita superar as dificuldades do momento presente<\/em>\u201d.<\/p>\n<p style=\"text-align: justify;\">O Domingo da Palavra de Deus nos lembra que as Escrituras n\u00e3o devem ser relegadas a um segundo plano, mas ocupar um lugar de destaque em nossa espiritualidade, em nossas celebra\u00e7\u00f5es lit\u00fargicas e em nossa vida cotidiana.<\/p>\n<p style=\"text-align: justify;\">O Papa Francisco destaca que, ao lermos a B\u00edblia, encontramos o pr\u00f3prio Cristo, pois Ele \u00e9 a Palavra viva de Deus. Este encontro transforma nossos cora\u00e7\u00f5es e nos impulsiona a sermos testemunhas do Evangelho no mundo.<\/p>\n<p style=\"text-align: justify;\">Na liturgia, especialmente na proclama\u00e7\u00e3o do Evangelho, Cristo se faz presente e fala diretamente ao seu povo. Por isso, a Igreja nos convida a ouvir a Palavra com aten\u00e7\u00e3o e a meditar sobre ela, deixando que ela penetre profundamente em nossas vidas.<\/p>\n<p style=\"text-align: justify;\">O Domingo da Palavra de Deus tamb\u00e9m refor\u00e7a o chamado mission\u00e1rio de cada crist\u00e3o. A exemplo dos disc\u00edpulos de Ema\u00fas (Lc 24,13-35), somos convidados a reconhecer Cristo que caminha conosco, a escutar sua Palavra e a lev\u00e1-la a todos os cantos do mundo.<\/p>\n<p style=\"text-align: justify;\">A leitura orante da B\u00edblia, a <em>Lectio Divina<\/em>, \u00e9 uma pr\u00e1tica preciosa para nos aprofundarmos na Palavra. Por meio dela, somos conduzidos a meditar, rezar e contemplar o que Deus nos comunica, permitindo que essa mensagem se torne a\u00e7\u00e3o em nossas vidas.<\/p>\n<p style=\"text-align: justify;\">Celebrar o Domingo da Palavra de Deus \u00e9 tamb\u00e9m um convite \u00e0 convers\u00e3o. A Palavra nos chama \u00e0 justi\u00e7a, \u00e0 caridade e \u00e0 paz, inspirando-nos a transformar nossas atitudes e a construir uma sociedade mais fraterna.<\/p>\n<p style=\"text-align: justify;\">Neste dia, somos encorajados a refletir sobre como podemos integrar a B\u00edblia em nossas fam\u00edlias, comunidades e par\u00f3quias. A promo\u00e7\u00e3o de c\u00edrculos b\u00edblicos, estudos das Escrituras e momentos de ora\u00e7\u00e3o comunit\u00e1ria s\u00e3o formas concretas de vivermos este compromisso.<\/p>\n<p style=\"text-align: justify;\">O Domingo da Palavra de Deus \u00e9 um momento especial para renovar nosso amor pelas Escrituras e nosso desejo de viver segundo o Evangelho. Que possamos, como Maria, guardar a Palavra em nossos cora\u00e7\u00f5es e, como os ap\u00f3stolos, proclam\u00e1-la com coragem ao mundo.<\/p>\n<p style=\"text-align: justify;\">Que este dia inspire cada um de n\u00f3s a redescobrir a riqueza inesgot\u00e1vel da Palavra de Deus e a fazer dela uma fonte de vida e esperan\u00e7a em nossa caminhada de f\u00e9.<\/p>\n<p><strong>\u00a0<\/strong><\/p>\n<p style=\"text-align: center;\"><strong>+Anuar Battisti<\/strong><br \/>\n<strong>Arcebispo Em\u00e9rito de Maring\u00e1 (PR)<\/strong><\/p>\n","protected":false},"excerpt":{"rendered":"<p>O Domingo da Palavra de Deus, institu\u00eddo pelo Papa Francisco em 2019 por meio do Motu Proprio Aperuit Illis, \u00e9 celebrado anualmente no terceiro domingo do Tempo Comum. Este dia \u00e9 dedicado a destacar a centralidade da Palavra de Deus na vida da Igreja e dos fi\u00e9is, incentivando a leitura, o estudo e a viv\u00eancia [&hellip;]<\/p>\n","protected":false},"author":1,"featured_media":55814,"comment_status":"open","ping_status":"closed","sticky":false,"template":"","format":"standard","meta":{"footnotes":""},"categories":[9],"tags":[],"class_list":["post-92662","post","type-post","status-publish","format-standard","has-post-thumbnail","hentry","category-artigos"],"_links":{"self":[{"href":"https:\/\/catolicanet.net\/wp-cnet\/wp-json\/wp\/v2\/posts\/92662","targetHints":{"allow":["GET"]}}],"collection":[{"href":"https:\/\/catolicanet.net\/wp-cnet\/wp-json\/wp\/v2\/posts"}],"about":[{"href":"https:\/\/catolicanet.net\/wp-cnet\/wp-json\/wp\/v2\/types\/post"}],"author":[{"embeddable":true,"href":"https:\/\/catolicanet.net\/wp-cnet\/wp-json\/wp\/v2\/users\/1"}],"replies":[{"embeddable":true,"href":"https:\/\/catolicanet.net\/wp-cnet\/wp-json\/wp\/v2\/comments?post=92662"}],"version-history":[{"count":1,"href":"https:\/\/catolicanet.net\/wp-cnet\/wp-json\/wp\/v2\/posts\/92662\/revisions"}],"predecessor-version":[{"id":92664,"href":"https:\/\/catolicanet.net\/wp-cnet\/wp-json\/wp\/v2\/posts\/92662\/revisions\/92664"}],"wp:featuredmedia":[{"embeddable":true,"href":"https:\/\/catolicanet.net\/wp-cnet\/wp-json\/wp\/v2\/media\/55814"}],"wp:attachment":[{"href":"https:\/\/catolicanet.net\/wp-cnet\/wp-json\/wp\/v2\/media?parent=92662"}],"wp:term":[{"taxonomy":"category","embeddable":true,"href":"https:\/\/catolicanet.net\/wp-cnet\/wp-json\/wp\/v2\/categories?post=92662"},{"taxonomy":"post_tag","embeddable":true,"href":"https:\/\/catolicanet.net\/wp-cnet\/wp-json\/wp\/v2\/tags?post=92662"}],"curies":[{"name":"wp","href":"https:\/\/api.w.org\/{rel}","templated":true}]}}