{"id":92644,"date":"2025-01-28T09:21:40","date_gmt":"2025-01-28T12:21:40","guid":{"rendered":"https:\/\/catolicanet.net\/wp-cnet\/?p=92644"},"modified":"2025-01-28T12:23:59","modified_gmt":"2025-01-28T15:23:59","slug":"3-santos-que-gostavam-de-praticar-esportes","status":"publish","type":"post","link":"https:\/\/catolicanet.net\/wp-cnet\/3-santos-que-gostavam-de-praticar-esportes\/","title":{"rendered":"3 santos que gostavam de praticar esportes"},"content":{"rendered":"<p style=\"text-align: justify;\"><span class=\"SubHeading_subheading__NJ_eJ\" aria-label=\"post subtitle\">Quer come\u00e7ar uma atividade f\u00edsica? Inspire-se nestes exemplos<\/span><\/p>\n<div style=\"text-align: justify;\"><\/div>\n<div style=\"text-align: justify;\">\n<p>Muitos santos encontraram no esporte um caminho para cuidar do corpo e da alma e podem servir de\u00a0inspira\u00e7\u00e3o para quem quer come\u00e7ar uma atividade f\u00edsica.<\/p>\n<\/div>\n<div style=\"text-align: justify;\">\n<p>D\u00ea uma olhada nestes exemplos\u00a0para voc\u00ea tamb\u00e9m se sentir encorajado a come\u00e7ar uma vida mais saud\u00e1vel, regada a muito esporte. Afinal, &#8220;corpo s\u00e3o, mente s\u00e3&#8221;.<\/p>\n<\/div>\n<h2 class=\"RichList_wrapper__l0kVU\" style=\"text-align: justify;\"><strong class=\"RichList_strong__koiGs\">1 S\u00e3o Jo\u00e3o Paulo II<\/strong><\/h2>\n<div style=\"text-align: justify;\">\n<p>Ele era praticante de esqui e curtia fazer trilhas.\u00a0N\u00e3o foram poucas as vezes em que fez suas sa\u00eddas \u201cclandestinas\u201d do Vaticano para\u00a0<a title=\"\" href=\"https:\/\/g1.globo.com\/Noticias\/Mundo\/0,,AA1437566-5602,00-PAPA+JOAO+PAULO+II+ESQUIAVA+INCOGNITO+NOS+ANOS.html\">esquiar nas montanha<\/a>s da regi\u00e3o de Abruzzo.\u00a0Nas f\u00e9rias do inverno, o Papa costumava escolher esse destino, demostrando seu amor pela natureza e pelo esporte.\u00a0Wojtyla tamb\u00e9m jogava futebol na equipe juvenil de Wadowice. Era t\u00e3o bom jogador que lhe chamavam \u201cMartyna\u201d, um jogador de futebol c\u00e9lebre na \u00e9poca. Fazia excurs\u00f5es \u00e0s montanhas, nadava nas \u00e1guas do rio Skawa, escrevia poesia, compunha can\u00e7\u00f5es e tamb\u00e9m gostava de dan\u00e7a. Certa vez, ele disse:<\/p>\n<\/div>\n<blockquote class=\"Quote_container__XMwM_\">\n<div>\n<p><i>\u201cO esporte contribui para o amor \u00e0 vida e ensina sacrif\u00edcio, respeito e responsabilidade, levando ao pleno desenvolvimento de toda pessoa humana.\u201d<\/i><\/p>\n<\/div>\n<div><\/div>\n<\/blockquote>\n<div style=\"text-align: justify;\">\n<figure class=\"alignnone\"><img decoding=\"async\" src=\"https:\/\/wp.pt.aleteia.org\/wp-content\/uploads\/sites\/5\/2017\/11\/web-john-paul-ii-jpii-skiing-skiis-sports-mountain-ski-catholic-press-photo.jpg\" alt=\"web-john-paul-ii-jpii-skiing-skiis-sports-mountain-ski-catholic-press-photo\" \/><\/p>\n<footer><small><\/small><\/footer>\n<\/figure>\n<\/div>\n<h2 class=\"RichList_wrapper__l0kVU\" style=\"text-align: justify;\"><strong class=\"RichList_strong__koiGs\">2 Santa Teresa dos Andes<\/strong><\/h2>\n<div style=\"text-align: justify;\">\n<p>Era uma garota chilena que adorava nadar (na piscina e no mar) e andar a cavalo. Teresa tamb\u00e9m jogava t\u00eanis e croquet, adorava cantar e tocar viol\u00e3o e era uma excelente dan\u00e7arina. Embora ela lutasse com seu temperamento e teimosia, seguiu para o Carmelo e tornou-se freira.\u00a0Uma de suas frases mais lindas (e que tem a ver com o esporte) \u00e9:<\/p>\n<\/div>\n<blockquote class=\"Quote_container__XMwM_\">\n<div>\n<p><i>&#8220;Quando se ama tudo \u00e9 alegria: a cruz n\u00e3o pesa, o mart\u00edrio n\u00e3o se sente. Vive-se mais no C\u00e9u que na Terra.&#8221;<\/i><\/p>\n<\/div>\n<div><\/div>\n<\/blockquote>\n<div style=\"text-align: justify;\">\n<figure class=\"alignnone\"><img decoding=\"async\" src=\"https:\/\/wp.pt.aleteia.org\/wp-content\/uploads\/sites\/5\/2019\/07\/web3-teresa-de-los-andes-chilean-saint-pd.jpg\" alt=\"TERESA DE LOS ANDES\" \/><\/p>\n<footer><small>Public domain<\/small><\/footer>\n<\/figure>\n<\/div>\n<div style=\"text-align: justify;\"><\/div>\n<h2 class=\"RichList_wrapper__l0kVU\" style=\"text-align: justify;\"><strong class=\"RichList_strong__koiGs\">3 Beato Pier Giorgio Frassati<\/strong><\/h2>\n<div style=\"text-align: justify;\">\n<p>Outro apaixonado por esportes, principalmente por montanhismo. Pier era um jovem igual a voc\u00ea, super ativo e, sempre que podia, praticava esses exerc\u00edcios ao ar livre\u00a0 e meditava o quanto era amado por Deus.\u00a0 N\u00e3o \u00e9 \u00e0 toa que uma de suas frases mais lindas e conhecidas \u00e9:<\/p>\n<\/div>\n<blockquote class=\"Quote_container__XMwM_\">\n<div>\n<p><i>&#8220;Voc\u00ea me pergunta se sou alegre. Como n\u00e3o poderia ser? Um cat\u00f3lico n\u00e3o pode n\u00e3o ser alegre; a tristeza tem de estar proibida para as almas dos cat\u00f3licos.&#8221;<\/i><\/p>\n<\/div>\n<div><\/div>\n<\/blockquote>\n<div>\n<figure class=\"alignnone\" style=\"text-align: justify;\"><img decoding=\"async\" src=\"https:\/\/wp.pt.aleteia.org\/wp-content\/uploads\/sites\/5\/2019\/07\/web3-pier-giorgio-frassati-wikipedia.jpg\" alt=\"PIER GIORGIO FRASSATI\" \/><\/p>\n<footer><small>Wikipedia | Public Domain<\/small><\/footer>\n<\/figure>\n<\/div>\n","protected":false},"excerpt":{"rendered":"<p>Quer come\u00e7ar uma atividade f\u00edsica? Inspire-se nestes exemplos Muitos santos encontraram no esporte um caminho para cuidar do corpo e da alma e podem servir de\u00a0inspira\u00e7\u00e3o para quem quer come\u00e7ar uma atividade f\u00edsica. D\u00ea uma olhada nestes exemplos\u00a0para voc\u00ea tamb\u00e9m se sentir encorajado a come\u00e7ar uma vida mais saud\u00e1vel, regada a muito esporte. Afinal, &#8220;corpo [&hellip;]<\/p>\n","protected":false},"author":1,"featured_media":92645,"comment_status":"open","ping_status":"closed","sticky":false,"template":"","format":"standard","meta":{"footnotes":""},"categories":[13],"tags":[],"class_list":["post-92644","post","type-post","status-publish","format-standard","has-post-thumbnail","hentry","category-featured"],"_links":{"self":[{"href":"https:\/\/catolicanet.net\/wp-cnet\/wp-json\/wp\/v2\/posts\/92644","targetHints":{"allow":["GET"]}}],"collection":[{"href":"https:\/\/catolicanet.net\/wp-cnet\/wp-json\/wp\/v2\/posts"}],"about":[{"href":"https:\/\/catolicanet.net\/wp-cnet\/wp-json\/wp\/v2\/types\/post"}],"author":[{"embeddable":true,"href":"https:\/\/catolicanet.net\/wp-cnet\/wp-json\/wp\/v2\/users\/1"}],"replies":[{"embeddable":true,"href":"https:\/\/catolicanet.net\/wp-cnet\/wp-json\/wp\/v2\/comments?post=92644"}],"version-history":[{"count":1,"href":"https:\/\/catolicanet.net\/wp-cnet\/wp-json\/wp\/v2\/posts\/92644\/revisions"}],"predecessor-version":[{"id":92647,"href":"https:\/\/catolicanet.net\/wp-cnet\/wp-json\/wp\/v2\/posts\/92644\/revisions\/92647"}],"wp:featuredmedia":[{"embeddable":true,"href":"https:\/\/catolicanet.net\/wp-cnet\/wp-json\/wp\/v2\/media\/92645"}],"wp:attachment":[{"href":"https:\/\/catolicanet.net\/wp-cnet\/wp-json\/wp\/v2\/media?parent=92644"}],"wp:term":[{"taxonomy":"category","embeddable":true,"href":"https:\/\/catolicanet.net\/wp-cnet\/wp-json\/wp\/v2\/categories?post=92644"},{"taxonomy":"post_tag","embeddable":true,"href":"https:\/\/catolicanet.net\/wp-cnet\/wp-json\/wp\/v2\/tags?post=92644"}],"curies":[{"name":"wp","href":"https:\/\/api.w.org\/{rel}","templated":true}]}}