{"id":92640,"date":"2025-01-28T09:17:55","date_gmt":"2025-01-28T12:17:55","guid":{"rendered":"https:\/\/catolicanet.net\/wp-cnet\/?p=92640"},"modified":"2025-01-28T12:19:08","modified_gmt":"2025-01-28T15:19:08","slug":"xiii-encontro-nacional-da-pastoral-da-juventude-um-marco-de-fe-cultura-e-compromisso","status":"publish","type":"post","link":"https:\/\/catolicanet.net\/wp-cnet\/xiii-encontro-nacional-da-pastoral-da-juventude-um-marco-de-fe-cultura-e-compromisso\/","title":{"rendered":"XIII Encontro Nacional da Pastoral da Juventude: Um marco de f\u00e9, cultura e compromisso"},"content":{"rendered":"<p style=\"text-align: justify;\">Entre os dias 12 a 19 de janeiro, S\u00e3o Lu\u00eds foi palco do XIII Encontro Nacional da Pastoral da Juventude (PJ), que reuniu mais de 400 delegados vindos de todas as regi\u00f5es do Brasil. O evento foi marcado por momentos de espiritualidade, debates profundos, experi\u00eancias culturais e a viv\u00eancia concreta da miss\u00e3o crist\u00e3.<\/p>\n<h4 style=\"text-align: justify;\"><b>Missa de abertura: um momento de f\u00e9 e tradi\u00e7\u00e3o<\/b><\/h4>\n<p style=\"text-align: justify;\">A programa\u00e7\u00e3o teve in\u00edcio com a missa de abertura que foi presidida pelo bispo de Imperatriz (MA) e presidente da Comiss\u00e3o Episcopal para a Juventude da CNBB, dom Vilsom Basso, com a participa\u00e7\u00e3o do bispo de Humait\u00e1 (AM), dom Ant\u00f4nio Fontinelle, integrante da mesma comiss\u00e3o. A celebra\u00e7\u00e3o foi realizada no Largo da Capela de S\u00e3o Pedro, local emblem\u00e1tico onde anualmente ocorre a subida dos grupos de bumba meu boi do Maranh\u00e3o para pagamento de promessas. O destaque foi a subida do Boi Esperan\u00e7ar da PJ, que, acompanhado pelos delegados, emocionou os presentes ao tamb\u00e9m cumprir sua promessa.<\/p>\n<p style=\"text-align: justify;\"><img decoding=\"async\" src=\"https:\/\/scontent.fitr1-1.fna.fbcdn.net\/v\/t51.75761-15\/473593392_18476844115043234_4173767781206619908_n.jpg?_nc_cat=101&amp;ccb=1-7&amp;_nc_sid=127cfc&amp;_nc_eui2=AeFoOiTTjX6z9mk-LDNyeh10eJSk4s4YQcF4lKTizhhBwercQqlfdrIhB5TyGUW5ZoCcYI3Wd_w_KS-Q2-cH4IK-&amp;_nc_ohc=CKV1U2K10rAQ7kNvgFQgt_g&amp;_nc_zt=23&amp;_nc_ht=scontent.fitr1-1.fna&amp;_nc_gid=AYs0tK19Pv_W18GJw9FSvNW&amp;oh=00_AYBpcTAgX4BAuuxac63LTS1VyAcREa-GGwBzygtr3L8_Bw&amp;oe=679D8F3A\" alt=\"Pode ser uma imagem de 12 pessoas, multid\u00e3o e texto\" \/><\/p>\n<h4 style=\"text-align: justify;\"><b>Vida e experi\u00eancias de miss\u00e3o<\/b><\/h4>\n<p style=\"text-align: justify;\">Um dos pontos altos do encontro foram as mesas de di\u00e1logos, que abordaram temas como os novos modelos de organiza\u00e7\u00e3o dos grupos de jovens e a integra\u00e7\u00e3o entre f\u00e9 e pol\u00edtica na atua\u00e7\u00e3o da Pastoral da Juventude. Os debates reafirmaram o compromisso da PJ com a forma\u00e7\u00e3o de lideran\u00e7as jovens e com a constru\u00e7\u00e3o de uma sociedade mais justa e solid\u00e1ria.<\/p>\n<p style=\"text-align: justify;\"><img decoding=\"async\" src=\"https:\/\/scontent.fitr1-1.fna.fbcdn.net\/v\/t51.75761-15\/474174595_18477860869043234_5938708099344983405_n.jpg?_nc_cat=101&amp;ccb=1-7&amp;_nc_sid=127cfc&amp;_nc_eui2=AeEBGJ3UUZXW28MUg7XZFaIenr8-L5idcwGevz4vmJ1zARTWJAPn4EWIbyOvGmokUbkrNagZbJ3nOWpC8r-P8zZ8&amp;_nc_ohc=Ure3g17NhNwQ7kNvgEJ7YDR&amp;_nc_zt=23&amp;_nc_ht=scontent.fitr1-1.fna&amp;_nc_gid=AHi2qJdXRr11og5BjzeHvGS&amp;oh=00_AYAwB-sE58UkU23hvjwP9yF_Fzg-nmZzIyJH4XnRVB0hqQ&amp;oe=679D7C87\" alt=\"Pode ser uma imagem de 15 pessoas e texto\" \/><\/p>\n<p style=\"text-align: justify;\">A romaria realizada pelas ruas do Quilombo da Liberdade at\u00e9 o Centro de S\u00e3o Lu\u00eds foi um momento de forte simbolismo, animada pela banda Awer\u00ea. Al\u00e9m disso, os delegados participaram de um dia de miss\u00e3o, atuando em bairros perif\u00e9ricos e na zona rural, vivenciando o compromisso com as comunidades mais vulner\u00e1veis.<\/p>\n<p style=\"text-align: justify;\"><img decoding=\"async\" src=\"https:\/\/scontent.fitr1-1.fna.fbcdn.net\/v\/t51.75761-15\/474046474_18477788071043234_7829793143135170485_n.jpg?_nc_cat=108&amp;ccb=1-7&amp;_nc_sid=127cfc&amp;_nc_eui2=AeGmvn0MQn-il7J4DJYBOFJ01iUkeNc0fcnWJSR41zR9yU2acClOg57wenhd61IY2LCRNNyeQBGQvXCaFw6Z7KFO&amp;_nc_ohc=TpD5HOn820MQ7kNvgH2mQlZ&amp;_nc_zt=23&amp;_nc_ht=scontent.fitr1-1.fna&amp;_nc_gid=ASpThOe0vFRv7psK9S7WeSy&amp;oh=00_AYCv1odXIU1yReX1XLiDkYOFiDW5jONTk9hY_5MSuk2YBw&amp;oe=679DA191\" alt=\"Pode ser uma imagem de 3 pessoas, multid\u00e3o e texto\" \/><\/p>\n<h4 style=\"text-align: justify;\"><b>Lazer e cultura: celebra\u00e7\u00e3o do bem viver<\/b><\/h4>\n<p style=\"text-align: justify;\">Na sexta-feira (17), a juventude teve um momento de lazer, com um passeio pelas ruas do Centro Hist\u00f3rico e uma visita \u00e0 Praia de S\u00e3o Marcos, valorizando a dimens\u00e3o do bem viver. J\u00e1 no s\u00e1bado, aconteceu a Noite Cultural na Casa Barrica, no bairro da Madre de Deus, onde os participantes puderam mergulhar na riqueza cultural do Maranh\u00e3o. O evento contou com apresenta\u00e7\u00f5es do Cacuri\u00e1 Balaio de Rosas e dos bois de Axix\u00e1, Maioba e Santa F\u00e9, em uma celebra\u00e7\u00e3o vibrante da cultura junina.<\/p>\n<h4 style=\"text-align: justify;\"><b>Encerramento com esperan\u00e7a renovada<\/b><\/h4>\n<p style=\"text-align: justify;\">O encontro se encerrou no domingo (19) com uma missa presidida pelo arcebispo de S\u00e3o Lu\u00eds, dom Gilberto Pastana, na par\u00f3quia Nossa Senhora da Gl\u00f3ria e S\u00e3o Judas Tadeu, no bairro da Alemanha. Foi um momento de gratid\u00e3o, envio e renovada esperan\u00e7a para todos os delegados, que voltam para suas dioceses com a miss\u00e3o de continuar construindo o Reino de Deus.<\/p>\n<p style=\"text-align: justify;\">O XIII Encontro Nacional da Pastoral da Juventude reafirmou a for\u00e7a e a relev\u00e2ncia da juventude cat\u00f3lica brasileira, mostrando que a f\u00e9, a cultura e o compromisso social caminham juntos na transforma\u00e7\u00e3o da sociedade.<\/p>\n<p style=\"text-align: justify;\">\n<pre>Por Comunica\u00e7\u00e3o PJ - com adapta\u00e7\u00f5es<\/pre>\n","protected":false},"excerpt":{"rendered":"<p>Entre os dias 12 a 19 de janeiro, S\u00e3o Lu\u00eds foi palco do XIII Encontro Nacional da Pastoral da Juventude (PJ), que reuniu mais de 400 delegados vindos de todas as regi\u00f5es do Brasil. O evento foi marcado por momentos de espiritualidade, debates profundos, experi\u00eancias culturais e a viv\u00eancia concreta da miss\u00e3o crist\u00e3. Missa de [&hellip;]<\/p>\n","protected":false},"author":1,"featured_media":92641,"comment_status":"open","ping_status":"closed","sticky":false,"template":"","format":"standard","meta":{"footnotes":""},"categories":[7],"tags":[],"class_list":["post-92640","post","type-post","status-publish","format-standard","has-post-thumbnail","hentry","category-cnbb"],"_links":{"self":[{"href":"https:\/\/catolicanet.net\/wp-cnet\/wp-json\/wp\/v2\/posts\/92640","targetHints":{"allow":["GET"]}}],"collection":[{"href":"https:\/\/catolicanet.net\/wp-cnet\/wp-json\/wp\/v2\/posts"}],"about":[{"href":"https:\/\/catolicanet.net\/wp-cnet\/wp-json\/wp\/v2\/types\/post"}],"author":[{"embeddable":true,"href":"https:\/\/catolicanet.net\/wp-cnet\/wp-json\/wp\/v2\/users\/1"}],"replies":[{"embeddable":true,"href":"https:\/\/catolicanet.net\/wp-cnet\/wp-json\/wp\/v2\/comments?post=92640"}],"version-history":[{"count":1,"href":"https:\/\/catolicanet.net\/wp-cnet\/wp-json\/wp\/v2\/posts\/92640\/revisions"}],"predecessor-version":[{"id":92643,"href":"https:\/\/catolicanet.net\/wp-cnet\/wp-json\/wp\/v2\/posts\/92640\/revisions\/92643"}],"wp:featuredmedia":[{"embeddable":true,"href":"https:\/\/catolicanet.net\/wp-cnet\/wp-json\/wp\/v2\/media\/92641"}],"wp:attachment":[{"href":"https:\/\/catolicanet.net\/wp-cnet\/wp-json\/wp\/v2\/media?parent=92640"}],"wp:term":[{"taxonomy":"category","embeddable":true,"href":"https:\/\/catolicanet.net\/wp-cnet\/wp-json\/wp\/v2\/categories?post=92640"},{"taxonomy":"post_tag","embeddable":true,"href":"https:\/\/catolicanet.net\/wp-cnet\/wp-json\/wp\/v2\/tags?post=92640"}],"curies":[{"name":"wp","href":"https:\/\/api.w.org\/{rel}","templated":true}]}}