{"id":92594,"date":"2025-01-23T09:47:57","date_gmt":"2025-01-23T12:47:57","guid":{"rendered":"https:\/\/catolicanet.net\/wp-cnet\/?p=92594"},"modified":"2025-01-23T13:49:13","modified_gmt":"2025-01-23T16:49:13","slug":"brasileiros-contam-suas-expectativas-para-receber-do-papa-o-ministerio-do-leitorado-no-domingo-da-palavra","status":"publish","type":"post","link":"https:\/\/catolicanet.net\/wp-cnet\/brasileiros-contam-suas-expectativas-para-receber-do-papa-o-ministerio-do-leitorado-no-domingo-da-palavra\/","title":{"rendered":"Brasileiros contam suas expectativas para receber do Papa o minist\u00e9rio do Leitorado no Domingo da Palavra"},"content":{"rendered":"<p style=\"text-align: justify;\">O pr\u00f3ximo domingo, 26 de janeiro, marca a celebra\u00e7\u00e3o do<a href=\"https:\/\/www.vaticannews.va\/pt\/vaticano\/news\/2025-01\/papa-francisco-domingo-da-palavra-de-deus-26-janeiro-2025.html\" target=\"_blank\" rel=\"noopener\">\u00a0VI Domingo da Palavra de Deus<\/a>, dia institu\u00eddo pelo Santo Padre para recordar a import\u00e2ncia das Sagradas Escrituras. O lema desta edi\u00e7\u00e3o \u00e9 um vers\u00edculo do Salmo 119: \u201cEspero na tua Palavra\u201d.<\/p>\n<p style=\"text-align: justify;\">O Papa ir\u00e1 presidir a celebra\u00e7\u00e3o da missa na Bas\u00edlica de S\u00e3o Pedro, no Vaticano, \u00e0s 9h30 do hor\u00e1rio italiano, 5h30 do hor\u00e1rio de Bras\u00edlia. Ao final da liturgia, ser\u00e1 entregue o Evangelho de Lucas aos presentes com a inten\u00e7\u00e3o, que j\u00e1 se tornou uma tradi\u00e7\u00e3o, de divulgar a Palavra de Deus de forma tang\u00edvel. Cada um deles, de acordo com o rito, receber\u00e1 tamb\u00e9m um exemplar da\u00a0<i>B\u00edblia Nova Vulgata<\/i>.<\/p>\n<p style=\"text-align: justify;\">Durante a celebra\u00e7\u00e3o, o Papa ir\u00e1 conferir o minist\u00e9rio do Leitorado a 40 fi\u00e9is leigos, homens e mulheres, de diferentes na\u00e7\u00f5es. 4 deles s\u00e3o brasileiros escolhidos pela CNBB. O portal da CNBB conversou com eles para saber como est\u00e3o se preparando para este momento e quais as suas expectativas para o encontro com o Santo Padre.<\/p>\n<h3 style=\"text-align: justify;\">\u201cMergulhar no imenso amor de Deus\u201d<\/h3>\n<p style=\"text-align: justify;\"><img loading=\"lazy\" decoding=\"async\" class=\"wp-image-976440 size-medium alignleft\" src=\"https:\/\/www.cnbb.org.br\/wp-content\/uploads\/2025\/01\/Maria-Cristina-palavra-e1737564738362-217x300.jpg\" sizes=\"auto, (max-width: 217px) 100vw, 217px\" srcset=\"https:\/\/www.cnbb.org.br\/wp-content\/uploads\/2025\/01\/Maria-Cristina-palavra-e1737564738362-217x300.jpg 217w, https:\/\/www.cnbb.org.br\/wp-content\/uploads\/2025\/01\/Maria-Cristina-palavra-e1737564738362-740x1024.jpg 740w, https:\/\/www.cnbb.org.br\/wp-content\/uploads\/2025\/01\/Maria-Cristina-palavra-e1737564738362-768x1062.jpg 768w, https:\/\/www.cnbb.org.br\/wp-content\/uploads\/2025\/01\/Maria-Cristina-palavra-e1737564738362-500x692.jpg 500w, https:\/\/www.cnbb.org.br\/wp-content\/uploads\/2025\/01\/Maria-Cristina-palavra-e1737564738362.jpg 772w\" alt=\"\" width=\"217\" height=\"300\" \/>H\u00e1 39 anos servindo a Igreja como catequista na diocese de Guarulhos, a Maria Cristina da Silva est\u00e1 animada com a viagem que vai lhe permitir receber do Santo Padre o minist\u00e9rio do Leitorado. \u201cSaber que posso configurar minha vida a Cristo e mergulhar no imenso amor de Deus, mesmo diante das contradi\u00e7\u00f5es que o mundo apresenta, me motiva na minha miss\u00e3o\u201d, disse.<\/p>\n<p style=\"text-align: justify;\">Ela atua na comunidade Santa Dulce dos Pobres-Chatuba, como coordenadora da Comiss\u00e3o B\u00edblico-Catequ\u00e9tica da Sub-Regi\u00e3o de S\u00e3o Paulo, participa da Comiss\u00e3o de mesmo nome no regional Sul 1 da CNBB e \u00e9 coordenadora diocesana da catequese na diocese de Guarulhos. No 16 de de janeiro, o bispo de Guarulhos, dom Edimilson Amador Caetano, realizou uma missa na par\u00f3quia S\u00e3o Paulo Ap\u00f3stolo, em Guarulhos, para envi\u00e1-la \u00e0\u00a0 Santa S\u00e9.<\/p>\n<p style=\"text-align: justify;\"><img loading=\"lazy\" decoding=\"async\" class=\"aligncenter wp-image-976431 size-full\" src=\"https:\/\/www.cnbb.org.br\/wp-content\/uploads\/2025\/01\/Missa-de-envio.jpg\" sizes=\"auto, (max-width: 720px) 100vw, 720px\" srcset=\"https:\/\/www.cnbb.org.br\/wp-content\/uploads\/2025\/01\/Missa-de-envio.jpg 720w, https:\/\/www.cnbb.org.br\/wp-content\/uploads\/2025\/01\/Missa-de-envio-300x200.jpg 300w, https:\/\/www.cnbb.org.br\/wp-content\/uploads\/2025\/01\/Missa-de-envio-500x333.jpg 500w\" alt=\"\" width=\"720\" height=\"480\" \/><\/p>\n<h3 style=\"text-align: justify;\"><\/h3>\n<h3 style=\"text-align: justify;\">\u201cA Palavra n\u00e3o \u00e9 minha\u201d<\/h3>\n<p style=\"text-align: justify;\">O Marcelo Meireles Mito, de 45 anos, nasceu em Porto Alegre.\u00a0 \u00c9 Licenciado e Bacharel em Filosofia, p\u00f3s-graduado em Liturgia, vive sua vida religiosa na par\u00f3quia Santo In\u00e1cio de Loyola, no bairro Humait\u00e1 em Porto Alegre. \u00c9 catequista desde os 16 anos e atualmente catequista de adultos e de Batismo.<\/p>\n<p style=\"text-align: justify;\">O catequista ga\u00facho acredita que \u00e9 uma Gra\u00e7a de Deus a oportunidade de receber o Minist\u00e9rio de Leitor diretamente do Papa Francisco. \u201cVivo este momento em pleno esp\u00edrito de humildade e servi\u00e7o. A escolha n\u00e3o \u00e9 para mim motivo de honra ou merecimento, mas \u00e9 Gra\u00e7a, e Gra\u00e7a \u00e9 de gra\u00e7a\u201d, disse.<\/p>\n<p style=\"text-align: justify;\"><img loading=\"lazy\" decoding=\"async\" class=\" wp-image-976430 alignright\" src=\"https:\/\/www.cnbb.org.br\/wp-content\/uploads\/2025\/01\/Marcelo-em-Aparecida-300x225.jpg\" sizes=\"auto, (max-width: 267px) 100vw, 267px\" srcset=\"https:\/\/www.cnbb.org.br\/wp-content\/uploads\/2025\/01\/Marcelo-em-Aparecida-300x225.jpg 300w, https:\/\/www.cnbb.org.br\/wp-content\/uploads\/2025\/01\/Marcelo-em-Aparecida-1024x768.jpg 1024w, https:\/\/www.cnbb.org.br\/wp-content\/uploads\/2025\/01\/Marcelo-em-Aparecida-768x576.jpg 768w, https:\/\/www.cnbb.org.br\/wp-content\/uploads\/2025\/01\/Marcelo-em-Aparecida-1536x1152.jpg 1536w, https:\/\/www.cnbb.org.br\/wp-content\/uploads\/2025\/01\/Marcelo-em-Aparecida-500x375.jpg 500w, https:\/\/www.cnbb.org.br\/wp-content\/uploads\/2025\/01\/Marcelo-em-Aparecida-800x600.jpg 800w, https:\/\/www.cnbb.org.br\/wp-content\/uploads\/2025\/01\/Marcelo-em-Aparecida.jpg 1600w\" alt=\"\" width=\"267\" height=\"200\" \/>Marcelo fez sua caminhada eclesial sempre ligado ao servi\u00e7o da liturgia e da catequese e ressalta que representa com alegria os leigos brasileiros e, ainda, que no exerc\u00edcio do Minist\u00e9rio de Leitor que ir\u00e1 receber, buscar\u00e1 cumprir sempre com a miss\u00e3o do an\u00fancio da Palavra de Deus:<\/p>\n<blockquote><p>\u201cProcuro lembrar meu cora\u00e7\u00e3o sempre que a Palavra n\u00e3o \u00e9 minha, n\u00e3o estou me anunciando, mas estou portando a Palavra Dele e \u00e9 por Ele que estou a servi\u00e7o. Sem d\u00favida \u00e9 uma grande alegria poder representar os leigos do meu pa\u00eds\u201d, disse.<\/p><\/blockquote>\n<h3 style=\"text-align: justify;\">\u201cA Palavra me envolveu e dela sou aprendiz\u201d<\/h3>\n<p style=\"text-align: justify;\"><img loading=\"lazy\" decoding=\"async\" class=\"alignleft wp-image-976427 size-medium\" src=\"https:\/\/www.cnbb.org.br\/wp-content\/uploads\/2025\/01\/Lucimara-BH-e1737561997332-300x267.jpg\" sizes=\"auto, (max-width: 300px) 100vw, 300px\" srcset=\"https:\/\/www.cnbb.org.br\/wp-content\/uploads\/2025\/01\/Lucimara-BH-e1737561997332-300x267.jpg 300w, https:\/\/www.cnbb.org.br\/wp-content\/uploads\/2025\/01\/Lucimara-BH-e1737561997332-768x684.jpg 768w, https:\/\/www.cnbb.org.br\/wp-content\/uploads\/2025\/01\/Lucimara-BH-e1737561997332-500x445.jpg 500w, https:\/\/www.cnbb.org.br\/wp-content\/uploads\/2025\/01\/Lucimara-BH-e1737561997332.jpg 956w\" alt=\"\" width=\"300\" height=\"267\" \/>A Lucimara Trevizan, 57 anos, da arquidiocese de Belo Horizonte (MG), \u00e9 coordenadora da Comiss\u00e3o B\u00edblico-Catequ\u00e9tica do regional Leste 2 da CNBB e atua como assistente episcopal para a pastoral em Belo Horizonte. Tamb\u00e9m trabalha no Centro Loyola, um centro de f\u00e9 e cultura da Companhia de Jesus.<\/p>\n<blockquote><p>\u201cEstou muito feliz com esse minist\u00e9rio, sobretudo porque o receberei das m\u00e3os do Papa Francisco, a quem admiro com paix\u00e3o. Quando soube por dom Walmor que fui indicada pela CNBB para receber este minist\u00e9rio, o que pensei foi que minha vida inteira foi sempre acompanhada pela Palavra. Ela me envolveu e dela sou aprendiz. Ent\u00e3o \u00e9 com muita humildade que me fa\u00e7o ainda mais servidora da Palavra de Deus\u201d, disse.<\/p><\/blockquote>\n<h3 style=\"text-align: justify;\">\u201cMe sinto aben\u00e7oada\u201d<\/h3>\n<figure id=\"attachment_976438\" class=\"wp-caption alignright\" style=\"text-align: justify;\" aria-describedby=\"caption-attachment-976438\"><img loading=\"lazy\" decoding=\"async\" class=\"wp-image-976438 \" src=\"https:\/\/www.cnbb.org.br\/wp-content\/uploads\/2025\/01\/Maria-Venice-1-e1737564539491-300x235.jpg\" sizes=\"auto, (max-width: 264px) 100vw, 264px\" srcset=\"https:\/\/www.cnbb.org.br\/wp-content\/uploads\/2025\/01\/Maria-Venice-1-e1737564539491-300x235.jpg 300w, https:\/\/www.cnbb.org.br\/wp-content\/uploads\/2025\/01\/Maria-Venice-1-e1737564539491-768x602.jpg 768w, https:\/\/www.cnbb.org.br\/wp-content\/uploads\/2025\/01\/Maria-Venice-1-e1737564539491-500x392.jpg 500w, https:\/\/www.cnbb.org.br\/wp-content\/uploads\/2025\/01\/Maria-Venice-1-e1737564539491.jpg 1020w\" alt=\"\" width=\"264\" height=\"207\" \/><figcaption id=\"caption-attachment-976438\" class=\"wp-caption-text\">Venilde no centro na foto.<\/figcaption><\/figure>\n<p style=\"text-align: justify;\">A Venilde Duarte da Silva, de 53 anos, participa da par\u00f3quia S\u00e3o Jo\u00e3o Batista no munic\u00edpio de Jaguarari na diocese de Bonfim (BA).<\/p>\n<p style=\"text-align: justify;\">\u201cComo leiga que serve na par\u00f3quia e diocese receber o minist\u00e9rio ir\u00e1 me fortalecer. Receber o minist\u00e9rio das m\u00e3os do Papa Francisco \u00e9 um momento \u00edmpar na minha vida. Estar diante dele, \u00e9 um sonho que sempre almejei, mas n\u00e3o imaginava que seria desta maneira. Me sinto aben\u00e7oada por Deus ter me escolhido\u201d, disse.<\/p>\n<blockquote>\n<h3>O que \u00e9 o minist\u00e9rio do Leitorado<\/h3>\n<p>O minist\u00e9rio do Leitorado \u00e9 uma ordem na Igreja Cat\u00f3lica que permite a uma pessoa ler a Palavra de Deus na missa e em outros atos lit\u00fargicos, sendo um minist\u00e9rio auxiliar na liturgia da palavra. \u00c9 institu\u00eddo para fazer as leituras da Sagrada Escritura, exceto o Evangelho.<\/p>\n<p>O Papa Francisco instituiu o minist\u00e9rio em janeiro 2021, atrav\u00e9s do Motu Proprio Spiritus Domini.\u00a0O texto n\u00e3o representa apenas uma simples altera\u00e7\u00e3o no c\u00e2none 230 \u00a71 do C\u00f3digo de Direito Can\u00f3nico, mas garante o espa\u00e7o para uma maior participa\u00e7\u00e3o de leigos e leigas nos minist\u00e9rios da Igreja.<\/p>\n<p>\u201cOs leigos que tiverem a idade e as aptid\u00f5es determinadas com decreto pela Confer\u00eancia Episcopal, podem ser assumidos estavelmente, mediante o rito lit\u00fargico estabelecido, nos minist\u00e9rios de leitores e de ac\u00f3litos\u201d, diz um trecho do documento.<\/p>\n<p>A partir desta altera\u00e7\u00e3o, desde 2022 o Papa Francisco celebra na Bas\u00edlica de S\u00e3o Pedro, no Domingo da Palavra de Deus, a Institui\u00e7\u00e3o dos Minist\u00e9rios de Leitores, Catequistas e Ac\u00f3litos, com leigos e leigas de todos os lugares do mundo. Em 2025, o rito ganha um significado ainda mais especial, j\u00e1 que acontece durante o Ano Jubilar e coincide com o Jubileu do Mundo das Comunica\u00e7\u00f5es (de 24 a 26 de janeiro).<\/p><\/blockquote>\n<pre>Por Willian Bonfim<\/pre>\n","protected":false},"excerpt":{"rendered":"<p>O pr\u00f3ximo domingo, 26 de janeiro, marca a celebra\u00e7\u00e3o do\u00a0VI Domingo da Palavra de Deus, dia institu\u00eddo pelo Santo Padre para recordar a import\u00e2ncia das Sagradas Escrituras. O lema desta edi\u00e7\u00e3o \u00e9 um vers\u00edculo do Salmo 119: \u201cEspero na tua Palavra\u201d. O Papa ir\u00e1 presidir a celebra\u00e7\u00e3o da missa na Bas\u00edlica de S\u00e3o Pedro, no [&hellip;]<\/p>\n","protected":false},"author":1,"featured_media":92595,"comment_status":"open","ping_status":"closed","sticky":false,"template":"","format":"standard","meta":{"footnotes":""},"categories":[7],"tags":[],"class_list":["post-92594","post","type-post","status-publish","format-standard","has-post-thumbnail","hentry","category-cnbb"],"_links":{"self":[{"href":"https:\/\/catolicanet.net\/wp-cnet\/wp-json\/wp\/v2\/posts\/92594","targetHints":{"allow":["GET"]}}],"collection":[{"href":"https:\/\/catolicanet.net\/wp-cnet\/wp-json\/wp\/v2\/posts"}],"about":[{"href":"https:\/\/catolicanet.net\/wp-cnet\/wp-json\/wp\/v2\/types\/post"}],"author":[{"embeddable":true,"href":"https:\/\/catolicanet.net\/wp-cnet\/wp-json\/wp\/v2\/users\/1"}],"replies":[{"embeddable":true,"href":"https:\/\/catolicanet.net\/wp-cnet\/wp-json\/wp\/v2\/comments?post=92594"}],"version-history":[{"count":1,"href":"https:\/\/catolicanet.net\/wp-cnet\/wp-json\/wp\/v2\/posts\/92594\/revisions"}],"predecessor-version":[{"id":92597,"href":"https:\/\/catolicanet.net\/wp-cnet\/wp-json\/wp\/v2\/posts\/92594\/revisions\/92597"}],"wp:featuredmedia":[{"embeddable":true,"href":"https:\/\/catolicanet.net\/wp-cnet\/wp-json\/wp\/v2\/media\/92595"}],"wp:attachment":[{"href":"https:\/\/catolicanet.net\/wp-cnet\/wp-json\/wp\/v2\/media?parent=92594"}],"wp:term":[{"taxonomy":"category","embeddable":true,"href":"https:\/\/catolicanet.net\/wp-cnet\/wp-json\/wp\/v2\/categories?post=92594"},{"taxonomy":"post_tag","embeddable":true,"href":"https:\/\/catolicanet.net\/wp-cnet\/wp-json\/wp\/v2\/tags?post=92594"}],"curies":[{"name":"wp","href":"https:\/\/api.w.org\/{rel}","templated":true}]}}