{"id":92531,"date":"2025-01-21T09:19:47","date_gmt":"2025-01-21T12:19:47","guid":{"rendered":"https:\/\/catolicanet.net\/wp-cnet\/?p=92531"},"modified":"2025-01-21T10:21:23","modified_gmt":"2025-01-21T13:21:23","slug":"o-papa-escreve-a-revista-il-regno-voz-crivel-do-concilio-e-do-pos-concilio","status":"publish","type":"post","link":"https:\/\/catolicanet.net\/wp-cnet\/o-papa-escreve-a-revista-il-regno-voz-crivel-do-concilio-e-do-pos-concilio\/","title":{"rendered":"O Papa escreve \u00e0 revista &#8220;Il Regno&#8221;: voz cr\u00edvel do Conc\u00edlio e do p\u00f3s-Conc\u00edlio"},"content":{"rendered":"<figure class=\"article__image\" style=\"text-align: justify;\"><span class=\"didascalia_img\">32 \/ 5.000 Papa Francisco (foto de arquivo)\u00a0<\/span><\/figure>\n<div class=\"article__meta \" data-mediatype=\"\">\n<div class=\"article__subTitle\" style=\"text-align: justify;\">A revista quinzenal de estudos culturais e religiosos comemora seu anivers\u00e1rio de 70 anos com uma mensagem de felicita\u00e7\u00f5es enviada pelo Papa: &#8220;Acompanhou a vida da Igreja, alimentando suas inst\u00e2ncias reformadoras.&#8221; Carta do Presidente da CEI, cardeal Zuppi: &#8220;Deu e continua dando uma contribui\u00e7\u00e3o fundamental para a vida da Igreja italiana&#8221;.<\/div>\n<div class=\"title__separator\" style=\"text-align: justify;\"><\/div>\n<div class=\"article__text\">\n<p style=\"text-align: justify;\"><b>Vatican News<\/b><\/p>\n<p style=\"text-align: justify;\">&#8220;Voz cr\u00edvel do Conc\u00edlio e do p\u00f3s-Conc\u00edlio na It\u00e1lia.&#8221; Com estas palavras o Papa Francisco define a revista de estudos religiosos e culturais &#8220;Il Regno&#8221; (O Reino), numa carta enviada em 1\u00ba de janeiro por ocasi\u00e3o de seus 70 anos de funda\u00e7\u00e3o. O Pont\u00edfice reconhece o papel fundamental da revista &#8220;Il Regno&#8221; no debate eclesial e cultural italiano: &#8220;Acompanhou a vida da Igreja, alimentando suas inst\u00e2ncias reformadoras, segundo o esp\u00edrito de renova\u00e7\u00e3o do Conc\u00edlio&#8221; e &#8220;realiza um trabalho precioso de informa\u00e7\u00e3o, documenta\u00e7\u00e3o e interpreta\u00e7\u00e3o do nosso tempo&#8221;.<\/p>\n<h2 style=\"text-align: justify;\">Zuppi: uma contribui\u00e7\u00e3o para o di\u00e1logo e as reformas<\/h2>\n<p style=\"text-align: justify;\">O arcebispo de Bolonha, cardeal Matteo Zuppi, presidente da Confer\u00eancia Episcopal Italiana (CEI), tamb\u00e9m enviou uma mensagem semelhante \u00e0 reda\u00e7\u00e3o da revista e ao seu diretor. Para o cardeal, a revista deu e continua dando uma contribui\u00e7\u00e3o fundamental para a vida da Igreja italiana: &#8220;Acompanhou atentamente os principais desafios da renova\u00e7\u00e3o, partindo da catequese, da difus\u00e3o da forma\u00e7\u00e3o teol\u00f3gica, da reforma das estruturas institucionais eclesi\u00e1sticas e a renova\u00e7\u00e3o dos minist\u00e9rios.&#8221; A revista &#8220;Il Regno&#8221;, segundo Zuppi, sempre deu &#8220;uma contribui\u00e7\u00e3o particular na difus\u00e3o do di\u00e1logo ecum\u00eanico e inter-religioso. Em termos de an\u00e1lise e compreens\u00e3o das estruturas sociais e pol\u00edticas, caracterizou-se por uma vis\u00e3o p\u00f3s-ideol\u00f3gica e documentou e interpretou criticamente as mudan\u00e7as radicais nacionais e internacionais&#8221;.<\/p>\n<h2 style=\"text-align: justify;\">Diretor Brunelli: um ato de generosidade do Papa e de Zuppi<\/h2>\n<p style=\"text-align: justify;\">&#8220;A carta que o Papa Francisco nos enviou em 1\u00ba de janeiro de 2025, primeiro dia deste anivers\u00e1rio, junto com a do arcebispo de Bolonha, cardeal Matteo Zuppi, presidente da CEI&#8221;, escreve o diretor Gianfranco Brunelli, &#8220;representam um ato de generosidade que nos honra e conforta, fechando alguma crise distante, e que nos gratifica e encoraja, abrindo novamente o horizonte de nossa tarefa. Talvez aquele gr\u00e3o de mostarda semeado tantos anos atr\u00e1s tenha se tornado realmente uma boa planta&#8221;. &#8220;A revista foi e continua sendo um instrumento livre de informa\u00e7\u00e3o e documenta\u00e7\u00e3o religiosa e cultural&#8221;, continua Brunelli, &#8220;um lugar de an\u00e1lise, de encontro entre aqueles que t\u00eam a mesma inspira\u00e7\u00e3o crist\u00e3; de confronto com pessoas de culturas e credos diferentes, mas que t\u00eam no cora\u00e7\u00e3o o princ\u00edpio da liberdade e da dignidade humana, porque s\u00e3o o espelho humano de Deus&#8221;.<\/p>\n<\/div>\n<\/div>\n","protected":false},"excerpt":{"rendered":"<p>32 \/ 5.000 Papa Francisco (foto de arquivo)\u00a0 A revista quinzenal de estudos culturais e religiosos comemora seu anivers\u00e1rio de 70 anos com uma mensagem de felicita\u00e7\u00f5es enviada pelo Papa: &#8220;Acompanhou a vida da Igreja, alimentando suas inst\u00e2ncias reformadoras.&#8221; Carta do Presidente da CEI, cardeal Zuppi: &#8220;Deu e continua dando uma contribui\u00e7\u00e3o fundamental para a [&hellip;]<\/p>\n","protected":false},"author":1,"featured_media":92532,"comment_status":"open","ping_status":"closed","sticky":false,"template":"","format":"standard","meta":{"footnotes":""},"categories":[3],"tags":[],"class_list":["post-92531","post","type-post","status-publish","format-standard","has-post-thumbnail","hentry","category-vaticano"],"_links":{"self":[{"href":"https:\/\/catolicanet.net\/wp-cnet\/wp-json\/wp\/v2\/posts\/92531","targetHints":{"allow":["GET"]}}],"collection":[{"href":"https:\/\/catolicanet.net\/wp-cnet\/wp-json\/wp\/v2\/posts"}],"about":[{"href":"https:\/\/catolicanet.net\/wp-cnet\/wp-json\/wp\/v2\/types\/post"}],"author":[{"embeddable":true,"href":"https:\/\/catolicanet.net\/wp-cnet\/wp-json\/wp\/v2\/users\/1"}],"replies":[{"embeddable":true,"href":"https:\/\/catolicanet.net\/wp-cnet\/wp-json\/wp\/v2\/comments?post=92531"}],"version-history":[{"count":1,"href":"https:\/\/catolicanet.net\/wp-cnet\/wp-json\/wp\/v2\/posts\/92531\/revisions"}],"predecessor-version":[{"id":92534,"href":"https:\/\/catolicanet.net\/wp-cnet\/wp-json\/wp\/v2\/posts\/92531\/revisions\/92534"}],"wp:featuredmedia":[{"embeddable":true,"href":"https:\/\/catolicanet.net\/wp-cnet\/wp-json\/wp\/v2\/media\/92532"}],"wp:attachment":[{"href":"https:\/\/catolicanet.net\/wp-cnet\/wp-json\/wp\/v2\/media?parent=92531"}],"wp:term":[{"taxonomy":"category","embeddable":true,"href":"https:\/\/catolicanet.net\/wp-cnet\/wp-json\/wp\/v2\/categories?post=92531"},{"taxonomy":"post_tag","embeddable":true,"href":"https:\/\/catolicanet.net\/wp-cnet\/wp-json\/wp\/v2\/tags?post=92531"}],"curies":[{"name":"wp","href":"https:\/\/api.w.org\/{rel}","templated":true}]}}