{"id":92437,"date":"2025-01-16T09:58:29","date_gmt":"2025-01-16T12:58:29","guid":{"rendered":"https:\/\/catolicanet.net\/wp-cnet\/?p=92437"},"modified":"2025-01-16T12:00:45","modified_gmt":"2025-01-16T15:00:45","slug":"papa-a-sacerdotes-da-argentina-em-roma-nossa-vocacao-nao-e-um-apendice-para-outros-fins","status":"publish","type":"post","link":"https:\/\/catolicanet.net\/wp-cnet\/papa-a-sacerdotes-da-argentina-em-roma-nossa-vocacao-nao-e-um-apendice-para-outros-fins\/","title":{"rendered":"Papa a sacerdotes da Argentina em Roma: nossa voca\u00e7\u00e3o n\u00e3o \u00e9 um ap\u00eandice para outros fins"},"content":{"rendered":"<p>O encontro do Papa com os argentinos no Vaticano<\/p>\n<div class=\"article__subTitle\" style=\"text-align: justify;\">Em audi\u00eancia com uma delega\u00e7\u00e3o do Col\u00e9gio Sacerdotal Argentino de Roma nesta quinta-feira (16\/01), Francisco entregou a sauda\u00e7\u00e3o em espanhol que refor\u00e7ava a import\u00e2ncia da prepara\u00e7\u00e3o &#8220;para enfrentar a \u00e1rdua batalha do Evangelho&#8221; atrav\u00e9s do legado do &#8220;cura villero&#8221; Brochero (1840-1914). Fraternidade sacerdotal, Eucaristia e doa\u00e7\u00e3o total ao pr\u00f3ximo: &#8220;nossa voca\u00e7\u00e3o n\u00e3o \u00e9 um ap\u00eandice, um meio para outros fins&#8221;, mas &#8220;o projeto de Deus em nossas vidas&#8221;, afirmou o Papa.<\/div>\n<div class=\"title__separator\" style=\"text-align: justify;\"><\/div>\n<div class=\"article__text\">\n<div style=\"text-align: justify;\">\n<div class=\"article__embed article__embed--unwrap article__embed--dark\">\n<div class=\"article__innerTitle\">Ou\u00e7a a reportagem e compartilhe<\/div>\n<div>\n<!--[if lt IE 9]><script>document.createElement('audio');<\/script><![endif]-->\n<audio class=\"wp-audio-shortcode\" id=\"audio-92437-1\" preload=\"none\" style=\"width: 100%;\" controls=\"controls\"><source type=\"audio\/mpeg\" src=\"https:\/\/media.vaticannews.va\/media\/audio\/s1\/2025\/01\/16\/11\/138503247_F138503247.mp3?_=1\" \/><a href=\"https:\/\/media.vaticannews.va\/media\/audio\/s1\/2025\/01\/16\/11\/138503247_F138503247.mp3\">https:\/\/media.vaticannews.va\/media\/audio\/s1\/2025\/01\/16\/11\/138503247_F138503247.mp3<\/a><\/audio>\n<\/div>\n<\/div>\n<\/div>\n<p style=\"text-align: justify;\"><b>Andressa Collet &#8211; Vatican News<\/b><\/p>\n<p style=\"text-align: justify;\">&#8220;N\u00e3o preciso dizer a voc\u00eas que estou com vontade de uma carne assada&#8221;, brincou o Papa Francisco ao saudar uma delega\u00e7\u00e3o do\u00a0<a href=\"https:\/\/www.arcer.it\/collegi-arcer\/collegio-sacerdotale-argentino.html\" target=\"_blank\" rel=\"external nofollow noopener\">Col\u00e9gio Sacerdotal Argentino de Roma (Cosar)<\/a>, recebida em audi\u00eancia na manh\u00e3 desta quinta-feira (16\/01), no Vaticano. O Pont\u00edfice, justificando sua aus\u00eancia na missa e no jantar com o grupo, comentou em mensagem entregue em espanhol que, como \u00e9 sabido,\u00a0&#8220;ser pastor nos coloca \u00e0s vezes na frente e \u00e0s vezes atr\u00e1s, segundo os des\u00edgnios de Quem \u00e9 Senhor de nossas vidas&#8221;.<\/p>\n<p style=\"text-align: justify;\"><a href=\"https:\/\/www.vatican.va\/content\/francesco\/it\/events\/event.dir.html\/content\/vaticanevents\/it\/2025\/1\/16\/collegio-sacerdotale-argentino.html\" target=\"_blank\" rel=\"external noopener\">LEIA AQUI A SAUDA\u00c7\u00c3O INTEGRAL DO PAPA ENTREGUE AO COSAR<\/a><\/p>\n<h2 style=\"text-align: justify;\">O exemplo do &#8220;cura villero&#8221; Brochero<\/h2>\n<p style=\"text-align: justify;\">Por\u00e9m, para n\u00e3o esquecer &#8220;dos cheiros de nossa terra&#8221;, continuou ele, a sauda\u00e7\u00e3o aos representantes do col\u00e9gio pontif\u00edcio foi direcionada pela &#8220;alma sacerdotal&#8221; de\u00a0<a href=\"https:\/\/www.causesanti.va\/it\/santi-e-beati\/giuseppe-gabriele-del-rosario-brochero.html\" target=\"_blank\" rel=\"external noopener\">Jos\u00e9 Gabriel del Rosario Brochero (1840-1914)<\/a>, um &#8220;cura villero&#8221; que se dedicou aos pobres na Argentina e foi canonizado pelo pr\u00f3prio Papa Francisco em 16 de outubro de 2016, tornando-se o primeiro santo que nasceu e morreu naquele pa\u00eds. Para os amigos do sacerdote, continuou o Pont\u00edfice, \u201cBrochero n\u00e3o podia ser outra coisa sen\u00e3o um sacerdote\u201d, j\u00e1 que se doava totalmente ao pr\u00f3ximo, &#8220;gastando-se e consumindo-se pelo Evangelho&#8221;:<\/p>\n<p style=\"text-align: justify;\"><i>&#8220;Devemos assumir com firmeza essa identidade sacerdotal, permearmos do fato de que nossa voca\u00e7\u00e3o n\u00e3o \u00e9 um ap\u00eandice, um meio para outros fins, ainda que piedosos, como salvar a n\u00f3s mesmos. Absolutamente, n\u00e3o. A voca\u00e7\u00e3o \u00e9 o projeto de Deus em nossas vidas, o que Deus v\u00ea em n\u00f3s, o que move seu olhar de amor; eu ousaria dizer que, de certa forma, \u00e9 o amor que Ele tem por n\u00f3s e \u00e9 nisso que Ele enra\u00edza nossa verdadeira ess\u00eancia.&#8221;<\/i><\/p>\n<h2 style=\"text-align: justify;\">Fraternidade sacerdotal e Eucaristia<\/h2>\n<p style=\"text-align: justify;\">O col\u00e9gio pontif\u00edcio, que\u00a0procura ajudar na forma\u00e7\u00e3o permanente dos sacerdotes argentinos quando est\u00e3o em Roma para estudar, deve\u00a0prepar\u00e1-los &#8220;para enfrentar a \u00e1rdua batalha do Evangelho&#8221;, mas tamb\u00e9m para abra\u00e7ar \u201ca carreira eclesi\u00e1stica\u201d. Francisco n\u00e3o gosta de usar essa express\u00e3o, mas Brochero a traduz como trabalhar pelo bem do pr\u00f3ximo e lutar \u201ccom os inimigos da alma\u201d ao &#8220;cuidar da vida interior, manter o fogo aceso, com muita humildade, &#8216;deitados&#8217;, porque &#8217;em p\u00e9&#8217;, em nosso orgulho, somos mais vulner\u00e1veis&#8221;.<\/p>\n<p style=\"text-align: justify;\">O Papa Francisco ainda trouxe na sauda\u00e7\u00e3o outras\u00a0observa\u00e7\u00f5es importantes de Brochero, primeiro sobre &#8220;a fraternidade sacerdotal&#8221;, que deve ser feita primeiro com o bispo e depois com os irm\u00e3os sacerdotes. E por fim, &#8220;e como n\u00e3o poderia deixar de ser&#8221;, finalizou o Pont\u00edfice, o\u00a0<i>cura villero<\/i> nunca tentava negligenciar &#8220;a Eucaristia&#8221;, &#8220;por mais \u00e1rdua que fosse sua tarefa&#8221;, um &#8220;sacrificado\u00a0respeito pelo mist\u00e9rio que, longe de imposi\u00e7\u00f5es, penetrava mais do que mil palavras de eloqu\u00eancia entediante&#8221;.<\/p>\n<div>\n<div class=\"article__embed article__embed--unwrap article__embed--photo\">\n<figure style=\"text-align: justify;\"><picture><img decoding=\"async\" class=\"loaded\" src=\"https:\/\/www.vaticannews.va\/content\/dam\/vaticannews\/agenzie\/images\/srv\/2025\/01\/16\/2025-01-16-comunita-del-collegio-sacerdotale-argentino-di-roma-\/1737028702226.jpg\/_jcr_content\/renditions\/cq5dam.thumbnail.cropped.750.422.jpeg\" alt=\"A sauda\u00e7\u00e3o ao col\u00e9gio pontif\u00edcio foi entregue aos presentes\" data-original=\"\/content\/dam\/vaticannews\/agenzie\/images\/srv\/2025\/01\/16\/2025-01-16-comunita-del-collegio-sacerdotale-argentino-di-roma-\/1737028702226.jpg\/_jcr_content\/renditions\/cq5dam.thumbnail.cropped.750.422.jpeg\" data-was-processed=\"true\" \/><\/picture><\/figure>\n<div class=\"photo_embed--Title\" style=\"text-align: justify;\">A sauda\u00e7\u00e3o ao col\u00e9gio pontif\u00edcio foi entregue aos presentes<\/div>\n<\/div>\n<\/div>\n<\/div>\n","protected":false},"excerpt":{"rendered":"<p>O encontro do Papa com os argentinos no Vaticano Em audi\u00eancia com uma delega\u00e7\u00e3o do Col\u00e9gio Sacerdotal Argentino de Roma nesta quinta-feira (16\/01), Francisco entregou a sauda\u00e7\u00e3o em espanhol que refor\u00e7ava a import\u00e2ncia da prepara\u00e7\u00e3o &#8220;para enfrentar a \u00e1rdua batalha do Evangelho&#8221; atrav\u00e9s do legado do &#8220;cura villero&#8221; Brochero (1840-1914). Fraternidade sacerdotal, Eucaristia e doa\u00e7\u00e3o [&hellip;]<\/p>\n","protected":false},"author":1,"featured_media":92438,"comment_status":"open","ping_status":"closed","sticky":false,"template":"","format":"standard","meta":{"footnotes":""},"categories":[3],"tags":[],"class_list":["post-92437","post","type-post","status-publish","format-standard","has-post-thumbnail","hentry","category-vaticano"],"_links":{"self":[{"href":"https:\/\/catolicanet.net\/wp-cnet\/wp-json\/wp\/v2\/posts\/92437","targetHints":{"allow":["GET"]}}],"collection":[{"href":"https:\/\/catolicanet.net\/wp-cnet\/wp-json\/wp\/v2\/posts"}],"about":[{"href":"https:\/\/catolicanet.net\/wp-cnet\/wp-json\/wp\/v2\/types\/post"}],"author":[{"embeddable":true,"href":"https:\/\/catolicanet.net\/wp-cnet\/wp-json\/wp\/v2\/users\/1"}],"replies":[{"embeddable":true,"href":"https:\/\/catolicanet.net\/wp-cnet\/wp-json\/wp\/v2\/comments?post=92437"}],"version-history":[{"count":1,"href":"https:\/\/catolicanet.net\/wp-cnet\/wp-json\/wp\/v2\/posts\/92437\/revisions"}],"predecessor-version":[{"id":92440,"href":"https:\/\/catolicanet.net\/wp-cnet\/wp-json\/wp\/v2\/posts\/92437\/revisions\/92440"}],"wp:featuredmedia":[{"embeddable":true,"href":"https:\/\/catolicanet.net\/wp-cnet\/wp-json\/wp\/v2\/media\/92438"}],"wp:attachment":[{"href":"https:\/\/catolicanet.net\/wp-cnet\/wp-json\/wp\/v2\/media?parent=92437"}],"wp:term":[{"taxonomy":"category","embeddable":true,"href":"https:\/\/catolicanet.net\/wp-cnet\/wp-json\/wp\/v2\/categories?post=92437"},{"taxonomy":"post_tag","embeddable":true,"href":"https:\/\/catolicanet.net\/wp-cnet\/wp-json\/wp\/v2\/tags?post=92437"}],"curies":[{"name":"wp","href":"https:\/\/api.w.org\/{rel}","templated":true}]}}