{"id":92433,"date":"2025-01-16T09:00:28","date_gmt":"2025-01-16T12:00:28","guid":{"rendered":"https:\/\/catolicanet.net\/wp-cnet\/?p=92433"},"modified":"2025-01-16T11:52:52","modified_gmt":"2025-01-16T14:52:52","slug":"o-papa-rejeitar-a-logica-da-violencia-e-colaborar-para-o-bem-comum","status":"publish","type":"post","link":"https:\/\/catolicanet.net\/wp-cnet\/o-papa-rejeitar-a-logica-da-violencia-e-colaborar-para-o-bem-comum\/","title":{"rendered":"O Papa: rejeitar a l\u00f3gica da viol\u00eancia e colaborar para o bem comum"},"content":{"rendered":"<div class=\"mediaContent__inner \">\n<figure class=\"article__image\" style=\"text-align: justify;\"><span class=\"didascalia_img\">O Papa Francisco com Sua Gra\u00e7a Haji Dede Edmond Brahimaj e sua comitiva<\/span><\/figure>\n<\/div>\n<article class=\"article \">\n<div class=\"article__meta audioInside\" data-mediatype=\"foto\">\n<div class=\"article__subTitle\" style=\"text-align: justify;\">Francisco recebeu os membros de uma delega\u00e7\u00e3o proveniente da Alb\u00e2nia lguiada por Dede Edmond Brahimaj, l\u00edder mundial dos mu\u00e7ulmanos Bektashi: &#8220;O di\u00e1logo inter-religioso tem um papel \u00fanico na constru\u00e7\u00e3o de um futuro de reconcilia\u00e7\u00e3o, justi\u00e7a e paz&#8221;.<\/div>\n<div class=\"title__separator\" style=\"text-align: justify;\"><\/div>\n<div class=\"article__text\">\n<p style=\"text-align: justify;\"><b>Mariangela Jaguraba &#8211; Vatican News<\/b><\/p>\n<div style=\"text-align: justify;\">\n<div class=\"article__embed article__embed--unwrap article__embed--dark\">\n<div class=\"article__innerTitle\">Ou\u00e7a e compartilhe<\/div>\n<div>\n<!--[if lt IE 9]><script>document.createElement('audio');<\/script><![endif]-->\n<audio class=\"wp-audio-shortcode\" id=\"audio-92433-1\" preload=\"none\" style=\"width: 100%;\" controls=\"controls\"><source type=\"audio\/mpeg\" src=\"https:\/\/media.vaticannews.va\/media\/audio\/s1\/2025\/01\/16\/14\/138503803_F138503803.mp3?_=1\" \/><a href=\"https:\/\/media.vaticannews.va\/media\/audio\/s1\/2025\/01\/16\/14\/138503803_F138503803.mp3\">https:\/\/media.vaticannews.va\/media\/audio\/s1\/2025\/01\/16\/14\/138503803_F138503803.mp3<\/a><\/audio>\n<\/div>\n<\/div>\n<\/div>\n<p style=\"text-align: justify;\">O Papa Francisco recebeu em audi\u00eancia, nesta quinta-feira (16\/01), no Vaticano, os membros da delega\u00e7\u00e3o da Alb\u00e2nia guiada por Sua Gra\u00e7a Haji Dede Edmond Brahimaj, l\u00edder da Comunidade Bektashi de Tirana.<\/p>\n<h2 style=\"text-align: justify;\">Esperan\u00e7a por um mundo melhor<\/h2>\n<p style=\"text-align: justify;\">O Santo Padre deu as boas-vindas a esta delega\u00e7\u00e3o proveniente da Alb\u00e2nia, e agradeceu ao Dicast\u00e9rio para o Di\u00e1logo Inter-religioso &#8220;por tornar este encontro poss\u00edvel&#8221;.<\/p>\n<div style=\"text-align: justify;\">\n<div class=\"article__embed article__embed--border embed_style\">\n<blockquote><p>\u201cCada vez que os l\u00edderes religiosos se re\u00fanem num esp\u00edrito de estima m\u00fatua e se comprometem com a cultura do encontro, atrav\u00e9s do di\u00e1logo, da compreens\u00e3o rec\u00edproca e da coopera\u00e7\u00e3o, se renova e confirma a nossa esperan\u00e7a por um mundo melhor e mais justo.\u201d<\/p><\/blockquote>\n<\/div>\n<\/div>\n<p style=\"text-align: justify;\">&#8220;Como o nosso tempo precisa dessa esperan\u00e7a&#8221;, disse o Papa no in\u00edcio de seu discurso.<\/p>\n<h2 style=\"text-align: justify;\">Abra\u00e7ar a l\u00f3gica do encontro<\/h2>\n<p style=\"text-align: justify;\">Segundo Francisco, &#8220;<b>as rela\u00e7\u00f5es de amizade entre a Igreja Cat\u00f3lica, a Alb\u00e2nia e a Comunidade Bektashi s\u00e3o um bem para todos n\u00f3s, e estou confiante de que esses la\u00e7os ser\u00e3o cada vez mais fortalecidos a servi\u00e7o da fraternidade e da conviv\u00eancia pac\u00edfica entre os povos<\/b>&#8220;.<\/p>\n<p style=\"text-align: justify;\">&#8220;<b>Nestes tempos dif\u00edceis<\/b>&#8220;, frisou ainda o Pont\u00edfice, &#8220;<b>todos somos chamados a rejeitar a l\u00f3gica da viol\u00eancia e da disc\u00f3rdia, para abra\u00e7ar a l\u00f3gica do encontro, da amizade e da colabora\u00e7\u00e3o na busca do bem comum<\/b>&#8220;.<\/p>\n<p style=\"text-align: justify;\">&#8220;De fato, nossas convic\u00e7\u00f5es religiosas nos ajudam a abra\u00e7ar mais claramente esses valores fundamentais, pr\u00f3prios da nossa humanidade comum, \u00abpermitindo que o conjunto das diferentes vozes forme um canto nobre e harmonioso\u00bb&#8221;, disse Francisco, citando um trecho de sua Enc\u00edclica\u00a0<i>Fratelli tutti<\/i>.<\/p>\n<h2 style=\"text-align: justify;\">Um futuro de reconcilia\u00e7\u00e3o, justi\u00e7a e paz<\/h2>\n<p style=\"text-align: justify;\">A seguir, recordou, com gratid\u00e3o, &#8220;os muitos momentos de encontro fraterno que se realizaram entre a comunidade Bektashi e a Igreja Cat\u00f3lica, como a\u00a0<i>Ora\u00e7\u00e3o pela Paz nos Balc\u00e3s em 1993<\/i>\u00a0e\u00a0<i>o Dia Mundial de Ora\u00e7\u00e3o pela Paz em Assis<\/i>\u00a0de 2011&#8243;. &#8220;A inaugura\u00e7\u00e3o do Templo Bektashi em Tirana, em 2015, foi um momento particularmente frut\u00edfero de proximidade e amizade&#8221;, sublinhou. &#8220;Estou convencido de que a Comunidade Bektashi, junto com outros mu\u00e7ulmanos, com os crist\u00e3os e todos os outros fi\u00e9is presentes na Alb\u00e2nia, pode servir como uma ponte de reconcilia\u00e7\u00e3o e enriquecimento rec\u00edproco n\u00e3o apenas dentro do seu pa\u00eds, mas tamb\u00e9m entre o Oriente e o Ocidente&#8221;, disse ainda o Papa.<\/p>\n<p style=\"text-align: justify;\">&#8220;<b>Apesar dos desafios do presente, o di\u00e1logo inter-religioso tem um papel \u00fanico na constru\u00e7\u00e3o de um futuro de reconcilia\u00e7\u00e3o, justi\u00e7a e paz que os povos do mundo, e especialmente os jovens, t\u00e3o ardentemente desejam<\/b>&#8220;, concluiu.<\/p>\n<\/div>\n<\/div>\n<\/article>\n","protected":false},"excerpt":{"rendered":"<p>O Papa Francisco com Sua Gra\u00e7a Haji Dede Edmond Brahimaj e sua comitiva Francisco recebeu os membros de uma delega\u00e7\u00e3o proveniente da Alb\u00e2nia lguiada por Dede Edmond Brahimaj, l\u00edder mundial dos mu\u00e7ulmanos Bektashi: &#8220;O di\u00e1logo inter-religioso tem um papel \u00fanico na constru\u00e7\u00e3o de um futuro de reconcilia\u00e7\u00e3o, justi\u00e7a e paz&#8221;. Mariangela Jaguraba &#8211; Vatican News [&hellip;]<\/p>\n","protected":false},"author":1,"featured_media":92434,"comment_status":"open","ping_status":"closed","sticky":false,"template":"","format":"standard","meta":{"footnotes":""},"categories":[13,3],"tags":[],"class_list":["post-92433","post","type-post","status-publish","format-standard","has-post-thumbnail","hentry","category-featured","category-vaticano"],"_links":{"self":[{"href":"https:\/\/catolicanet.net\/wp-cnet\/wp-json\/wp\/v2\/posts\/92433","targetHints":{"allow":["GET"]}}],"collection":[{"href":"https:\/\/catolicanet.net\/wp-cnet\/wp-json\/wp\/v2\/posts"}],"about":[{"href":"https:\/\/catolicanet.net\/wp-cnet\/wp-json\/wp\/v2\/types\/post"}],"author":[{"embeddable":true,"href":"https:\/\/catolicanet.net\/wp-cnet\/wp-json\/wp\/v2\/users\/1"}],"replies":[{"embeddable":true,"href":"https:\/\/catolicanet.net\/wp-cnet\/wp-json\/wp\/v2\/comments?post=92433"}],"version-history":[{"count":1,"href":"https:\/\/catolicanet.net\/wp-cnet\/wp-json\/wp\/v2\/posts\/92433\/revisions"}],"predecessor-version":[{"id":92436,"href":"https:\/\/catolicanet.net\/wp-cnet\/wp-json\/wp\/v2\/posts\/92433\/revisions\/92436"}],"wp:featuredmedia":[{"embeddable":true,"href":"https:\/\/catolicanet.net\/wp-cnet\/wp-json\/wp\/v2\/media\/92434"}],"wp:attachment":[{"href":"https:\/\/catolicanet.net\/wp-cnet\/wp-json\/wp\/v2\/media?parent=92433"}],"wp:term":[{"taxonomy":"category","embeddable":true,"href":"https:\/\/catolicanet.net\/wp-cnet\/wp-json\/wp\/v2\/categories?post=92433"},{"taxonomy":"post_tag","embeddable":true,"href":"https:\/\/catolicanet.net\/wp-cnet\/wp-json\/wp\/v2\/tags?post=92433"}],"curies":[{"name":"wp","href":"https:\/\/api.w.org\/{rel}","templated":true}]}}