{"id":92412,"date":"2025-01-13T09:41:43","date_gmt":"2025-01-13T12:41:43","guid":{"rendered":"https:\/\/catolicanet.net\/wp-cnet\/?p=92412"},"modified":"2025-01-16T11:42:30","modified_gmt":"2025-01-16T14:42:30","slug":"tempo-comum-tempo-durante-o-ano","status":"publish","type":"post","link":"https:\/\/catolicanet.net\/wp-cnet\/tempo-comum-tempo-durante-o-ano\/","title":{"rendered":"Tempo Comum Tempo Durante o ano"},"content":{"rendered":"<p style=\"text-align: justify;\">Na segunda-feira, dia 13 de janeiro, ap\u00f3s a festa do Batismo do Senhor teve in\u00edcio o Tempo Comum. Esse \u00e9 o tempo lit\u00fargico mais extenso, s\u00e3o 34 semanas divididas em duas partes, a primeira inicia-se na segunda-feira ap\u00f3s a festa do Batismo do Senhor e vai at\u00e9 a ter\u00e7a-feira de Carnaval, e a segunda parte inicia-se ap\u00f3s a solenidade de Pentecostes e permanece at\u00e9 o s\u00e1bado antes do Advento.<\/p>\n<p style=\"text-align: justify;\">A cor lit\u00fargica predominante ao longo do Tempo Comum \u00e9 a verde que simboliza a esperan\u00e7a, a esperan\u00e7a do povo em um mundo melhor, mais justo e fraterno para todos. Ao longo do tempo comum acompanhamos Jesus em sua vida p\u00fablica anunciando o Reino de Deus e somos convidados a fazer o mesmo nos dias de hoje. \u00c9 tamb\u00e9m a Igreja na caminhada da hist\u00f3ria anunciando os mist\u00e9rios da encarna\u00e7\u00e3o e reden\u00e7\u00e3o do Senhor.<\/p>\n<p style=\"text-align: justify;\">Jesus inicia a sua vida p\u00fablica ap\u00f3s o batismo realizado por Jo\u00e3o, movido pelo Esp\u00edrito Santo, Ele vence as tenta\u00e7\u00f5es no deserto e motivado pelo mesmo Esp\u00edrito Santo realiza os milagres e sinais ao longo de sua vida p\u00fablica. Do mesmo modo cada um de n\u00f3s no batismo recebemos o Esp\u00edrito Santo e somos impelidos por meio desse Esp\u00edrito Santo a edificar o Reino de Deus aqui na terra. E ainda, somos chamados a viver a santidade em nossas a\u00e7\u00f5es di\u00e1rias.<\/p>\n<p style=\"text-align: justify;\">Ao longo do Tempo Comum acompanhamos Jesus percorrendo toda a Jud\u00e9ia, desde a sa\u00edda de sua terra natal (Nazar\u00e9), at\u00e9 entrar em Jerusal\u00e9m para sofrer a paix\u00e3o, morte e posterior ressurrei\u00e7\u00e3o. Atrav\u00e9s do Tempo Comum caminhamos com Jesus e a cada dia acompanhamos um ensinamento.<\/p>\n<p style=\"text-align: justify;\">O tempo comum inicia-se ap\u00f3s o tempo do Natal e faz uma pausa para o tempo quaresmal e da P\u00e1scoa. A caracter\u00edstica do tempo do Advento \u00e9 a vigil\u00e2ncia e da Quaresma \u00e9 a penit\u00eancia e a ora\u00e7\u00e3o, o Tempo Comum \u00e9 marcado pela esperan\u00e7a e nos ajuda a nos preparar melhor para vivenciarmos o tempo da Quaresma e posteriormente o tempo do Advento.<\/p>\n<p style=\"text-align: justify;\">Algumas celebra\u00e7\u00f5es e solenidades importantes acontecem ao longo do Tempo Comum e marcam a vida da Igreja. Como por exemplo: Sant\u00edssima Trindade, Sagrado Cora\u00e7\u00e3o de Jesus e Corpus Christi. No m\u00eas de agosto celebramos o m\u00eas vocacional e em outubro o m\u00eas mission\u00e1rio e do ros\u00e1rio, recordamos que cada batizado \u00e9 chamado por Deus a construir o Reino de Deus aqui na terra e chamado para uma voca\u00e7\u00e3o especifica e ajudar a sua comunidade a crescer no discipulado de Jesus.<\/p>\n<p style=\"text-align: justify;\">A Igreja \u00e9 s\u00e1bia e disp\u00f5e ao longo do ano lit\u00fargico os tempos espec\u00edficos e se observarmos bem seguem uma sequ\u00eancia. O ano lit\u00fargico inicia-se com o tempo do Advento, onde nos preparamos para receber o Senhor no Natal, a primeira parte do tempo comum inicia-se ap\u00f3s a festa do Batismo do Senhor, onde ap\u00f3s sofrer as tenta\u00e7\u00f5es no deserto Ele inicia a vida p\u00fablica, no tempo da Quaresma recordamos as tenta\u00e7\u00f5es que Jesus sofreu no deserto e ap\u00f3s Pentecostes, que \u00e9 a vinda do Esp\u00edrito Santo, retoma o Tempo Comum. A celebra\u00e7\u00e3o da paix\u00e3o, morte e ressurrei\u00e7\u00e3o de Jesus \u00e9 o centro do calend\u00e1rio lit\u00fargico.<\/p>\n<p style=\"text-align: justify;\">Devemos viver e participar com f\u00e9 e alegria das celebra\u00e7\u00f5es ao longo de todo ano lit\u00fargico, pois em cada tempo lit\u00fargico contemplamos uma parte da vida e minist\u00e9rio de Jesus. Ao passar por todo ano lit\u00fargico contemplamos ainda em todos os momentos o mist\u00e9rio central da nossa f\u00e9 que \u00e9 a paix\u00e3o, morte e ressurrei\u00e7\u00e3o de Jesus.<\/p>\n<p style=\"text-align: justify;\">Ao longo do tempo comum o Senhor nos envia como disc\u00edpulos e mission\u00e1rios para anunciar o Reino de Deus. Somos impulsionados pelo Esp\u00edrito Santo para realizar a miss\u00e3o do mesmo modo que Jesus enviou os disc\u00edpulos. Ao longo do tempo comum \u00e9 despertado em n\u00f3s o senso de perten\u00e7a a uma comunidade e chamados por Deus a sal na terra e luz no mundo. A miss\u00e3o deve ser permanente e sempre podemos anunciar a Palavra uns aos outros.<\/p>\n<p style=\"text-align: justify;\">Esse ano em especial a Igreja vive o ano jubilar da esperan\u00e7a, por isso, ao longo desse ano devemos encorajar aqueles que se encontram tristes, conduzir ao batismo aqueles que n\u00e3o s\u00e3o batizados e anunciar a todos a miseric\u00f3rdia de Deus. A cada vinte e cinco anos a Igreja vive o jubileu ordin\u00e1rio, e \u00e9 sempre um tempo de muitas gra\u00e7as e esperamos que esse tamb\u00e9m seja.<\/p>\n<p style=\"text-align: justify;\">Durante este tempo comum rezemos pelas necessidades da Igreja, pelo Papa Francisco, por nosso bispo diocesano, padres, di\u00e1conos e seminaristas. Rezemos para que nunca faltem pessoas dispostas para levar adiante a mensagem do evangelho. Que a Igreja conduzida por Francisco continue sendo sinal de salva\u00e7\u00e3o para todos.<\/p>\n<p style=\"text-align: justify;\">Celebramos o mist\u00e9rio da Palavra de Deus encarnada ao longo desse Tempo Comum e pe\u00e7amos que Deus nos guie na miss\u00e3o de disc\u00edpulos e mission\u00e1rios de Jesus, sobretudo levando a esperan\u00e7a aos desanimados e anunciando a miseric\u00f3rdia do Senhor.<\/p>\n","protected":false},"excerpt":{"rendered":"<p>Na segunda-feira, dia 13 de janeiro, ap\u00f3s a festa do Batismo do Senhor teve in\u00edcio o Tempo Comum. Esse \u00e9 o tempo lit\u00fargico mais extenso, s\u00e3o 34 semanas divididas em duas partes, a primeira inicia-se na segunda-feira ap\u00f3s a festa do Batismo do Senhor e vai at\u00e9 a ter\u00e7a-feira de Carnaval, e a segunda parte [&hellip;]<\/p>\n","protected":false},"author":5,"featured_media":55819,"comment_status":"open","ping_status":"closed","sticky":false,"template":"","format":"standard","meta":{"footnotes":""},"categories":[9],"tags":[],"class_list":["post-92412","post","type-post","status-publish","format-standard","has-post-thumbnail","hentry","category-artigos"],"_links":{"self":[{"href":"https:\/\/catolicanet.net\/wp-cnet\/wp-json\/wp\/v2\/posts\/92412","targetHints":{"allow":["GET"]}}],"collection":[{"href":"https:\/\/catolicanet.net\/wp-cnet\/wp-json\/wp\/v2\/posts"}],"about":[{"href":"https:\/\/catolicanet.net\/wp-cnet\/wp-json\/wp\/v2\/types\/post"}],"author":[{"embeddable":true,"href":"https:\/\/catolicanet.net\/wp-cnet\/wp-json\/wp\/v2\/users\/5"}],"replies":[{"embeddable":true,"href":"https:\/\/catolicanet.net\/wp-cnet\/wp-json\/wp\/v2\/comments?post=92412"}],"version-history":[{"count":1,"href":"https:\/\/catolicanet.net\/wp-cnet\/wp-json\/wp\/v2\/posts\/92412\/revisions"}],"predecessor-version":[{"id":92414,"href":"https:\/\/catolicanet.net\/wp-cnet\/wp-json\/wp\/v2\/posts\/92412\/revisions\/92414"}],"wp:featuredmedia":[{"embeddable":true,"href":"https:\/\/catolicanet.net\/wp-cnet\/wp-json\/wp\/v2\/media\/55819"}],"wp:attachment":[{"href":"https:\/\/catolicanet.net\/wp-cnet\/wp-json\/wp\/v2\/media?parent=92412"}],"wp:term":[{"taxonomy":"category","embeddable":true,"href":"https:\/\/catolicanet.net\/wp-cnet\/wp-json\/wp\/v2\/categories?post=92412"},{"taxonomy":"post_tag","embeddable":true,"href":"https:\/\/catolicanet.net\/wp-cnet\/wp-json\/wp\/v2\/tags?post=92412"}],"curies":[{"name":"wp","href":"https:\/\/api.w.org\/{rel}","templated":true}]}}