{"id":92381,"date":"2025-01-03T09:11:38","date_gmt":"2025-01-03T12:11:38","guid":{"rendered":"https:\/\/catolicanet.net\/wp-cnet\/?p=92381"},"modified":"2025-01-16T11:12:28","modified_gmt":"2025-01-16T14:12:28","slug":"santissimo-nome-de-jesus","status":"publish","type":"post","link":"https:\/\/catolicanet.net\/wp-cnet\/santissimo-nome-de-jesus\/","title":{"rendered":"Sant\u00edssimo Nome de Jesus"},"content":{"rendered":"<p style=\"text-align: center;\"><em>\u201cAo vosso nome, por\u00e9m, seja a Gl\u00f3ria\u201d (Sl 113)<\/em><\/p>\n<p style=\"text-align: justify;\">Celebramos no dia 03 de janeiro, dentro do tempo do Natal, a mem\u00f3ria lit\u00fargica do Sant\u00edssimo Nome de Jesus. No dia 1\u00ba, solenidade de Maria, m\u00e3e de Deus, j\u00e1 no Evangelho da circuncis\u00e3o falava do nome que foi dado ao menino. Por\u00e9m a liturgia nos concede celebrar essa mem\u00f3ria neste dia para aprofundarmos mais sobre esse an\u00fancio. O Nome de Jesus \u00e9 santo primeiro por ser o Filho de Deus, e foi do desejo de Deus que seu Filho nascesse do ventre de uma mulher, tomasse a forma humana e recebesse o Nome de Jesus. O Anjo Gabriel quando anuncia a Maria que Ela seria a M\u00e3e do Salvador diz a Ela que o Menino que nasceria de seu ventre seria santo e que deveria colocar o nome de Jesus.<\/p>\n<p style=\"text-align: justify;\">Por causa dele que adv\u00e9m todos os outros santos, pois todos os santos escolheram seguir a Jesus e buscaram instaurar aqui na terra o Reino de Deus pregado por Jesus. Todos os santos que conhecemos morreram por serem seguidores de Jesus, por isso, todos aqueles que foram canonizados pela Igreja foram por causa do nome de Jesus.<\/p>\n<p style=\"text-align: justify;\">Na verdade, todo aquele que \u00e9 batizado \u00e9 chamado a ser santo e passa a pertencer a Deus, com o batismo somos regenerados nas \u00e1guas e nossos pecados s\u00e3o perdoados. A partir do batismo recebemos a identidade de crist\u00e3os, ou seja, seguidores de Jesus, e com isso temos que ser santos a semelhan\u00e7a dele.<\/p>\n<p style=\"text-align: justify;\">Celebrar o Sant\u00edssimo Nome de Jesus logo no in\u00edcio do ano e dentro do tempo do Natal nos recorda que o Menino que nasceu na manjedoura de Bel\u00e9m \u00e9 santo e que a exemplo dos reis magos temos que nos curvar diante dele e ador\u00e1-lo, e oferecer aquilo que temos de mais sagrado. Ao mesmo tempo somos convidados a voltar o nosso olhar para a Cruz de onde nos veio a salva\u00e7\u00e3o. Um mist\u00e9rio aponta para o outro, a manjedoura nos aponta para o madeiro da Cruz de onde nos veio a salva\u00e7\u00e3o.<\/p>\n<p style=\"text-align: justify;\">Quando adoramos o Senhor no Sant\u00edssimo Sacramento, adoramos o santo dos santos, e reconhecemos o Sant\u00edssimo Nome de Jesus. Em toda celebra\u00e7\u00e3o da missa recordamos aquilo que Jesus fez na \u00faltima ceia, nos deixando como memorial o seu Corpo e Sangue. Todas as vezes que o p\u00e3o e o vinho s\u00e3o consagrados e se tornam o Corpo e Sangue de Jesus o reconhecemos como o santo dos santos.<\/p>\n<p style=\"text-align: justify;\">O Sant\u00edssimo Nome de Jesus deve ser proclamado na Igreja e em nossas ora\u00e7\u00f5es pessoais. Temos que acima de tudo respeitar aquilo que \u00e9 sagrado.<\/p>\n<p style=\"text-align: justify;\">O Sant\u00edssimo Nome de Jesus \u00e9 o \u00fanico nome ao qual tudo o que h\u00e1 nos c\u00e9us, na terra, ou nos abismos se ajoelham para ador\u00e1-lo. Somente a Ele devemos nos curvar e ador\u00e1-lo, em nossas preces e ora\u00e7\u00f5es devemos dirigir primeiramente o pedido a Jesus e depois pedir a intercess\u00e3o dos santos. Inclusive s\u00e3o eles que intercedem por n\u00f3s junto a Jesus, o milagre quem faz \u00e9 Deus por interm\u00e9dio dos santos.<\/p>\n<p style=\"text-align: justify;\">Jesus enquanto esteve entre n\u00f3s era conhecido por Filho de Deus, Cristo e Jesus. \u00c9 chamado Filho de Deus enquanto Deus gerado de Deus. Cristo enquanto homem, pessoa divina que adquiriu a natureza humana, Jesus enquanto Deus unido \u00e0 humanidade. At\u00e9 iniciar a sua vida p\u00fablica era conhecido como Jesus de Nazar\u00e9, ao longo de sua vida p\u00fablica, ap\u00f3s o batismo, alguns o chamavam simplesmente de Jesus e outros de Jesus Cristo. O termo \u201cCristo\u201d significa \u201cungido\u201d, e ap\u00f3s a sua ressurrei\u00e7\u00e3o aqueles que seguiam os ensinamentos deixados por ele eram chamados de \u201ccrist\u00e3os\u201d, e assim segue at\u00e9 hoje.<\/p>\n<p style=\"text-align: justify;\">O nome de Jesus foi escolhido por Deus por meio do anjo Gabriel quando este visitou a Virgem Maria no epis\u00f3dio da Anuncia\u00e7\u00e3o. Esse nome foi escolhido para Ele por toda a eternidade, aguardamos a segunda vinda de Jesus Cristo, quando levar\u00e1 todos para o Reino eterno. Coube a S\u00e3o Jos\u00e9 seu pai adotivo de Jesus apresentar o menino com esse nome, Jos\u00e9 tamb\u00e9m foi previamente instru\u00eddo pelo anjo. Jesus significa \u201csalvador\u201d. E Ele foi Salvador pelo poder de salvar, pelo h\u00e1bito de salvar, pelo ato de salvar, at\u00e9 se entregar na Cruz.<\/p>\n<p style=\"text-align: justify;\">Rezemos! <em>\u201cJesus, no teu nome h\u00e1 poder. No C\u00e9u, na terra e nos infernos, sob todo o universo est\u00e1 teu santo nome. Clamando a ti, queremos alcan\u00e7ar as gra\u00e7as necess\u00e1rias para nossas vidas. N\u00e3o o que queremos, mas a tua santa vontade. Que teu nome seja amado e adorado. Am\u00e9m.\u201d<\/em><\/p>\n","protected":false},"excerpt":{"rendered":"<p>\u201cAo vosso nome, por\u00e9m, seja a Gl\u00f3ria\u201d (Sl 113) Celebramos no dia 03 de janeiro, dentro do tempo do Natal, a mem\u00f3ria lit\u00fargica do Sant\u00edssimo Nome de Jesus. No dia 1\u00ba, solenidade de Maria, m\u00e3e de Deus, j\u00e1 no Evangelho da circuncis\u00e3o falava do nome que foi dado ao menino. Por\u00e9m a liturgia nos concede [&hellip;]<\/p>\n","protected":false},"author":5,"featured_media":55819,"comment_status":"open","ping_status":"closed","sticky":false,"template":"","format":"standard","meta":{"footnotes":""},"categories":[9],"tags":[],"class_list":["post-92381","post","type-post","status-publish","format-standard","has-post-thumbnail","hentry","category-artigos"],"_links":{"self":[{"href":"https:\/\/catolicanet.net\/wp-cnet\/wp-json\/wp\/v2\/posts\/92381","targetHints":{"allow":["GET"]}}],"collection":[{"href":"https:\/\/catolicanet.net\/wp-cnet\/wp-json\/wp\/v2\/posts"}],"about":[{"href":"https:\/\/catolicanet.net\/wp-cnet\/wp-json\/wp\/v2\/types\/post"}],"author":[{"embeddable":true,"href":"https:\/\/catolicanet.net\/wp-cnet\/wp-json\/wp\/v2\/users\/5"}],"replies":[{"embeddable":true,"href":"https:\/\/catolicanet.net\/wp-cnet\/wp-json\/wp\/v2\/comments?post=92381"}],"version-history":[{"count":1,"href":"https:\/\/catolicanet.net\/wp-cnet\/wp-json\/wp\/v2\/posts\/92381\/revisions"}],"predecessor-version":[{"id":92383,"href":"https:\/\/catolicanet.net\/wp-cnet\/wp-json\/wp\/v2\/posts\/92381\/revisions\/92383"}],"wp:featuredmedia":[{"embeddable":true,"href":"https:\/\/catolicanet.net\/wp-cnet\/wp-json\/wp\/v2\/media\/55819"}],"wp:attachment":[{"href":"https:\/\/catolicanet.net\/wp-cnet\/wp-json\/wp\/v2\/media?parent=92381"}],"wp:term":[{"taxonomy":"category","embeddable":true,"href":"https:\/\/catolicanet.net\/wp-cnet\/wp-json\/wp\/v2\/categories?post=92381"},{"taxonomy":"post_tag","embeddable":true,"href":"https:\/\/catolicanet.net\/wp-cnet\/wp-json\/wp\/v2\/tags?post=92381"}],"curies":[{"name":"wp","href":"https:\/\/api.w.org\/{rel}","templated":true}]}}