{"id":92291,"date":"2025-01-02T09:36:16","date_gmt":"2025-01-02T12:36:16","guid":{"rendered":"https:\/\/catolicanet.net\/wp-cnet\/?p=92291"},"modified":"2025-01-02T17:37:33","modified_gmt":"2025-01-02T20:37:33","slug":"sao-jose-um-santo-que-podemos-celebrar-tres-vezes","status":"publish","type":"post","link":"https:\/\/catolicanet.net\/wp-cnet\/sao-jose-um-santo-que-podemos-celebrar-tres-vezes\/","title":{"rendered":"S\u00e3o Jos\u00e9, um santo que podemos celebrar tr\u00eas vezes"},"content":{"rendered":"<div style=\"text-align: justify;\"><span class=\"SubHeading_subheading__NJ_eJ\" aria-label=\"post subtitle\">S\u00e3o Jos\u00e9 pode ser celebrado em tr\u00eas datas ao longo do ano: no dia 19 de mar\u00e7o, no dia 1\u00ba de maio e no final de dezembro. Descubra por que!<\/span><\/div>\n<div style=\"text-align: justify;\">\n<div>\n<p>Enquanto a Virgem Maria \u00e9 celebrada v\u00e1rias vezes no calend\u00e1rio lit\u00fargico, S\u00e3o Jos\u00e9 tem dois dias dedicados a ele: o 19 de mar\u00e7o e o 1\u00ba de maio, aos quais se soma a festa da Sagrada Fam\u00edlia.<\/p>\n<\/div>\n<\/div>\n<div style=\"text-align: justify;\">\n<h2 class=\"RichList_wrapper__l0kVU\"><span class=\"RichList_span__xW7lF\">19 DE MAR\u00c7O &#8211; <\/span><strong class=\"RichList_strong__koiGs\">ESPOSO DA VIRGEM MARIA E PATRONO DA IGREJA<\/strong><\/h2>\n<\/div>\n<div style=\"text-align: justify;\">\n<figure class=\"ImageBlock_figure__x1S9e\"><img loading=\"lazy\" decoding=\"async\" class=\"ImageBlock_image__Y5gng\" src=\"https:\/\/wp.pt.aleteia.org\/wp-content\/uploads\/sites\/5\/2024\/03\/Feast-of-Saint-Joseph-Antoine-Mekary-ALETEIA-AM_-7432.jpg?resize=620,413&amp;q=75\" sizes=\"auto, \" srcset=\"https:\/\/wp.pt.aleteia.org\/wp-content\/uploads\/sites\/5\/2024\/03\/Feast-of-Saint-Joseph-Antoine-Mekary-ALETEIA-AM_-7432.jpg?resize=620,413&amp;q=75 1x\" alt=\"Feast of Saint Joseph at the parish of San Giuseppe al Trionfale in Rome\" width=\"3000\" height=\"2000\" data-nimg=\"1\" \/><\/p>\n<div class=\"ImageBlock_copyright__mSdmK\"><a class=\"ImageBlock_copyright_link__r9XV5\" href=\"https:\/\/www.instagram.com\/antoine.mekary\/\" hreflang=\"pt\">Antoine Mekary | ALETEIA<\/a><\/div>\n<\/figure>\n<\/div>\n<div style=\"text-align: justify;\">\n<div>\n<p>A festa mais importante dedicada a S\u00e3o Jos\u00e9 \u00e9 a do dia 19 de mar\u00e7o. Trata-se de uma Solenidade, o grau mais alto na celebra\u00e7\u00e3o das festas lit\u00fargicas, acima da festa e da mem\u00f3ria. Esta data foi estabelecida pelo beato Papa Pio IX, que proclamou S\u00e3o Jos\u00e9 patrono da Igreja Universal em 8 de dezembro de 1870, por meio do decreto\u00a0<a href=\"https:\/\/www.osj.org.br\/josefologia\/quemadmodum-deus-sao-jose-patrono-da-igreja\/\"><em>Quemadmodum Deus<\/em><\/a>:<\/p>\n<\/div>\n<\/div>\n<div style=\"text-align: justify;\">\n<blockquote class=\"Quote_container__XMwM_\">\n<div>\n<p>&#8220;Da mesma maneira que Deus havia constitu\u00eddo Jos\u00e9, gerado do patriarca Jac\u00f3, superintendente de toda a terra do Egito para guardar o trigo para o povo, assim, chegando a plenitude dos tempos, estando para enviar \u00e0 terra o seu Filho Unig\u00eanito Salvador do mundo, escolheu um outro Jos\u00e9, do qual o primeiro era figura, o fez Senhor e Pr\u00edncipe de sua casa e propriedade e o elegeu guarda dos seus tesouros mais preciosos.&#8221;<\/p>\n<\/div>\n<div><\/div>\n<\/blockquote>\n<\/div>\n<div style=\"text-align: justify;\">\n<div>\n<p>S\u00e3o Jos\u00e9 teve a miss\u00e3o de zelar por Maria e Jesus. E, assim como ele os protegeu, continua a zelar pela Igreja Universal, da qual \u00e9 patrono.<\/p>\n<\/div>\n<\/div>\n<div style=\"text-align: justify;\">\n<h2 class=\"RichList_wrapper__l0kVU\"><span class=\"RichList_span__xW7lF\">1\u00ba DE MAIO &#8211; <\/span><strong class=\"RichList_strong__koiGs\">JOS\u00c9 ARTES\u00c3O<\/strong><\/h2>\n<\/div>\n<div style=\"text-align: justify;\">\n<figure class=\"ImageBlock_figure__x1S9e\"><img loading=\"lazy\" decoding=\"async\" class=\"ImageBlock_image__Y5gng\" src=\"https:\/\/wp.pt.aleteia.org\/wp-content\/uploads\/sites\/5\/2024\/05\/Joseph-holy-family-angels.jpg?resize=620,576&amp;q=75\" sizes=\"auto, \" srcset=\"https:\/\/wp.pt.aleteia.org\/wp-content\/uploads\/sites\/5\/2024\/05\/Joseph-holy-family-angels.jpg?resize=620,576&amp;q=75 1x\" alt=\"St. Joseph angels Holy Family Nazareth\" width=\"1200\" height=\"1115\" data-nimg=\"1\" \/><\/p>\n<div class=\"ImageBlock_copyright__mSdmK\">Renata Sedmakova | Shutterstock<\/div>\n<\/figure>\n<\/div>\n<div style=\"text-align: justify;\">\n<div>\n<p>Em 1955, 85 anos ap\u00f3s a proclama\u00e7\u00e3o de S\u00e3o Jos\u00e9 como patrono da Igreja Universal, o Papa Pio XII instituiu a festa de S\u00e3o Jos\u00e9 Artes\u00e3o, ou &#8220;trabalhador&#8221;, no dia 1\u00ba de maio. Trata-se de uma mem\u00f3ria facultativa que celebra o trabalho de Jos\u00e9 como carpinteiro. Atrav\u00e9s de seu of\u00edcio, ele sustentou sua fam\u00edlia. E, ao transmitir seu saber ao filho Jesus, ele o introduziu na vida dos homens. Ele \u00e9 o santo patrono dos trabalhadores, especialmente dos carpinteiros e marceneiros.<\/p>\n<\/div>\n<\/div>\n<div style=\"text-align: justify;\">\n<blockquote class=\"Quote_container__XMwM_\">\n<div>\n<p>&#8220;Um aspeto que carateriza S\u00e3o Jos\u00e9 \u2013 e tem sido evidenciado desde os dias da primeira enc\u00edclica social, a\u00a0<em>Rerum novarum\u00a0<\/em>de Le\u00e3o XIII \u2013 \u00e9 a sua rela\u00e7\u00e3o com o trabalho&#8221;, destaca o Papa Francisco em\u00a0<a href=\"https:\/\/www.vatican.va\/content\/francesco\/pt\/apost_letters\/documents\/papa-francesco-lettera-ap_20201208_patris-corde.html\"><em>Patris corde<\/em><\/a>. &#8220;S\u00e3o Jos\u00e9 era um carpinteiro que trabalhou honestamente para garantir o sustento da sua fam\u00edlia. Com ele, Jesus aprendeu o valor, a dignidade e a alegria do que significa comer o p\u00e3o fruto do pr\u00f3prio trabalho.\u201d<\/p>\n<\/div>\n<div><\/div>\n<\/blockquote>\n<\/div>\n<div style=\"text-align: justify;\">\n<h2 class=\"RichList_wrapper__l0kVU\"><span class=\"RichList_span__xW7lF\">FINAL DE DEZEMBRO &#8211; <\/span><strong class=\"RichList_strong__koiGs\">CHEFE DA SAGRADA FAM\u00cdLIA<\/strong><\/h2>\n<div><\/div>\n<\/div>\n<div style=\"text-align: justify;\">\n<figure class=\"ImageBlock_figure__x1S9e\"><img loading=\"lazy\" decoding=\"async\" class=\"ImageBlock_image__Y5gng\" src=\"https:\/\/wp.pt.aleteia.org\/wp-content\/uploads\/sites\/5\/2023\/11\/shutterstock_154490453.jpg?resize=620,413&amp;q=75\" sizes=\"auto, \" srcset=\"https:\/\/wp.pt.aleteia.org\/wp-content\/uploads\/sites\/5\/2023\/11\/shutterstock_154490453.jpg?resize=620,413&amp;q=75 1x\" alt=\"Pres\u00e9pio\" width=\"1200\" height=\"800\" data-nimg=\"1\" \/><\/p>\n<div class=\"ImageBlock_copyright__mSdmK\">PixelDarkroom | Shutterstock<\/div>\n<\/figure>\n<\/div>\n<div style=\"text-align: justify;\">\n<div>\n<p>Embora n\u00e3o se trate de uma festa especificamente dedicada a S\u00e3o Jos\u00e9, a festa da Sagrada Fam\u00edlia permite, ainda assim, celebrar uma terceira vez, no ano, o esposo de Maria e o pai adotivo de Jesus. No domingo ap\u00f3s o Natal, ou no dia 30 de dezembro, caso o Natal caia em um domingo, a Igreja celebra a Sagrada Fam\u00edlia, festa lit\u00fargica institu\u00edda em 1893 e estendida a toda a Igreja em 1921. Foi apenas em 1969, ap\u00f3s o Conc\u00edlio Vaticano II, que ela foi associada \u00e0 festa de Natal. Esta devo\u00e7\u00e3o se desenvolveu inicialmente no Canad\u00e1, no s\u00e9culo XVII, gra\u00e7as a S\u00e3o Francisco de Laval, primeiro bispo de Quebec, ap\u00f3s os milagres de Cotignac.<\/p>\n<\/div>\n<\/div>\n<div style=\"text-align: justify;\">\n<div>\n<p>Tradicionalmente, S\u00e3o Jos\u00e9 \u00e9 representado como o chefe e protetor da Sagrada Fam\u00edlia. Sua miss\u00e3o consistiu em guiar e proteger os dois maiores &#8220;tesouros&#8221; da Igreja: Maria e Jesus. O Papa Francisco o designa como &#8221; o verdadeiro \u00abmilagre\u00bb, pelo qual Deus salva o Menino e sua m\u00e3e&#8221; (<em>Patris corde<\/em>).<\/p>\n<\/div>\n<\/div>\n<div style=\"text-align: justify;\">\n<blockquote class=\"Quote_container__XMwM_\">\n<div>\n<p>&#8220;C\u00e9u interv\u00e9m, confiando na coragem criativa deste homem que, tendo chegado a Bel\u00e9m e n\u00e3o encontrando alojamento onde Maria possa dar \u00e0 luz, arranja um est\u00e1bulo e prepara-o de modo a tornar-se o lugar mais acolhedor poss\u00edvel para o Filho de Deus, que vem ao mundo (cf. Lc 2, 6-7). Face ao perigo iminente de Herodes, que quer matar o Menino, de novo em sonhos Jos\u00e9 \u00e9 alertado para O defender e, no cora\u00e7\u00e3o da noite, organiza a fuga para o Egito (cf. Mt 2, 13-14).&#8221;<\/p>\n<\/div>\n<div><\/div>\n<\/blockquote>\n<\/div>\n<div>\n<div>\n<p style=\"text-align: justify;\">Portanto, vamos tamb\u00e9m honrar S\u00e3o Jos\u00e9 por sua for\u00e7a e coragem como chefe da fam\u00edlia.<\/p>\n<\/div>\n<\/div>\n","protected":false},"excerpt":{"rendered":"<p>S\u00e3o Jos\u00e9 pode ser celebrado em tr\u00eas datas ao longo do ano: no dia 19 de mar\u00e7o, no dia 1\u00ba de maio e no final de dezembro. Descubra por que! Enquanto a Virgem Maria \u00e9 celebrada v\u00e1rias vezes no calend\u00e1rio lit\u00fargico, S\u00e3o Jos\u00e9 tem dois dias dedicados a ele: o 19 de mar\u00e7o e o [&hellip;]<\/p>\n","protected":false},"author":1,"featured_media":92292,"comment_status":"open","ping_status":"closed","sticky":false,"template":"","format":"standard","meta":{"footnotes":""},"categories":[4],"tags":[],"class_list":["post-92291","post","type-post","status-publish","format-standard","has-post-thumbnail","hentry","category-cotidiano"],"_links":{"self":[{"href":"https:\/\/catolicanet.net\/wp-cnet\/wp-json\/wp\/v2\/posts\/92291","targetHints":{"allow":["GET"]}}],"collection":[{"href":"https:\/\/catolicanet.net\/wp-cnet\/wp-json\/wp\/v2\/posts"}],"about":[{"href":"https:\/\/catolicanet.net\/wp-cnet\/wp-json\/wp\/v2\/types\/post"}],"author":[{"embeddable":true,"href":"https:\/\/catolicanet.net\/wp-cnet\/wp-json\/wp\/v2\/users\/1"}],"replies":[{"embeddable":true,"href":"https:\/\/catolicanet.net\/wp-cnet\/wp-json\/wp\/v2\/comments?post=92291"}],"version-history":[{"count":1,"href":"https:\/\/catolicanet.net\/wp-cnet\/wp-json\/wp\/v2\/posts\/92291\/revisions"}],"predecessor-version":[{"id":92294,"href":"https:\/\/catolicanet.net\/wp-cnet\/wp-json\/wp\/v2\/posts\/92291\/revisions\/92294"}],"wp:featuredmedia":[{"embeddable":true,"href":"https:\/\/catolicanet.net\/wp-cnet\/wp-json\/wp\/v2\/media\/92292"}],"wp:attachment":[{"href":"https:\/\/catolicanet.net\/wp-cnet\/wp-json\/wp\/v2\/media?parent=92291"}],"wp:term":[{"taxonomy":"category","embeddable":true,"href":"https:\/\/catolicanet.net\/wp-cnet\/wp-json\/wp\/v2\/categories?post=92291"},{"taxonomy":"post_tag","embeddable":true,"href":"https:\/\/catolicanet.net\/wp-cnet\/wp-json\/wp\/v2\/tags?post=92291"}],"curies":[{"name":"wp","href":"https:\/\/api.w.org\/{rel}","templated":true}]}}