{"id":92253,"date":"2024-12-22T09:11:50","date_gmt":"2024-12-22T12:11:50","guid":{"rendered":"https:\/\/catolicanet.net\/wp-cnet\/?p=92253"},"modified":"2025-01-02T17:12:41","modified_gmt":"2025-01-02T20:12:41","slug":"quarto-domingo-do-advento-5","status":"publish","type":"post","link":"https:\/\/catolicanet.net\/wp-cnet\/quarto-domingo-do-advento-5\/","title":{"rendered":"Quarto Domingo do Advento"},"content":{"rendered":"<p style=\"text-align: justify;\">Estamos celebrando o \u00faltimo domingo do advento, ou seja, o quarto domingo do advento. Estamos j\u00e1 pr\u00f3ximo ao Natal. No tempo de prepara\u00e7\u00e3o para o Natal (Advento), a Liturgia nos fala e nos ensina por meio de tr\u00eas grandes guias: Isa\u00edas, Jo\u00e3o Batista e Maria; o profeta, o precursor e a m\u00e3e. Hoje \u00e9 a vez de Maria; ela nos ajuda a intensificar e a concentrar nossa espera: \u201cAquele que deve vir\u201d j\u00e1 chegou; o mist\u00e9rio escondido desde s\u00e9culos em Deus (Ef 3,9) faz nove meses se encontra no seio de Maria!<\/p>\n<p style=\"text-align: justify;\">Se Advento significa espera de Cristo, Maria \u00e9 a espera em pessoa; a espera teve para ela o sentido realista e delicado que esta palavra tem para cada mulher que espera o nascimento de uma crian\u00e7a. \u00c9 assim que devemos imaginar Nossa Senhora na imin\u00eancia do Natal: com aquele olhar am\u00e1vel, dirigido mais para dentro do que para fora de si, que se nota numa mulher que carrega no seio uma criatura e parece que j\u00e1 a contempla e com ela dialoga. Maria manteve com seu Filho uma comunh\u00e3o ininterrupta de amor, como uma pessoa que recebeu a Eucaristia.<\/p>\n<p style=\"text-align: justify;\">Na primeira leitura \u2013 Mq 5,1-4 \u2013 \u201cDe Bel\u00e9m sair\u00e1 aquele que dominar\u00e1 Israel: Ele dominar\u00e1 e apascentar\u00e1 com a for\u00e7a do Senhor\u2026 e os homens viver\u00e3o em paz! Ele mesmo ser\u00e1 a Paz!\u201d. O Messias \u00e9 prometido ao \u201cresto do Povo de Israel\u201d, aos pequenos que preservaram sua f\u00e9 no poder de Deus. Nascer\u00e1 num \u201cpovoado\u201d, mas sua origem \u00e9 divina e vem dos tempos da eternidade!<\/p>\n<p style=\"text-align: justify;\">Na segunda leitura aos Hebreus \u2013 Hb 10,5-10 \u2013, que de modo impressionante nos desvela os sentimentos do Filho eterno do Pai no momento da sua Encarna\u00e7\u00e3o: Pai, \u201cTu n\u00e3o quiseste v\u00edtima nem oferenda\u201d, aquelas do Templo, aquelas v\u00edtimas simplesmente rituais, \u201cmas formaste-me um corpo\u201d, tu me fizeste humano, deste-me uma natureza humana! N\u00e3o foram do teu agrado os sacrif\u00edcios de animais irracionais, os ritos meramente formais, \u201cpor isso eu disse: \u2018Eis que eu venho! Eu vim, \u00f3 Deus, para fazer a tua vontade\u2019\u201d. Eis o primeiro aspecto que nos \u00e9 dado hoje meditar! O Filho eterno, igual ao Pai, Deus igual a Deus, luz gerada pela luz, por puro amor, por pura obedi\u00eancia ao Pai que tanto nos amou, dignou-se fazer-se homem! Sem deixar de ser Deus verdadeiro, ele realmente se tornou homem verdadeiro, em tudo igual a n\u00f3s, menos no pecado.<\/p>\n<p style=\"text-align: justify;\">Mas, como pode? Como \u00e9 poss\u00edvel? Aquele que \u00e9 a luz, assumiu a escurid\u00e3o humilde do seio materno; Aquele que abarca o universo, foi abarcado pelo \u00fatero de uma Virgem; Aquele que \u00e9 a Palavra eterna do Pai, passou nove meses no sil\u00eancio da gesta\u00e7\u00e3o! Como pode ser? Num mundo que se contenta com mentiras, com f\u00e1bulas, mitos e lendas, eis uma realidade que nos deixa maravilhados! E tudo isso por n\u00f3s, para nossa salva\u00e7\u00e3o, para nos elevar! Ele veio viver em tudo nossa aventura humana, em tudo, nossas ang\u00fastias, em tudo, nossas procuras, em tudo, nosso sonho de ser felizes! \u201c\u00c9 gra\u00e7as a esta vontade que somos santificados pela oferenda do corpo de Jesus Cristo, realizada uma vez por todas!\u201d. O Filho eterno, fazendo-se um de n\u00f3s, assumindo nosso corpo, isto \u00e9, nossa humanidade, nossa hist\u00f3ria, nossas limita\u00e7\u00f5es, foi homem perfeito, perfeitamente dedicado ao Pai, perfeitamente obediente, perfeitamente abandonado nas m\u00e3os do Pai, e, assim, nos salvou, mereceu-nos o perd\u00e3o para a humanidade que Ad\u00e3o havia estragado!<\/p>\n<p style=\"text-align: justify;\">O Evangelho \u2013 Lc 1, 39-48 \u2013 narra o encontro de duas m\u00e3es, que vibram de alegria com a realiza\u00e7\u00e3o das Promessas. Quem aguarda o Salvador, n\u00e3o pode esquecer a sua M\u00e3e. Ap\u00f3s a Anuncia\u00e7\u00e3o, em que deu o seu SIM a Deus, Maria se p\u00f5e a caminho\u2026 e vai \u00e0s pressas \u00e0 casa de Isabel. Maria nos ensina o melhor jeito de acolher: estar atento \u00e0s necessidades dos irm\u00e3os, partir ao seu encontro, partilhar com eles a nossa amizade e ser solid\u00e1rio com as suas necessidades.<\/p>\n<p style=\"text-align: justify;\">Dentro de poucos dias veremos Jesus reclinado numa manjedoura, o que \u00e9 uma prova de miseric\u00f3rdia e do amor de Deus. Poderemos dizer: \u201cNesta noite de Natal, tudo para dentro de mim. Estar diante d\u2019Ele; n\u00e3o h\u00e1 nada mais do que Ele na branca imensid\u00e3o. N\u00e3o diz nada, mas est\u00e1 a\u00ed\u2026 Ele \u00e9 o Deus amando-me. E se Deus se faz homem e me ama, como n\u00e3o procur\u00e1-Lo? Como perder a esperan\u00e7a de encontr\u00e1-Lo, se \u00e9 Ele que me procura? Afastemos todo o poss\u00edvel desalento; as dificuldades exteriores e a nossa mis\u00e9ria pessoal n\u00e3o podem nada diante da alegria do Natal que se aproxima.<\/p>\n<p style=\"text-align: justify;\">\u201cA Virgem Maria \u00e9 ela mesma o caminho real pelo qual veio a n\u00f3s o Salvador. Devemos procurar ir ao encontro do Salvador pelo mesmo caminho pelo qual ele veio a n\u00f3s\u201d (S\u00e3o Bernardo). Haja em cada um de n\u00f3s a alma de Maria para engrandecer a Deus; esteja em cada um o esp\u00edrito de Maria para exultar em Deus\u201d (Santo Ambr\u00f3sio).<\/p>\n<p style=\"text-align: justify;\">Alegremo-nos todos, pois, o Senhor est\u00e1 chegando e com Ele vem a nossa salva\u00e7\u00e3o! Predito pelos profetas, esperado com amor de m\u00e3e, pela Virgem Maria, Jesus anunciado por Jo\u00e3o Batista. Alegremo-nos, pois, hoje, j\u00e1 iniciamos a celebra\u00e7\u00e3o de seu mist\u00e9rio; Ele vem pobre, no meio dos pobres e para nossa salva\u00e7\u00e3o!<\/p>\n","protected":false},"excerpt":{"rendered":"<p>Estamos celebrando o \u00faltimo domingo do advento, ou seja, o quarto domingo do advento. Estamos j\u00e1 pr\u00f3ximo ao Natal. No tempo de prepara\u00e7\u00e3o para o Natal (Advento), a Liturgia nos fala e nos ensina por meio de tr\u00eas grandes guias: Isa\u00edas, Jo\u00e3o Batista e Maria; o profeta, o precursor e a m\u00e3e. Hoje \u00e9 a [&hellip;]<\/p>\n","protected":false},"author":5,"featured_media":55819,"comment_status":"open","ping_status":"closed","sticky":false,"template":"","format":"standard","meta":{"footnotes":""},"categories":[9],"tags":[],"class_list":["post-92253","post","type-post","status-publish","format-standard","has-post-thumbnail","hentry","category-artigos"],"_links":{"self":[{"href":"https:\/\/catolicanet.net\/wp-cnet\/wp-json\/wp\/v2\/posts\/92253","targetHints":{"allow":["GET"]}}],"collection":[{"href":"https:\/\/catolicanet.net\/wp-cnet\/wp-json\/wp\/v2\/posts"}],"about":[{"href":"https:\/\/catolicanet.net\/wp-cnet\/wp-json\/wp\/v2\/types\/post"}],"author":[{"embeddable":true,"href":"https:\/\/catolicanet.net\/wp-cnet\/wp-json\/wp\/v2\/users\/5"}],"replies":[{"embeddable":true,"href":"https:\/\/catolicanet.net\/wp-cnet\/wp-json\/wp\/v2\/comments?post=92253"}],"version-history":[{"count":1,"href":"https:\/\/catolicanet.net\/wp-cnet\/wp-json\/wp\/v2\/posts\/92253\/revisions"}],"predecessor-version":[{"id":92255,"href":"https:\/\/catolicanet.net\/wp-cnet\/wp-json\/wp\/v2\/posts\/92253\/revisions\/92255"}],"wp:featuredmedia":[{"embeddable":true,"href":"https:\/\/catolicanet.net\/wp-cnet\/wp-json\/wp\/v2\/media\/55819"}],"wp:attachment":[{"href":"https:\/\/catolicanet.net\/wp-cnet\/wp-json\/wp\/v2\/media?parent=92253"}],"wp:term":[{"taxonomy":"category","embeddable":true,"href":"https:\/\/catolicanet.net\/wp-cnet\/wp-json\/wp\/v2\/categories?post=92253"},{"taxonomy":"post_tag","embeddable":true,"href":"https:\/\/catolicanet.net\/wp-cnet\/wp-json\/wp\/v2\/tags?post=92253"}],"curies":[{"name":"wp","href":"https:\/\/api.w.org\/{rel}","templated":true}]}}