{"id":92238,"date":"2024-12-23T09:04:28","date_gmt":"2024-12-23T12:04:28","guid":{"rendered":"https:\/\/catolicanet.net\/wp-cnet\/?p=92238"},"modified":"2025-01-02T17:05:34","modified_gmt":"2025-01-02T20:05:34","slug":"nasceu-para-nos-jesus-o-salvador","status":"publish","type":"post","link":"https:\/\/catolicanet.net\/wp-cnet\/nasceu-para-nos-jesus-o-salvador\/","title":{"rendered":"Nasceu para n\u00f3s Jesus, o Salvador!"},"content":{"rendered":"<p style=\"text-align: justify;\">Amados irm\u00e3os e irm\u00e3s em Cristo,<\/p>\n<p style=\"text-align: justify;\">Nesta noite santa, o c\u00e9u e a terra se unem para celebrar o nascimento do Salvador. A liturgia nos conduz ao cora\u00e7\u00e3o do mist\u00e9rio da Encarna\u00e7\u00e3o: Deus se fez homem, assumiu nossa humanidade e veio habitar entre n\u00f3s.<\/p>\n<p style=\"text-align: justify;\">O Evangelho proclamado (Lucas 2,1-14) nos apresenta a cena inesquec\u00edvel de Bel\u00e9m: Maria e Jos\u00e9, a manjedoura, os pastores e os anjos que anunciam a grande alegria. Cada detalhe dessa narrativa revela algo profundo sobre o amor de Deus por n\u00f3s e o significado do Natal.<\/p>\n<p style=\"text-align: justify;\">Jesus, o Filho de Deus, nasce em uma gruta, envolto em panos e deitado em uma manjedoura. O Criador do universo escolhe a humildade e a simplicidade para se manifestar ao mundo.<\/p>\n<p style=\"text-align: justify;\">Esse detalhe nos desafia a olhar para o essencial. Em um mundo que valoriza o luxo e o poder, Deus nos mostra que a verdadeira riqueza est\u00e1 no amor, na solidariedade e na entrega. O pres\u00e9pio nos convida a abrir espa\u00e7o em nossos cora\u00e7\u00f5es para acolher Jesus, que muitas vezes vem at\u00e9 n\u00f3s de forma discreta, nos pobres, nos pequenos e nos marginalizados.<\/p>\n<p style=\"text-align: justify;\">Os pastores, homens simples e muitas vezes desprezados, foram os primeiros a ouvir o an\u00fancio do nascimento de Jesus. Eles representam todos n\u00f3s, chamados a acolher a boa nova com alegria e f\u00e9.<\/p>\n<p style=\"text-align: justify;\">Os anjos proclamaram: <em>\u201cHoje, na cidade de Davi, nasceu para v\u00f3s um Salvador, que \u00e9 Cristo Senhor\u201d<\/em> (Lc 2,11). Essa mensagem \u00e9 para todos: Deus veio ao nosso encontro, trouxe-nos a salva\u00e7\u00e3o e abriu as portas da eternidade. O Natal nos lembra que somos amados incondicionalmente por Deus e que Ele nunca nos abandona.<\/p>\n<p style=\"text-align: justify;\">O profeta Isa\u00edas, na primeira leitura, anuncia: <em>\u201cO povo que andava nas trevas viu uma grande luz\u201d<\/em> (Is 9,1). Essa luz \u00e9 Jesus, o Emanuel, Deus conosco. Ele ilumina nossas vidas e nos guia pelo caminho da paz.<\/p>\n<p style=\"text-align: justify;\">Nesta noite sant\u00edssima, somos convidados a deixar que essa luz penetre em nossos cora\u00e7\u00f5es e transforme nossas vidas. Em meio \u00e0s dificuldades e \u00e0s incertezas do mundo, o Natal \u00e9 um sinal de esperan\u00e7a. Ele nos lembra que Deus est\u00e1 presente, mesmo nas situa\u00e7\u00f5es mais desafiadoras.<\/p>\n<p style=\"text-align: justify;\">O coro dos anjos cantou: <em>\u201cGl\u00f3ria a Deus nas alturas e paz na terra aos homens de boa vontade\u201d<\/em> (Lc 2,14). A paz \u00e9 um dos dons mais preciosos do Natal. Mas essa paz n\u00e3o \u00e9 apenas aus\u00eancia de conflitos; \u00e9 a plenitude da vida em comunh\u00e3o com Deus e com os irm\u00e3os.<\/p>\n<p style=\"text-align: justify;\">Nesta noite, somos chamados a ser instrumentos dessa paz. Como podemos promover a reconcilia\u00e7\u00e3o em nossas fam\u00edlias, comunidades e no mundo? Como podemos ser testemunhas do amor de Deus em nossas a\u00e7\u00f5es di\u00e1rias?<\/p>\n<p style=\"text-align: justify;\">Queridos irm\u00e3os e irm\u00e3s, nesta noite santa, aproximemo-nos do pres\u00e9pio com o cora\u00e7\u00e3o aberto. Contemplemos o mist\u00e9rio do amor de Deus que se fez pequeno para nos salvar. Acolhamos Jesus em nossas vidas e permitamos que Ele transforme nosso cora\u00e7\u00e3o.<\/p>\n<p style=\"text-align: justify;\">Que a alegria e a paz do Natal estejam com todos n\u00f3s, e que possamos levar essa luz ao mundo, sendo testemunhas vivas do amor de Deus.<\/p>\n<p style=\"text-align: justify;\">Gl\u00f3ria a Deus nas alturas e paz na terra aos homens de boa vontade! Am\u00e9m.<\/p>\n<p><strong>\u00a0<\/strong><\/p>\n<p style=\"text-align: center;\"><strong>+Anuar Battisti<\/strong><br \/>\n<strong>Arcebispo Em\u00e9rito de Maring\u00e1 (PR)<\/strong><\/p>\n","protected":false},"excerpt":{"rendered":"<p>Amados irm\u00e3os e irm\u00e3s em Cristo, Nesta noite santa, o c\u00e9u e a terra se unem para celebrar o nascimento do Salvador. A liturgia nos conduz ao cora\u00e7\u00e3o do mist\u00e9rio da Encarna\u00e7\u00e3o: Deus se fez homem, assumiu nossa humanidade e veio habitar entre n\u00f3s. O Evangelho proclamado (Lucas 2,1-14) nos apresenta a cena inesquec\u00edvel de [&hellip;]<\/p>\n","protected":false},"author":1,"featured_media":55814,"comment_status":"open","ping_status":"closed","sticky":false,"template":"","format":"standard","meta":{"footnotes":""},"categories":[9],"tags":[],"class_list":["post-92238","post","type-post","status-publish","format-standard","has-post-thumbnail","hentry","category-artigos"],"_links":{"self":[{"href":"https:\/\/catolicanet.net\/wp-cnet\/wp-json\/wp\/v2\/posts\/92238","targetHints":{"allow":["GET"]}}],"collection":[{"href":"https:\/\/catolicanet.net\/wp-cnet\/wp-json\/wp\/v2\/posts"}],"about":[{"href":"https:\/\/catolicanet.net\/wp-cnet\/wp-json\/wp\/v2\/types\/post"}],"author":[{"embeddable":true,"href":"https:\/\/catolicanet.net\/wp-cnet\/wp-json\/wp\/v2\/users\/1"}],"replies":[{"embeddable":true,"href":"https:\/\/catolicanet.net\/wp-cnet\/wp-json\/wp\/v2\/comments?post=92238"}],"version-history":[{"count":1,"href":"https:\/\/catolicanet.net\/wp-cnet\/wp-json\/wp\/v2\/posts\/92238\/revisions"}],"predecessor-version":[{"id":92240,"href":"https:\/\/catolicanet.net\/wp-cnet\/wp-json\/wp\/v2\/posts\/92238\/revisions\/92240"}],"wp:featuredmedia":[{"embeddable":true,"href":"https:\/\/catolicanet.net\/wp-cnet\/wp-json\/wp\/v2\/media\/55814"}],"wp:attachment":[{"href":"https:\/\/catolicanet.net\/wp-cnet\/wp-json\/wp\/v2\/media?parent=92238"}],"wp:term":[{"taxonomy":"category","embeddable":true,"href":"https:\/\/catolicanet.net\/wp-cnet\/wp-json\/wp\/v2\/categories?post=92238"},{"taxonomy":"post_tag","embeddable":true,"href":"https:\/\/catolicanet.net\/wp-cnet\/wp-json\/wp\/v2\/tags?post=92238"}],"curies":[{"name":"wp","href":"https:\/\/api.w.org\/{rel}","templated":true}]}}