{"id":92235,"date":"2024-12-23T09:02:49","date_gmt":"2024-12-23T12:02:49","guid":{"rendered":"https:\/\/catolicanet.net\/wp-cnet\/?p=92235"},"modified":"2025-01-02T17:04:14","modified_gmt":"2025-01-02T20:04:14","slug":"os-pastores-encontraram-maria-e-jose-e-o-recem-nascido-gloria-a-deus-nas-alturas-e-paz-na-terra-aos-homens-de-boa-vontade","status":"publish","type":"post","link":"https:\/\/catolicanet.net\/wp-cnet\/os-pastores-encontraram-maria-e-jose-e-o-recem-nascido-gloria-a-deus-nas-alturas-e-paz-na-terra-aos-homens-de-boa-vontade\/","title":{"rendered":"Os pastores encontraram Maria e Jos\u00e9 e o rec\u00e9m-nascido! Gl\u00f3ria a Deus nas alturas e paz na terra aos homens de boa vontade!"},"content":{"rendered":"<p style=\"text-align: justify;\">Amados irm\u00e3os e irm\u00e3s,<\/p>\n<p style=\"text-align: justify;\">Nesta manh\u00e3 de Natal, a luz de Cristo j\u00e1 brilha em nosso meio. Celebramos com alegria a continuidade do grande mist\u00e9rio que come\u00e7ou na noite santa: o nascimento de Jesus, o Salvador, que veio ao mundo para nos trazer vida, paz e esperan\u00e7a.<\/p>\n<p style=\"text-align: justify;\">O Evangelho da Missa da Aurora, retirado de Lucas 2,15-20, nos apresenta os pastores que, ap\u00f3s ouvirem o an\u00fancio dos anjos, se dirigem apressadamente a Bel\u00e9m para encontrar o Menino Jesus. Este texto nos oferece uma rica medita\u00e7\u00e3o sobre como devemos responder ao mist\u00e9rio do Natal.<\/p>\n<p style=\"text-align: justify;\">Os pastores n\u00e3o hesitaram diante da mensagem recebida. Eles deixaram tudo e partiram apressadamente para ver o que Deus havia realizado.<\/p>\n<p style=\"text-align: justify;\">Esse gesto dos pastores nos convida a refletir sobre nossa pr\u00f3pria resposta ao chamado de Deus. Estamos prontos para deixar nossas ocupa\u00e7\u00f5es e ir ao encontro de Jesus? O Natal nos desafia a sair de nossa zona de conforto, buscar o essencial e permitir que Cristo transforme nossas vidas.<\/p>\n<p style=\"text-align: justify;\">Os pastores encontraram Maria, Jos\u00e9 e o Menino deitado na manjedoura. N\u00e3o havia pompa ou grandeza humana, mas a simplicidade de uma fam\u00edlia que confiava plenamente em Deus.<\/p>\n<p style=\"text-align: justify;\">Esse encontro nos ensina que Deus se revela aos cora\u00e7\u00f5es humildes e dispon\u00edveis. Muitas vezes, buscamos Deus em grandes manifesta\u00e7\u00f5es, mas Ele est\u00e1 presente nos pequenos gestos de amor, nas rela\u00e7\u00f5es de cuidado e na simplicidade do dia a dia.<\/p>\n<p style=\"text-align: justify;\">Depois de verem o Menino, os pastores voltaram glorificando e louvando a Deus, e contaram a todos o que tinham ouvido e visto. Eles se tornaram os primeiros evangelizadores, anunciando a boa nova do nascimento de Jesus.<\/p>\n<p style=\"text-align: justify;\">Tamb\u00e9m n\u00f3s, ao celebrarmos o Natal, somos chamados a ser testemunhas da alegria e da esperan\u00e7a que v\u00eam de Cristo. Como os pastores, devemos levar a mensagem do Natal a nossos familiares, amigos e ao mundo, especialmente aos que mais necessitam de conforto e paz.<\/p>\n<p style=\"text-align: justify;\">O Evangelho nos diz que Maria guardava todas essas coisas e as meditava em seu cora\u00e7\u00e3o. Ela nos ensina a import\u00e2ncia de contemplar o mist\u00e9rio de Deus em sil\u00eancio e ora\u00e7\u00e3o.<\/p>\n<p style=\"text-align: justify;\">Em meio \u00e0 correria e \u00e0s celebra\u00e7\u00f5es do Natal, somos convidados a reservar um tempo para a contempla\u00e7\u00e3o, para ouvir a voz de Deus e permitir que Ele fale ao nosso cora\u00e7\u00e3o.<\/p>\n<p style=\"text-align: justify;\">Queridos irm\u00e3os e irm\u00e3s, nesta manh\u00e3 de Natal, somos chamados a renovar nossa f\u00e9 e nossa alegria. O Salvador nasceu para n\u00f3s! Os pastores encontraram Maria e Jos\u00e9 e o rec\u00e9m-nascido! Ele \u00e9 a luz que ilumina nossas vidas e nos d\u00e1 for\u00e7a para enfrentar as dificuldades.<\/p>\n<p style=\"text-align: justify;\">Como os pastores, vamos a Bel\u00e9m, encontremos Jesus e deixemos que Ele transforme nosso cora\u00e7\u00e3o. E como Maria, guardemos esse mist\u00e9rio em nosso cora\u00e7\u00e3o, meditando sobre o imenso amor de Deus por n\u00f3s.<\/p>\n<p style=\"text-align: justify;\">Que a alegria do Natal nos acompanhe hoje e sempre, e que sejamos luz para o mundo, testemunhando o amor e a paz que v\u00eam de Cristo.<\/p>\n<p style=\"text-align: justify;\">Gl\u00f3ria a Deus nas alturas e paz na terra aos homens de boa vontade! Am\u00e9m.<strong>\u00a0<\/strong><\/p>\n<p><strong>\u00a0<\/strong><\/p>\n<p style=\"text-align: center;\"><strong>+Anuar Battisti<\/strong><br \/>\n<strong>Arcebispo Em\u00e9rito de Maring\u00e1 (PR)<\/strong><\/p>\n","protected":false},"excerpt":{"rendered":"<p>Amados irm\u00e3os e irm\u00e3s, Nesta manh\u00e3 de Natal, a luz de Cristo j\u00e1 brilha em nosso meio. Celebramos com alegria a continuidade do grande mist\u00e9rio que come\u00e7ou na noite santa: o nascimento de Jesus, o Salvador, que veio ao mundo para nos trazer vida, paz e esperan\u00e7a. O Evangelho da Missa da Aurora, retirado de [&hellip;]<\/p>\n","protected":false},"author":1,"featured_media":55814,"comment_status":"open","ping_status":"closed","sticky":false,"template":"","format":"standard","meta":{"footnotes":""},"categories":[9],"tags":[],"class_list":["post-92235","post","type-post","status-publish","format-standard","has-post-thumbnail","hentry","category-artigos"],"_links":{"self":[{"href":"https:\/\/catolicanet.net\/wp-cnet\/wp-json\/wp\/v2\/posts\/92235","targetHints":{"allow":["GET"]}}],"collection":[{"href":"https:\/\/catolicanet.net\/wp-cnet\/wp-json\/wp\/v2\/posts"}],"about":[{"href":"https:\/\/catolicanet.net\/wp-cnet\/wp-json\/wp\/v2\/types\/post"}],"author":[{"embeddable":true,"href":"https:\/\/catolicanet.net\/wp-cnet\/wp-json\/wp\/v2\/users\/1"}],"replies":[{"embeddable":true,"href":"https:\/\/catolicanet.net\/wp-cnet\/wp-json\/wp\/v2\/comments?post=92235"}],"version-history":[{"count":1,"href":"https:\/\/catolicanet.net\/wp-cnet\/wp-json\/wp\/v2\/posts\/92235\/revisions"}],"predecessor-version":[{"id":92237,"href":"https:\/\/catolicanet.net\/wp-cnet\/wp-json\/wp\/v2\/posts\/92235\/revisions\/92237"}],"wp:featuredmedia":[{"embeddable":true,"href":"https:\/\/catolicanet.net\/wp-cnet\/wp-json\/wp\/v2\/media\/55814"}],"wp:attachment":[{"href":"https:\/\/catolicanet.net\/wp-cnet\/wp-json\/wp\/v2\/media?parent=92235"}],"wp:term":[{"taxonomy":"category","embeddable":true,"href":"https:\/\/catolicanet.net\/wp-cnet\/wp-json\/wp\/v2\/categories?post=92235"},{"taxonomy":"post_tag","embeddable":true,"href":"https:\/\/catolicanet.net\/wp-cnet\/wp-json\/wp\/v2\/tags?post=92235"}],"curies":[{"name":"wp","href":"https:\/\/api.w.org\/{rel}","templated":true}]}}