{"id":92220,"date":"2025-01-01T09:55:26","date_gmt":"2025-01-01T12:55:26","guid":{"rendered":"https:\/\/catolicanet.net\/wp-cnet\/?p=92220"},"modified":"2025-01-02T16:56:13","modified_gmt":"2025-01-02T19:56:13","slug":"o-dia-mundial-da-paz-um-chamado-cristao-ao-perdao-e-a-reconciliacao","status":"publish","type":"post","link":"https:\/\/catolicanet.net\/wp-cnet\/o-dia-mundial-da-paz-um-chamado-cristao-ao-perdao-e-a-reconciliacao\/","title":{"rendered":"O Dia Mundial da Paz Um Chamado Crist\u00e3o ao Perd\u00e3o e \u00e0 Reconcilia\u00e7\u00e3o"},"content":{"rendered":"<p style=\"text-align: justify;\">O Dia Mundial da Paz, comemorado a 1\u00ba de janeiro, \u00e9 uma data de grande relev\u00e2ncia para os crist\u00e3os ao redor do mundo, pois n\u00e3o s\u00f3 reflete sobre a import\u00e2ncia da paz, mas tamb\u00e9m nos desafia a agir de maneira concreta para a constru\u00e7\u00e3o de um mundo mais justo e fraterno. Institu\u00eddo em 1968 pelo Papa S\u00e3o Paulo VI, esse dia se tornou uma tradi\u00e7\u00e3o na Igreja Cat\u00f3lica, com o Papa compartilhando anualmente uma mensagem de paz.<\/p>\n<p style=\"text-align: justify;\">Em 2025, o Papa Francisco escolheu refletir sobre o poder do perd\u00e3o como fundamento essencial para a paz verdadeira, ressaltando sua import\u00e2ncia para um crist\u00e3o que busca viver conforme os ensinamentos de Jesus Cristo.<\/p>\n<p style=\"text-align: justify;\">O tema do 58\u00ba Dia Mundial da Paz, <em>\u201cPerdoa-nos as nossas ofensas, concede-nos a tua paz\u201d<\/em>, revela-se profundamente relevante em um mundo marcado por guerras, conflitos sociais e divis\u00f5es. Para o crist\u00e3o, a paz \u00e9 mais do que a simples aus\u00eancia de guerra; \u00e9 um estado de reconcilia\u00e7\u00e3o que brota do perd\u00e3o, da justi\u00e7a e da solidariedade. O Papa Francisco nos lembra que, como disc\u00edpulos de Cristo, somos chamados a n\u00e3o apenas buscar o perd\u00e3o de Deus, mas tamb\u00e9m a perdoar os outros. No \u201cPai Nosso\u201d, uma das ora\u00e7\u00f5es mais significativas para os crist\u00e3os, Jesus ensina a frase poderosa: \u201cPerdoa-nos as nossas ofensas, assim como n\u00f3s perdoamos a quem nos tem ofendido\u201d. Essa ora\u00e7\u00e3o, recitada por milh\u00f5es de crist\u00e3os ao redor do mundo, n\u00e3o \u00e9 apenas um pedido de perd\u00e3o a Deus, mas tamb\u00e9m um compromisso com o perd\u00e3o m\u00fatuo. O perd\u00e3o \u00e9 visto como a chave para libertar os cora\u00e7\u00f5es das amarras da vingan\u00e7a, do rancor e da injusti\u00e7a, abrindo espa\u00e7o para a cura e a reconcilia\u00e7\u00e3o.<\/p>\n<p style=\"text-align: justify;\">O Dia Mundial da Paz, portanto, torna-se uma oportunidade de reflex\u00e3o para os crist\u00e3os sobre como vivemos a paz em nossas rela\u00e7\u00f5es di\u00e1rias.<\/p>\n<p style=\"text-align: justify;\">Como podemos, em nossas fam\u00edlias, comunidades e no contexto global, ser instrumentos do perd\u00e3o que Cristo nos ensinou? O Papa Francisco destaca que, em uma sociedade marcada pela viol\u00eancia e pela divis\u00e3o, a pr\u00e1tica do perd\u00e3o \u00e9 essencial para restaurar a justi\u00e7a e a dignidade humanas. Ele observa que a paz verdadeira n\u00e3o pode ser alcan\u00e7ada apenas por acordos pol\u00edticos ou pela diplomacia internacional, mas deve ser sustentada pela convers\u00e3o do cora\u00e7\u00e3o humano. Quando escolhemos perdoar, estamos permitindo que a paz de Deus seja manifesta em nossas vidas e, por consequ\u00eancia, na sociedade.<\/p>\n<p style=\"text-align: justify;\">A mensagem do Papa tamb\u00e9m \u00e9 uma cr\u00edtica \u00e0queles que vivem em uma l\u00f3gica de poder e explora\u00e7\u00e3o, onde o mais forte subjuga o mais fraco. Em sua reflex\u00e3o, o Papa Francisco enfatiza que as desigualdades sociais e econ\u00f4micas muitas vezes s\u00e3o alimentadas por uma l\u00f3gica de explora\u00e7\u00e3o, e que o perd\u00e3o social deve ser um caminho para a reconstru\u00e7\u00e3o de um sistema mais justo. Isso se reflete, por exemplo, nas quest\u00f5es das d\u00edvidas internacionais, onde muitos pa\u00edses do Sul Global continuam a sofrer as consequ\u00eancias de um sistema financeiro global desigual. O perd\u00e3o das d\u00edvidas externas e a busca por um novo modelo econ\u00f4mico mais justo s\u00e3o, segundo o Papa, passos necess\u00e1rios para restabelecer a paz verdadeira.<\/p>\n<p style=\"text-align: justify;\">A reconcilia\u00e7\u00e3o n\u00e3o \u00e9 apenas uma quest\u00e3o de perd\u00e3o entre indiv\u00edduos, mas tamb\u00e9m de a\u00e7\u00f5es concretas em favor da justi\u00e7a social. O Papa Francisco nos convida a refletir sobre como podemos trabalhar em nossas comunidades para curar as feridas causadas pela pobreza, pela exclus\u00e3o social e pela viol\u00eancia. Ao fazer isso, respondemos ao chamado de Cristo para ser sal da terra e luz do mundo, levando a paz n\u00e3o apenas como um conceito abstrato, mas como uma realidade vivida no dia a dia. O perd\u00e3o \u00e9 uma pr\u00e1tica radical que desafia o crist\u00e3o a agir de maneira contr\u00e1ria \u00e0 l\u00f3gica de viol\u00eancia e divis\u00e3o que permeia tantas partes do mundo.<\/p>\n<p style=\"text-align: justify;\">Al\u00e9m disso, a preocupa\u00e7\u00e3o com a cria\u00e7\u00e3o, com a terra e com o meio ambiente, tamb\u00e9m aparece como um aspecto crucial do discurso do Papa Francisco sobre a paz. A destrui\u00e7\u00e3o do meio ambiente, as mudan\u00e7as clim\u00e1ticas e a explora\u00e7\u00e3o irrespons\u00e1vel dos recursos naturais tamb\u00e9m s\u00e3o formas de viol\u00eancia contra as gera\u00e7\u00f5es futuras. A paz, portanto, deve ser tamb\u00e9m ambiental, e os crist\u00e3os s\u00e3o chamados a agir para proteger a \u201cCasa Comum\u201d de Deus, buscando solu\u00e7\u00f5es sustent\u00e1veis e solid\u00e1rias para os problemas globais.<\/p>\n<p style=\"text-align: justify;\">Para os crist\u00e3os, o Dia Mundial da Paz \u00e9, portanto, um momento de ora\u00e7\u00e3o, reflex\u00e3o e a\u00e7\u00e3o. \u00c9 uma oportunidade de renovar o compromisso de ser agentes de paz, trabalhando pela justi\u00e7a, pelo perd\u00e3o e pela reconcilia\u00e7\u00e3o em todas as esferas da vida, pessoal, social e pol\u00edtica. A paz n\u00e3o se resume a um fim de conflitos, mas \u00e9 um processo cont\u00ednuo de restaurar rela\u00e7\u00f5es, promover a justi\u00e7a e viver em harmonia com todos os irm\u00e3os e irm\u00e3s, respeitando tanto os direitos humanos quanto o ambiente que Deus nos deu.<\/p>\n<p style=\"text-align: justify;\">No Dia Mundial da Paz de 2025, vivemos essa verdade com f\u00e9 e coragem, comprometendo-nos a ser instrumentos da paz que Cristo nos ensinou a viver. Que o Menino Jesus conceda paz ao mundo e, particularmente, a amada cidade de S\u00e3o Sebasti\u00e3o do Rio de Janeiro!<\/p>\n","protected":false},"excerpt":{"rendered":"<p>O Dia Mundial da Paz, comemorado a 1\u00ba de janeiro, \u00e9 uma data de grande relev\u00e2ncia para os crist\u00e3os ao redor do mundo, pois n\u00e3o s\u00f3 reflete sobre a import\u00e2ncia da paz, mas tamb\u00e9m nos desafia a agir de maneira concreta para a constru\u00e7\u00e3o de um mundo mais justo e fraterno. Institu\u00eddo em 1968 pelo [&hellip;]<\/p>\n","protected":false},"author":5,"featured_media":55819,"comment_status":"open","ping_status":"closed","sticky":false,"template":"","format":"standard","meta":{"footnotes":""},"categories":[9],"tags":[],"class_list":["post-92220","post","type-post","status-publish","format-standard","has-post-thumbnail","hentry","category-artigos"],"_links":{"self":[{"href":"https:\/\/catolicanet.net\/wp-cnet\/wp-json\/wp\/v2\/posts\/92220","targetHints":{"allow":["GET"]}}],"collection":[{"href":"https:\/\/catolicanet.net\/wp-cnet\/wp-json\/wp\/v2\/posts"}],"about":[{"href":"https:\/\/catolicanet.net\/wp-cnet\/wp-json\/wp\/v2\/types\/post"}],"author":[{"embeddable":true,"href":"https:\/\/catolicanet.net\/wp-cnet\/wp-json\/wp\/v2\/users\/5"}],"replies":[{"embeddable":true,"href":"https:\/\/catolicanet.net\/wp-cnet\/wp-json\/wp\/v2\/comments?post=92220"}],"version-history":[{"count":1,"href":"https:\/\/catolicanet.net\/wp-cnet\/wp-json\/wp\/v2\/posts\/92220\/revisions"}],"predecessor-version":[{"id":92222,"href":"https:\/\/catolicanet.net\/wp-cnet\/wp-json\/wp\/v2\/posts\/92220\/revisions\/92222"}],"wp:featuredmedia":[{"embeddable":true,"href":"https:\/\/catolicanet.net\/wp-cnet\/wp-json\/wp\/v2\/media\/55819"}],"wp:attachment":[{"href":"https:\/\/catolicanet.net\/wp-cnet\/wp-json\/wp\/v2\/media?parent=92220"}],"wp:term":[{"taxonomy":"category","embeddable":true,"href":"https:\/\/catolicanet.net\/wp-cnet\/wp-json\/wp\/v2\/categories?post=92220"},{"taxonomy":"post_tag","embeddable":true,"href":"https:\/\/catolicanet.net\/wp-cnet\/wp-json\/wp\/v2\/tags?post=92220"}],"curies":[{"name":"wp","href":"https:\/\/api.w.org\/{rel}","templated":true}]}}