{"id":92187,"date":"2024-12-28T09:39:58","date_gmt":"2024-12-28T12:39:58","guid":{"rendered":"https:\/\/catolicanet.net\/wp-cnet\/?p=92187"},"modified":"2025-01-02T16:41:25","modified_gmt":"2025-01-02T19:41:25","slug":"domingo-da-sagrada-familia-lc-2-41-52","status":"publish","type":"post","link":"https:\/\/catolicanet.net\/wp-cnet\/domingo-da-sagrada-familia-lc-2-41-52\/","title":{"rendered":"Domingo da Sagrada Fam\u00edlia (Lc 2, 41-52)"},"content":{"rendered":"<p style=\"text-align: center;\">Texto iluminador: <em>ao v\u00ea-lo, seus pais ficaram muito admirados, sua m\u00e3e lhe disse: \u201cmeu filho, porque agistes assim conosco? olha que teu pai e eu est\u00e1vamos angustiados a tua procura\u201d. Jesus respondeu: porque me procur\u00e1veis, n\u00e3o sabeis que devo estar na casa de meu Pai? \u201c. (Lc 2, 48-49).<\/em><\/p>\n<p style=\"text-align: justify;\"><em>\u00a0<\/em>Na solenidade do santo Natal, celebramos, o nascimento do Salvador. Logo, no domingo seguinte, lembramos a comunidade de onde procede a vida (a fam\u00edlia), onde a voca\u00e7\u00e3o se torna miss\u00e3o. Bento XVI se refere a fam\u00edlia, como \u201cpatrim\u00f4nio de humanidade\u201d. De fato, ela o \u00e9. Contudo \u00e9 preciso que aprendamos, a valoriza-la, pois vivemos, na p\u00f3s modernidade, tanto laicisante, quanto religiosamente confusa.<\/p>\n<p style=\"text-align: justify;\">Evangelho desse domingo, fala da perman\u00eancia de Jesus em Jerusal\u00e9m. Aos que falam, da perda de Jesus no templo\u2026 n\u00e3o compromete assim a realiza\u00e7\u00e3o da miss\u00e3o, pr\u00f3pria de Jesus? Lamentavelmente sim. A sagrada fam\u00edlia, era profundamente religiosa, cumpridora dos seus deveres diante de Deus e da comunidade de ent\u00e3o. Por isso, cumpriam com zelo a lei de Deus, e assim foram para o templo. Jesus ficou, ent\u00e3o, come\u00e7ando sua miss\u00e3o evangelizadora: ouvia e interrogava os sacerdotes do templo, defendendo os direitos de seu Pai Celeste.<\/p>\n<p style=\"text-align: justify;\">Maria e Jos\u00e9, n\u00e3o entenderam o gesto do filho, e o questionaram: filho \u201cporque agiste assim conosco? \u201cJesus foi duro com seus pais terrenos \u201cn\u00e3o sabeis que devo me preocupar com as coisas de meu Pai?\u201d. Jesus bem sabia de seus direitos e deveres, e, os cumpria rigorosamente. Isso n\u00e3o impediu, de ent\u00e3o voltar, com eles para casa, sendo-lhes obedientes, e crescendo assim, como diz o texto, em sabedoria, gra\u00e7a e tamanho. (Lc 2, 52).\u00a0 Maria, mesmo n\u00e3o entendendo bem a atitude do filho, ficou meditando sobre o significado do seu gesto. Em nossos dias, infelizmente, ouve-se, at\u00e9 bastante falar de Deus, mas o meditar, e contemplar, como Maria, nos falta. Aprendamos ent\u00e3o, com Nossa Senhora, a melhor disc\u00edpula de Jesus. Que todos os filhos e filhas, tenham a alegria e a gra\u00e7a de nascerem em lares aben\u00e7oados.<\/p>\n","protected":false},"excerpt":{"rendered":"<p>Texto iluminador: ao v\u00ea-lo, seus pais ficaram muito admirados, sua m\u00e3e lhe disse: \u201cmeu filho, porque agistes assim conosco? olha que teu pai e eu est\u00e1vamos angustiados a tua procura\u201d. Jesus respondeu: porque me procur\u00e1veis, n\u00e3o sabeis que devo estar na casa de meu Pai? \u201c. (Lc 2, 48-49). \u00a0Na solenidade do santo Natal, celebramos, [&hellip;]<\/p>\n","protected":false},"author":119,"featured_media":77698,"comment_status":"open","ping_status":"closed","sticky":false,"template":"","format":"standard","meta":{"footnotes":""},"categories":[9],"tags":[],"class_list":["post-92187","post","type-post","status-publish","format-standard","has-post-thumbnail","hentry","category-artigos"],"_links":{"self":[{"href":"https:\/\/catolicanet.net\/wp-cnet\/wp-json\/wp\/v2\/posts\/92187","targetHints":{"allow":["GET"]}}],"collection":[{"href":"https:\/\/catolicanet.net\/wp-cnet\/wp-json\/wp\/v2\/posts"}],"about":[{"href":"https:\/\/catolicanet.net\/wp-cnet\/wp-json\/wp\/v2\/types\/post"}],"author":[{"embeddable":true,"href":"https:\/\/catolicanet.net\/wp-cnet\/wp-json\/wp\/v2\/users\/119"}],"replies":[{"embeddable":true,"href":"https:\/\/catolicanet.net\/wp-cnet\/wp-json\/wp\/v2\/comments?post=92187"}],"version-history":[{"count":1,"href":"https:\/\/catolicanet.net\/wp-cnet\/wp-json\/wp\/v2\/posts\/92187\/revisions"}],"predecessor-version":[{"id":92189,"href":"https:\/\/catolicanet.net\/wp-cnet\/wp-json\/wp\/v2\/posts\/92187\/revisions\/92189"}],"wp:featuredmedia":[{"embeddable":true,"href":"https:\/\/catolicanet.net\/wp-cnet\/wp-json\/wp\/v2\/media\/77698"}],"wp:attachment":[{"href":"https:\/\/catolicanet.net\/wp-cnet\/wp-json\/wp\/v2\/media?parent=92187"}],"wp:term":[{"taxonomy":"category","embeddable":true,"href":"https:\/\/catolicanet.net\/wp-cnet\/wp-json\/wp\/v2\/categories?post=92187"},{"taxonomy":"post_tag","embeddable":true,"href":"https:\/\/catolicanet.net\/wp-cnet\/wp-json\/wp\/v2\/tags?post=92187"}],"curies":[{"name":"wp","href":"https:\/\/api.w.org\/{rel}","templated":true}]}}