{"id":92184,"date":"2024-12-28T09:38:32","date_gmt":"2024-12-28T12:38:32","guid":{"rendered":"https:\/\/catolicanet.net\/wp-cnet\/?p=92184"},"modified":"2025-01-02T16:39:46","modified_gmt":"2025-01-02T19:39:46","slug":"santos-inocentes-4","status":"publish","type":"post","link":"https:\/\/catolicanet.net\/wp-cnet\/santos-inocentes-4\/","title":{"rendered":"Santos Inocentes"},"content":{"rendered":"<p style=\"text-align: justify;\">No dia 28 de dezembro, a Igreja Cat\u00f3lica celebra, dentro da Oitava de Natal, a mem\u00f3ria dos Santos Inocentes: as crian\u00e7as que foram cruelmente assassinadas por ordem do rei Herodes, conforme narrado no Evangelho de Mateus: <em>\u201cHerodes ficou furioso ao perceber que tinha sido enganado pelos magos. Mandou matar todos os meninos de dois anos para baixo em Bel\u00e9m e em todo o seu territ\u00f3rio\u201d<\/em> (Mt 2,16). Este tr\u00e1gico evento, conhecido como a \u201cmatan\u00e7a dos inocentes\u201d, ocorreu logo ap\u00f3s o nascimento de Jesus e evidencia o medo de Herodes diante da chegada do Messias.<\/p>\n<p style=\"text-align: justify;\">Essas crian\u00e7as, que n\u00e3o tiveram a oportunidade de conhecer Jesus, s\u00e3o consideradas os primeiros m\u00e1rtires. Mesmo sem palavras ou atos conscientes de f\u00e9, deram suas vidas em nome de Cristo, tornando-se sinais do amor de Deus e da promessa de salva\u00e7\u00e3o. A liturgia da Igreja reconhece sua pureza e inoc\u00eancia como reflexos da gra\u00e7a divina, lembrando que \u201c<em>do Senhor \u00e9 a terra e tudo o que ela cont\u00e9m, o mundo e os que nele habitam\u201d<\/em> (Sl 24,1).<\/p>\n<p style=\"text-align: justify;\">A celebra\u00e7\u00e3o dos Santos Inocentes nos convida a refletir sobre o valor inegoci\u00e1vel da vida, especialmente a das crian\u00e7as, que ocupam um lugar privilegiado no cora\u00e7\u00e3o de Deus. Jesus nos ensinou: <em>\u201cDeixem as crian\u00e7as virem a mim, porque delas \u00e9 o Reino dos C\u00e9us\u201d <\/em>(Mt 19,14). Essa mensagem nos desafia a proteger e valorizar a vida desde o momento da concep\u00e7\u00e3o at\u00e9 seu fim natural, reconhecendo que cada ser humano \u00e9 criado \u00e0 imagem e semelhan\u00e7a de Deus (Gn 1,27).<\/p>\n<p style=\"text-align: justify;\">O contexto da matan\u00e7a dos inocentes tamb\u00e9m nos remete \u00e0 fuga da Sagrada Fam\u00edlia para o Egito, narrada em Mateus 2,13-15. Ao receber a mensagem do anjo, Jos\u00e9 imediatamente obedeceu, protegendo Jesus e Maria de Herodes. Este epis\u00f3dio ressalta a import\u00e2ncia da obedi\u00eancia \u00e0 vontade de Deus e do cuidado com os mais vulner\u00e1veis. S\u00e3o Jos\u00e9, modelo de pai e protetor, nos ensina a confiar na provid\u00eancia divina, mesmo em situa\u00e7\u00f5es de grande dificuldade.<\/p>\n<p style=\"text-align: justify;\">A mem\u00f3ria dos Santos Inocentes tamb\u00e9m nos convida a olhar para o sofrimento das crian\u00e7as em nossos dias. Milh\u00f5es de crian\u00e7as ainda enfrentam a viol\u00eancia, a explora\u00e7\u00e3o, o abandono e a pobreza. O Papa Francisco frequentemente nos recorda dessa realidade, dizendo: <em>\u201cDevemos proteger as crian\u00e7as, am\u00e1-las e dar-lhes um futuro digno, pois nelas est\u00e1 a esperan\u00e7a do mundo\u201d <\/em>(Audi\u00eancia Geral, 2015).<\/p>\n<p style=\"text-align: justify;\">Al\u00e9m disso, a festa dos Santos Inocentes \u00e9 um chamado \u00e0 den\u00fancia das injusti\u00e7as e \u00e0 promo\u00e7\u00e3o de uma cultura de paz. Assim como Herodes usou seu poder para destruir vidas, hoje somos confrontados com sistemas e estruturas que amea\u00e7am a dignidade humana. Como crist\u00e3os, somos desafiados a ser luz nas trevas, anunciando a mensagem do Evangelho e defendendo os direitos dos mais fr\u00e1geis.<\/p>\n<p style=\"text-align: justify;\">O Papa Francisco escreveu uma carta, em 28 de dezembro de 2017, aos Bispos de todo o mundo em que ele disse textualmente: <em>\u201cA nosso malgrado, o Natal \u00e9 acompanhado tamb\u00e9m pelo pranto. Os evangelistas n\u00e3o se permitiram mascarar a realidade para a tornar mais cred\u00edvel ou atraente; n\u00e3o se permitiram criar um fraseado \u00abbonito\u00bb, mas irreal; para eles, o Natal n\u00e3o era um ref\u00fagio imagin\u00e1rio onde esconder-se perante os desafios e injusti\u00e7as do seu tempo. Ao contr\u00e1rio, anunciam-nos o nascimento do Filho de Deus envolvido tamb\u00e9m numa trag\u00e9dia de dor. No-lo apresenta com grande crueza o evangelista Mateus, citando o profeta Jeremias: \u00abOuviu-se uma voz em Ram\u00e1, uma lamenta\u00e7\u00e3o e um grande pranto; \u00e9 Raquel que chora os seus filhos\u00bb (2, 18). \u00c9 o gemido de dor das m\u00e3es que choram a morte de seus filhos inocentes, causada pela tirania e desenfreada sede de poder de Herodes. Um gemido que podemos continuar a ouvir tamb\u00e9m hoje, que nos toca a alma e que n\u00e3o podemos nem queremos ignorar ou silenciar. Hoje, entre o nosso povo, infelizmente \u2013 escrevo-o com profundo pesar \u2013, ouve-se ainda a lamenta\u00e7\u00e3o e o pranto de tantas m\u00e3es, de tantas fam\u00edlias, pela morte dos seus filhos, dos seus filhos inocentes.\u201d<\/em> <a href=\"https:\/\/noticias.cancaonova.com\/especiais\/pontificado\/francisco\/carta-do-papa-bispos-na-festa-dos-santos-inocentes\/\"><em>https:\/\/noticias.cancaonova.com\/especiais\/pontificado\/francisco\/carta-do-papa-bispos-na-festa-dos-santos-inocentes\/<\/em><\/a><em>, \u00faltimo acesso em 15 de dezembro de 2024.<\/em><\/p>\n<p style=\"text-align: justify;\">A celebra\u00e7\u00e3o dos Santos Inocentes \u00e9 marcada por um tom de esperan\u00e7a. Mesmo diante da crueldade de Herodes, o nascimento de Jesus trouxe ao mundo a luz que vence as trevas. <em>\u201cO povo que andava na escurid\u00e3o viu uma grande luz; para os que habitavam nas sombras da morte, uma luz brilhou\u201d <\/em>(Is 9,1). Essa luz continua a iluminar nossos caminhos, convidando-nos a confiar na vit\u00f3ria definitiva do amor de Deus sobre o mal.<\/p>\n<p style=\"text-align: justify;\">O Natal \u00e9 um tempo que nos desafia a guardar a vida e ajud\u00e1-la a nascer e crescer; a renovar-nos como filhos e filhas de Deus. Esta coragem que gera din\u00e2micas capazes de tomar consci\u00eancia da realidade que est\u00e3o a viver hoje muitas das nossas crian\u00e7as e de trabalhar por lhes garantir as condi\u00e7\u00f5es necess\u00e1rias para que a sua dignidade de filhos de Deus seja n\u00e3o s\u00f3 respeitada, mas tamb\u00e9m e sobretudo defendida. Nossas crian\u00e7as merecem ser protegidas e promovidas com um renovado empenho evangelizador.<\/p>\n<p style=\"text-align: justify;\">Que os Santos Inocentes intercedam por n\u00f3s, para que possamos ser defensores da vida, promotores de pol\u00edticas p\u00fablicas que defendam as crian\u00e7as e promotores da paz.<\/p>\n","protected":false},"excerpt":{"rendered":"<p>No dia 28 de dezembro, a Igreja Cat\u00f3lica celebra, dentro da Oitava de Natal, a mem\u00f3ria dos Santos Inocentes: as crian\u00e7as que foram cruelmente assassinadas por ordem do rei Herodes, conforme narrado no Evangelho de Mateus: \u201cHerodes ficou furioso ao perceber que tinha sido enganado pelos magos. Mandou matar todos os meninos de dois anos [&hellip;]<\/p>\n","protected":false},"author":5,"featured_media":55819,"comment_status":"open","ping_status":"closed","sticky":false,"template":"","format":"standard","meta":{"footnotes":""},"categories":[9],"tags":[],"class_list":["post-92184","post","type-post","status-publish","format-standard","has-post-thumbnail","hentry","category-artigos"],"_links":{"self":[{"href":"https:\/\/catolicanet.net\/wp-cnet\/wp-json\/wp\/v2\/posts\/92184","targetHints":{"allow":["GET"]}}],"collection":[{"href":"https:\/\/catolicanet.net\/wp-cnet\/wp-json\/wp\/v2\/posts"}],"about":[{"href":"https:\/\/catolicanet.net\/wp-cnet\/wp-json\/wp\/v2\/types\/post"}],"author":[{"embeddable":true,"href":"https:\/\/catolicanet.net\/wp-cnet\/wp-json\/wp\/v2\/users\/5"}],"replies":[{"embeddable":true,"href":"https:\/\/catolicanet.net\/wp-cnet\/wp-json\/wp\/v2\/comments?post=92184"}],"version-history":[{"count":1,"href":"https:\/\/catolicanet.net\/wp-cnet\/wp-json\/wp\/v2\/posts\/92184\/revisions"}],"predecessor-version":[{"id":92186,"href":"https:\/\/catolicanet.net\/wp-cnet\/wp-json\/wp\/v2\/posts\/92184\/revisions\/92186"}],"wp:featuredmedia":[{"embeddable":true,"href":"https:\/\/catolicanet.net\/wp-cnet\/wp-json\/wp\/v2\/media\/55819"}],"wp:attachment":[{"href":"https:\/\/catolicanet.net\/wp-cnet\/wp-json\/wp\/v2\/media?parent=92184"}],"wp:term":[{"taxonomy":"category","embeddable":true,"href":"https:\/\/catolicanet.net\/wp-cnet\/wp-json\/wp\/v2\/categories?post=92184"},{"taxonomy":"post_tag","embeddable":true,"href":"https:\/\/catolicanet.net\/wp-cnet\/wp-json\/wp\/v2\/tags?post=92184"}],"curies":[{"name":"wp","href":"https:\/\/api.w.org\/{rel}","templated":true}]}}