{"id":92166,"date":"2024-12-29T09:25:18","date_gmt":"2024-12-29T12:25:18","guid":{"rendered":"https:\/\/catolicanet.net\/wp-cnet\/?p=92166"},"modified":"2025-01-02T16:26:07","modified_gmt":"2025-01-02T19:26:07","slug":"o-jubileu-da-esperanca-um-tempo-de-renovacao-e-fe","status":"publish","type":"post","link":"https:\/\/catolicanet.net\/wp-cnet\/o-jubileu-da-esperanca-um-tempo-de-renovacao-e-fe\/","title":{"rendered":"O Jubileu da Esperan\u00e7a: Um Tempo de Renova\u00e7\u00e3o e F\u00e9"},"content":{"rendered":"<p style=\"text-align: justify;\">Neste domingo, 29 de dezembro de 2024, a Igreja Cat\u00f3lica inicia, no \u00e2mbito das Igrejas Particulares em todo o mundo, o Jubileu da Esperan\u00e7a, um momento especial de gra\u00e7a, reconcilia\u00e7\u00e3o e renova\u00e7\u00e3o espiritual. Este Ano Santo, proclamado pelo Papa Francisco, e solenemente aberto por ele em Roma na Vig\u00edlia de Natal, em 24 de dezembro passado, \u00e9 uma oportunidade \u00fanica para os crist\u00e3os redescobrirem o valor da esperan\u00e7a como virtude que nos sustenta diante das adversidades e nos aproxima de Deus.<\/p>\n<p style=\"text-align: justify;\">Com o tema <em>\u201cA esperan\u00e7a n\u00e3o confunde\u201d<\/em> (cf. Rm 5,5), o Jubileu convida cada fiel a se tornar um <em>\u201cPeregrino da Esperan\u00e7a\u201d<\/em>, vivendo a f\u00e9 com confian\u00e7a no amor de Deus, que nunca nos abandona.<\/p>\n<p style=\"text-align: justify;\">O conceito de Jubileu remonta \u00e0 tradi\u00e7\u00e3o b\u00edblica, especialmente no livro do Lev\u00edtico (Lv 25), onde Deus ordena ao povo de Israel um tempo de liberta\u00e7\u00e3o, perd\u00e3o das d\u00edvidas e descanso para a terra. Era um ano santo, marcado pela reconcilia\u00e7\u00e3o e pela restaura\u00e7\u00e3o da justi\u00e7a.<\/p>\n<p style=\"text-align: justify;\">Na tradi\u00e7\u00e3o crist\u00e3, o Jubileu mant\u00e9m essa ess\u00eancia, sendo um tempo especial para buscar a convers\u00e3o, experimentar a miseric\u00f3rdia divina e renovar o compromisso com os ensinamentos de Cristo. O Jubileu da Esperan\u00e7a, em particular, nos desafia a olhar para o futuro com confian\u00e7a, mesmo em meio \u00e0s dificuldades do mundo atual.<\/p>\n<p style=\"text-align: justify;\">A esperan\u00e7a \u00e9 uma das virtudes teologais, juntamente com a f\u00e9 e a caridade. Ela nos conecta \u00e0 promessa de Deus, sustentando-nos diante das tribula\u00e7\u00f5es. Como diz S\u00e3o Paulo:<\/p>\n<p style=\"text-align: justify;\"><em>\u201cA esperan\u00e7a n\u00e3o confunde, porque o amor de Deus foi derramado em nossos cora\u00e7\u00f5es pelo Esp\u00edrito Santo que nos foi dado\u201d<\/em> (Rm 5,5).<\/p>\n<p style=\"text-align: justify;\">Neste Jubileu, somos chamados a refletir sobre o significado profundo dessa esperan\u00e7a. N\u00e3o se trata de um otimismo superficial ou de um desejo passageiro, mas de uma confian\u00e7a s\u00f3lida e inabal\u00e1vel em Deus, que cumpre Suas promessas.<\/p>\n<p style=\"text-align: justify;\">Em um mundo marcado por guerras, crises sociais e desigualdades, o Jubileu nos lembra que Deus continua presente na hist\u00f3ria, conduzindo-nos para a plenitude de Seu Reino.<\/p>\n<p style=\"text-align: justify;\">A abertura da Porta Santa em Roma e as peregrina\u00e7\u00f5es nas catedrais ao redor do mundo \u00e9 um gesto carregado de simbolismo. Ao atravessar essa porta, que est\u00e3o nas quatro bas\u00edlicas maiores de Roma, cada fiel \u00e9 convidado a renovar sua vida, deixando para tr\u00e1s o pecado e abra\u00e7ando a gra\u00e7a de Deus.<\/p>\n<p style=\"text-align: justify;\">O ato de atravessar a Porta Santa nos lembra que Cristo \u00e9 a porta que nos conduz ao Pai (cf. Jo 10,9). Ele nos convida a caminhar em Sua dire\u00e7\u00e3o, confiando em Sua miseric\u00f3rdia e permitindo que Sua luz transforme nossas vidas.<\/p>\n<p style=\"text-align: justify;\">Reflex\u00f5es para Viver o Jubileu<\/p>\n<ol style=\"text-align: justify;\">\n<li>Reconciliar-se com Deus e com o pr\u00f3ximo: O Jubileu \u00e9 um tempo prop\u00edcio para o Sacramento da Confiss\u00e3o, onde experimentamos a miseric\u00f3rdia divina. Tamb\u00e9m \u00e9 uma oportunidade para perdoar e buscar a reconcilia\u00e7\u00e3o com aqueles que nos feriram.<\/li>\n<li>Praticar obras de miseric\u00f3rdia: O Papa Francisco nos lembra que a esperan\u00e7a se manifesta concretamente atrav\u00e9s da caridade. Ajudar os necessitados, consolar os aflitos e promover a justi\u00e7a s\u00e3o formas de viver o esp\u00edrito jubilar.<\/li>\n<li>Renovar a f\u00e9 na Palavra de Deus: Neste Ano Santo, somos chamados a aprofundar nosso conhecimento das Escrituras, encontrando nelas a fonte de nossa esperan\u00e7a.<\/li>\n<li>Ser testemunhas da esperan\u00e7a: Em um mundo marcado pelo desespero, os crist\u00e3os s\u00e3o chamados a ser luz e sinal de esperan\u00e7a. Isso significa viver com alegria, confiando na provid\u00eancia divina e compartilhando a boa nova do Evangelho.<\/li>\n<\/ol>\n<p style=\"text-align: justify;\">O Jubileu da Esperan\u00e7a n\u00e3o \u00e9 apenas um evento lit\u00fargico; \u00e9 um chamado \u00e0 transforma\u00e7\u00e3o pessoal e comunit\u00e1ria. Ele nos desafia a renovar nossa confian\u00e7a em Deus, a viver com alegria e a sermos agentes de esperan\u00e7a em um mundo que tanto necessita.<\/p>\n<p style=\"text-align: justify;\">Que este Ano Santo seja um tempo de profunda convers\u00e3o, de reencontro com o amor de Deus e de compromisso com a constru\u00e7\u00e3o de um mundo mais justo e fraterno.<\/p>\n<p style=\"text-align: justify;\">Que Maria, M\u00e3e da Boa Esperan\u00e7a, nos acompanhe nesta caminhada jubilar, intercedendo por n\u00f3s e nos ajudando a sermos testemunhas vivas da esperan\u00e7a que n\u00e3o confunde. Am\u00e9m.<\/p>\n<p>&nbsp;<\/p>\n<p style=\"text-align: center;\"><strong>+Anuar\u00a0Battisti<br \/>\nArcebispo Em\u00e9rito de Maring\u00e1 (PR)<\/strong><\/p>\n","protected":false},"excerpt":{"rendered":"<p>Neste domingo, 29 de dezembro de 2024, a Igreja Cat\u00f3lica inicia, no \u00e2mbito das Igrejas Particulares em todo o mundo, o Jubileu da Esperan\u00e7a, um momento especial de gra\u00e7a, reconcilia\u00e7\u00e3o e renova\u00e7\u00e3o espiritual. Este Ano Santo, proclamado pelo Papa Francisco, e solenemente aberto por ele em Roma na Vig\u00edlia de Natal, em 24 de dezembro [&hellip;]<\/p>\n","protected":false},"author":1,"featured_media":55814,"comment_status":"open","ping_status":"closed","sticky":false,"template":"","format":"standard","meta":{"footnotes":""},"categories":[9],"tags":[],"class_list":["post-92166","post","type-post","status-publish","format-standard","has-post-thumbnail","hentry","category-artigos"],"_links":{"self":[{"href":"https:\/\/catolicanet.net\/wp-cnet\/wp-json\/wp\/v2\/posts\/92166","targetHints":{"allow":["GET"]}}],"collection":[{"href":"https:\/\/catolicanet.net\/wp-cnet\/wp-json\/wp\/v2\/posts"}],"about":[{"href":"https:\/\/catolicanet.net\/wp-cnet\/wp-json\/wp\/v2\/types\/post"}],"author":[{"embeddable":true,"href":"https:\/\/catolicanet.net\/wp-cnet\/wp-json\/wp\/v2\/users\/1"}],"replies":[{"embeddable":true,"href":"https:\/\/catolicanet.net\/wp-cnet\/wp-json\/wp\/v2\/comments?post=92166"}],"version-history":[{"count":1,"href":"https:\/\/catolicanet.net\/wp-cnet\/wp-json\/wp\/v2\/posts\/92166\/revisions"}],"predecessor-version":[{"id":92168,"href":"https:\/\/catolicanet.net\/wp-cnet\/wp-json\/wp\/v2\/posts\/92166\/revisions\/92168"}],"wp:featuredmedia":[{"embeddable":true,"href":"https:\/\/catolicanet.net\/wp-cnet\/wp-json\/wp\/v2\/media\/55814"}],"wp:attachment":[{"href":"https:\/\/catolicanet.net\/wp-cnet\/wp-json\/wp\/v2\/media?parent=92166"}],"wp:term":[{"taxonomy":"category","embeddable":true,"href":"https:\/\/catolicanet.net\/wp-cnet\/wp-json\/wp\/v2\/categories?post=92166"},{"taxonomy":"post_tag","embeddable":true,"href":"https:\/\/catolicanet.net\/wp-cnet\/wp-json\/wp\/v2\/tags?post=92166"}],"curies":[{"name":"wp","href":"https:\/\/api.w.org\/{rel}","templated":true}]}}