{"id":92147,"date":"2024-12-31T09:16:04","date_gmt":"2024-12-31T12:16:04","guid":{"rendered":"https:\/\/catolicanet.net\/wp-cnet\/?p=92147"},"modified":"2025-01-02T16:17:23","modified_gmt":"2025-01-02T19:17:23","slug":"maria-mae-de-deus-nos-ajude-a-promover-a-paz","status":"publish","type":"post","link":"https:\/\/catolicanet.net\/wp-cnet\/maria-mae-de-deus-nos-ajude-a-promover-a-paz\/","title":{"rendered":"Maria, M\u00e3e de Deus nos ajude a promover a paz!"},"content":{"rendered":"<p style=\"text-align: justify;\">Oito dias depois da celebra\u00e7\u00e3o do Natal de Jesus, a liturgia convida-nos a olhar para Maria, a m\u00e3e de Deus (\u201cTheot\u00f3kos\u201d), solenemente designada com este t\u00edtulo no Conc\u00edlio de \u00c9feso, em 431. Com o seu \u201csim\u201d tornou poss\u00edvel a presen\u00e7a de Jesus nas nossas vidas e no nosso mundo.<\/p>\n<p style=\"text-align: justify;\">Mas este dia \u00e9 tamb\u00e9m o primeiro dia do ano civil: \u00e9 o in\u00edcio de uma caminhada que queremos percorrer de m\u00e3os dadas com esse Deus que nos ama, que nos aben\u00e7oa e que conduzir\u00e1 os nossos passos, com cuidado de Pai, ao longo deste Ano Novo.<\/p>\n<p style=\"text-align: justify;\">Tamb\u00e9m celebramos o Dia Mundial da Paz: em 1968, o Papa Paulo VI prop\u00f4s aos homens de boa vontade que, no primeiro dia de cada novo ano, se rezasse pela paz no mundo. Hoje, portanto, pedimos a Deus que nos d\u00ea a paz e que fa\u00e7a de cada um de n\u00f3s testemunha e arauto da reconcilia\u00e7\u00e3o e da paz.<\/p>\n<p style=\"text-align: justify;\">As leituras que a liturgia deste dia nos prop\u00f5e abra\u00e7am esta diversidade de temas e de evoca\u00e7\u00f5es, dando \u00eanfase ao \u201cFilho de Maria\u201d e ao \u201cnome do Senhor\u201d.<\/p>\n<p style=\"text-align: justify;\">A\u00a0primeira leitura \u2013 Nm 6,22-27 \u2013\u00a0oferece-nos, atrav\u00e9s de uma antiga f\u00f3rmula de b\u00ean\u00e7\u00e3o, a certeza da presen\u00e7a cont\u00ednua de Deus ao nosso lado nos caminhos que percorremos todo os dias. Ele ser\u00e1 sempre para n\u00f3s fonte de Vida e de paz. Esta b\u00ean\u00e7\u00e3o sacerdotal vai nos acompanhar o longo de todo o ano civil que se inicia. Ser aben\u00e7oado por Deus significa andar em seus caminhos, vivendo o amor, a paz, a solidariedade e a fraternidade.<\/p>\n<p style=\"text-align: justify;\">Na\u00a0segunda leitura \u2013 Gl 4,4-7 \u2013\u00a0evoca-se o amor e o cuidado de Deus, mil vezes manifestados na hist\u00f3ria dos homens. Ele enviou o seu Jesus ao nosso encontro para nos libertar da escravid\u00e3o e para nos tornar seus \u201cfilhos\u201d. \u00c9 nessa situa\u00e7\u00e3o privilegiada de \u201cfilhos\u201d livres e amados que podemos dirigir-nos a Deus e chamar-lhe \u201cabb\u00e1\u201d (\u201cpap\u00e1\u201d). No seio de Maria se encontram a grandeza divina e a pequenez humana. Com a vinda de Jesus, come\u00e7ou uma nova era, em que recebemos a gra\u00e7a de invocar a Deus com o nome de Pai. O Esp\u00edrito Santo que cobriu Maria nos \u201cengravide\u201d para sermos testemunhas de seu Filho.<\/p>\n<p style=\"text-align: justify;\">O\u00a0Evangelho \u2013 Lc 2,16-21 \u2013\u00a0mostra como a presen\u00e7a de Deus na nossa hist\u00f3ria \u00e9 fonte de alegria e de esperan\u00e7a para todos os homens e mulheres, mas particularmente para os pobres e os marginalizados. Sugere ainda que Maria, a m\u00e3e de Jesus, \u00e9 o modelo do crente que, em sil\u00eancio e sem espalhafato, acolhe as propostas de Deus, guarda-as no cora\u00e7\u00e3o e deixa-se guiar por elas. Maria fica em sil\u00eancio para que a aten\u00e7\u00e3o se volte para Jesus. Pessoas desvalorizadas e consideradas pag\u00e3s, os pastores s\u00e3o os primeiros a ir ao encontro do rec\u00e9m-nascido e a anunci\u00e1-lo \u00e0 humanidade. Vamos escolher o caminho da coopera\u00e7\u00e3o e da partilha. Os pastores, apressados, foram ao encontro de Maria, Jos\u00e9 e o Menino, anunciando o que os anjos haviam dito: o rec\u00e9m-nascido \u00e9 o Salvador! Maria \u201cguardava essas coisas e as meditava no coral\u00e3o\u201d (Lc 2, 19). Maria nos ajuda a compreender como somos chamados a acolher o evento do Natal: n\u00e3o superficialmente, mas no cora\u00e7\u00e3o.<\/p>\n<p style=\"text-align: justify;\">Os pastores descritos no Evangelho foram construtores de pontes \u2013 t\u00e3o necess\u00e1rias hoje como foram no in\u00edcio do cristianismo. Assim como eles receberam primeiro a Boa Not\u00edcia, tamb\u00e9m foram eles os primeiros a anunciar a chegada do Salvador. Sejam de inspira\u00e7\u00e3o para n\u00f3s, diante dos desafios que se nos apresentam.<\/p>\n<p style=\"text-align: justify;\">Diante dos desafios do tempo presente, o olhar materno de Maria nos incentiva a buscar caminhos de remo\u00e7\u00e3o de atitudes excludentes \u2013 alimentadas por discursos agressivos, especialmente nas redes sociais \u2013, cuidando uns dos outros e da cria\u00e7\u00e3o.<\/p>\n<p style=\"text-align: justify;\">A paz anunciada neste primeiro dia do ano civil convoca-nos para sermos promotores da cultura do cuidado. Cada um de n\u00f3s \u00e9 chamado a promover a harmonia no ambiente onde se encontra. N\u00e3o h\u00e1 como ficar indiferentes \u00e0 crescente espolia\u00e7\u00e3o do planeta e \u00e0 hist\u00f3rica precariza\u00e7\u00e3o das condi\u00e7\u00f5es de vida de nosso povo. Paz n\u00e3o \u00e9 apenas aus\u00eancia de guerra, mas realidade criada com base em escolhas que propiciam o bem viver a todos. Essa paz t\u00e3o sonhada vem sendo inibida pelo ego\u00edsmo de quem v\u00ea no outro um competidor a ser enfrentado.<\/p>\n<p style=\"text-align: justify;\">O Ano Jubilar, iniciado no Natal, convida-nos a ser peregrinos de esperan\u00e7a! Proclamada hoje M\u00e3e de Deus e nossa, Maria nos acompanha nesse caminho de convers\u00e3o, ajudando-nos a nos tornarmos portadores de discursos e pr\u00e1ticas de paz. Dirijamos ao Pai, de cora\u00e7\u00e3o sincero, o pedido expresso na mensagem proposta pelo Papa Francisco para este Dia Mundial da Paz: \u201cPerdoai-nos as nossas ofensas; dai-nos a vossa paz!\u201d.<\/p>\n<p style=\"text-align: justify;\">Maria se torna o modelo de disc\u00edpula e de fiel que \u00e9 sens\u00edvel ao projeto de Deus, que sabe ler seus sinais na hist\u00f3ria, que aceita acolher a proposta de Deus no cora\u00e7\u00e3o e que colabora com Deus na concretiza\u00e7\u00e3o do projeto divino de salva\u00e7\u00e3o para o mundo. Supliquemos a Nossa Senhora, Rainha da Paz, a M\u00e3e de Deus, a nos ajudar a sermos construtores de paz. Sob o seu materno olhar, tenhamos a disposi\u00e7\u00e3o de percorrer este ano jubilar como \u201cperegrinos de esperan\u00e7a!\u201d.<\/p>\n<p style=\"text-align: center;\"><strong>+ Anuar Battisti<\/strong><\/p>\n<p style=\"text-align: center;\"><strong>Arcebispo Em\u00e9rito de Maring\u00e1, PR<\/strong><\/p>\n","protected":false},"excerpt":{"rendered":"<p>Oito dias depois da celebra\u00e7\u00e3o do Natal de Jesus, a liturgia convida-nos a olhar para Maria, a m\u00e3e de Deus (\u201cTheot\u00f3kos\u201d), solenemente designada com este t\u00edtulo no Conc\u00edlio de \u00c9feso, em 431. Com o seu \u201csim\u201d tornou poss\u00edvel a presen\u00e7a de Jesus nas nossas vidas e no nosso mundo. Mas este dia \u00e9 tamb\u00e9m o [&hellip;]<\/p>\n","protected":false},"author":1,"featured_media":55814,"comment_status":"open","ping_status":"closed","sticky":false,"template":"","format":"standard","meta":{"footnotes":""},"categories":[9],"tags":[],"class_list":["post-92147","post","type-post","status-publish","format-standard","has-post-thumbnail","hentry","category-artigos"],"_links":{"self":[{"href":"https:\/\/catolicanet.net\/wp-cnet\/wp-json\/wp\/v2\/posts\/92147","targetHints":{"allow":["GET"]}}],"collection":[{"href":"https:\/\/catolicanet.net\/wp-cnet\/wp-json\/wp\/v2\/posts"}],"about":[{"href":"https:\/\/catolicanet.net\/wp-cnet\/wp-json\/wp\/v2\/types\/post"}],"author":[{"embeddable":true,"href":"https:\/\/catolicanet.net\/wp-cnet\/wp-json\/wp\/v2\/users\/1"}],"replies":[{"embeddable":true,"href":"https:\/\/catolicanet.net\/wp-cnet\/wp-json\/wp\/v2\/comments?post=92147"}],"version-history":[{"count":1,"href":"https:\/\/catolicanet.net\/wp-cnet\/wp-json\/wp\/v2\/posts\/92147\/revisions"}],"predecessor-version":[{"id":92149,"href":"https:\/\/catolicanet.net\/wp-cnet\/wp-json\/wp\/v2\/posts\/92147\/revisions\/92149"}],"wp:featuredmedia":[{"embeddable":true,"href":"https:\/\/catolicanet.net\/wp-cnet\/wp-json\/wp\/v2\/media\/55814"}],"wp:attachment":[{"href":"https:\/\/catolicanet.net\/wp-cnet\/wp-json\/wp\/v2\/media?parent=92147"}],"wp:term":[{"taxonomy":"category","embeddable":true,"href":"https:\/\/catolicanet.net\/wp-cnet\/wp-json\/wp\/v2\/categories?post=92147"},{"taxonomy":"post_tag","embeddable":true,"href":"https:\/\/catolicanet.net\/wp-cnet\/wp-json\/wp\/v2\/tags?post=92147"}],"curies":[{"name":"wp","href":"https:\/\/api.w.org\/{rel}","templated":true}]}}