{"id":92132,"date":"2024-12-23T09:19:55","date_gmt":"2024-12-23T12:19:55","guid":{"rendered":"https:\/\/catolicanet.net\/wp-cnet\/?p=92132"},"modified":"2024-12-20T14:20:43","modified_gmt":"2024-12-20T17:20:43","slug":"natal-2","status":"publish","type":"post","link":"https:\/\/catolicanet.net\/wp-cnet\/natal-2\/","title":{"rendered":"Natal"},"content":{"rendered":"<p style=\"text-align: justify;\">1 \u2013 Natal n\u00e3o \u00e9 a festa do papai Noel, mas do verbo divino feito carne, ou seja, feito gente. Homem. N\u00e3o basta cantar, \u201cnoite feliz\u201d \u00e9 preciso fazer nossa introspec\u00e7\u00e3o: debru\u00e7ar-nos sobre o minist\u00e9rio do filho de Deus que assemelhou-se a n\u00f3s, menos no pecado, no orgulho, ou revolta. Jesus aceita morrer pelos pecadores, salvando, que n\u00e3o souberam amar o criador generoso e redentor misericordioso.<\/p>\n<p style=\"text-align: justify;\">2 \u2013 Quando a humanidade dormia na sua autossufici\u00eancia que nem os doutores da lei, os homens do templo se lembraram da revela\u00e7\u00e3o do anunciado Salvador, quando poder romano, tudo dominava, repito: o verbo de Deus veio ao nosso encontro, hasteando a bandeira da paz e do amor, da reconcilia\u00e7\u00e3o. Ningu\u00e9m o esperava, al\u00e9m da m\u00e3e, Maria. \u201co corpo diplom\u00e1tico\u201d era composto por depauperados, gente simples e pastores desacreditados. Somente o Pai \u201cAba\u201d nos poderia surpreender, tanto assim, pelo mist\u00e9rio desta noite sacrossanta.<\/p>\n<p style=\"text-align: justify;\">3 \u2013 Como acontece o Natal hoje? H\u00e1 luzes reluzentes nas casas enfeites nas ruas das cidades, pinheirinhos, ceias caprichadas em certos lares, onde nem aperitivos faltam. Multiplicam-se abra\u00e7os e repetem-se votos e desejos de muita sa\u00fade e paz. Fazem-se festas, mas o festejado mesmo \u00e9 esquecido, por isso, at\u00e9 \u00e9 cantado \u201cnoite feliz\u201d, por\u00e9m \u00e0s vezes um tanto desafinado. O mist\u00e9rio da noite \u00e9 abafado, pois incomoda muitas consci\u00eancias, e, por isso, a missa assim chamada \u201cdo galo\u201d \u00e9 esquecida pois o sono \u00e9 demais.<\/p>\n<p style=\"text-align: justify;\">4 \u2013 De minha parte, desejo a todos(as), as mais seletas ben\u00e7\u00e3os e gra\u00e7as do Salvador nascido, bem como muita sa\u00fade, paz e felicidade. Possa este Natal lembrar-nos, uma vez mais, o infinito amor de Deus, por todos n\u00f3s e aprofundar nossa constante gratid\u00e3o a Trindade. Feliz e Santo Natal.<\/p>\n","protected":false},"excerpt":{"rendered":"<p>1 \u2013 Natal n\u00e3o \u00e9 a festa do papai Noel, mas do verbo divino feito carne, ou seja, feito gente. Homem. N\u00e3o basta cantar, \u201cnoite feliz\u201d \u00e9 preciso fazer nossa introspec\u00e7\u00e3o: debru\u00e7ar-nos sobre o minist\u00e9rio do filho de Deus que assemelhou-se a n\u00f3s, menos no pecado, no orgulho, ou revolta. Jesus aceita morrer pelos pecadores, [&hellip;]<\/p>\n","protected":false},"author":119,"featured_media":77698,"comment_status":"open","ping_status":"closed","sticky":false,"template":"","format":"standard","meta":{"footnotes":""},"categories":[9],"tags":[],"class_list":["post-92132","post","type-post","status-publish","format-standard","has-post-thumbnail","hentry","category-artigos"],"_links":{"self":[{"href":"https:\/\/catolicanet.net\/wp-cnet\/wp-json\/wp\/v2\/posts\/92132","targetHints":{"allow":["GET"]}}],"collection":[{"href":"https:\/\/catolicanet.net\/wp-cnet\/wp-json\/wp\/v2\/posts"}],"about":[{"href":"https:\/\/catolicanet.net\/wp-cnet\/wp-json\/wp\/v2\/types\/post"}],"author":[{"embeddable":true,"href":"https:\/\/catolicanet.net\/wp-cnet\/wp-json\/wp\/v2\/users\/119"}],"replies":[{"embeddable":true,"href":"https:\/\/catolicanet.net\/wp-cnet\/wp-json\/wp\/v2\/comments?post=92132"}],"version-history":[{"count":1,"href":"https:\/\/catolicanet.net\/wp-cnet\/wp-json\/wp\/v2\/posts\/92132\/revisions"}],"predecessor-version":[{"id":92133,"href":"https:\/\/catolicanet.net\/wp-cnet\/wp-json\/wp\/v2\/posts\/92132\/revisions\/92133"}],"wp:featuredmedia":[{"embeddable":true,"href":"https:\/\/catolicanet.net\/wp-cnet\/wp-json\/wp\/v2\/media\/77698"}],"wp:attachment":[{"href":"https:\/\/catolicanet.net\/wp-cnet\/wp-json\/wp\/v2\/media?parent=92132"}],"wp:term":[{"taxonomy":"category","embeddable":true,"href":"https:\/\/catolicanet.net\/wp-cnet\/wp-json\/wp\/v2\/categories?post=92132"},{"taxonomy":"post_tag","embeddable":true,"href":"https:\/\/catolicanet.net\/wp-cnet\/wp-json\/wp\/v2\/tags?post=92132"}],"curies":[{"name":"wp","href":"https:\/\/api.w.org\/{rel}","templated":true}]}}