{"id":92130,"date":"2024-12-22T08:18:27","date_gmt":"2024-12-22T11:18:27","guid":{"rendered":"https:\/\/catolicanet.net\/wp-cnet\/?p=92130"},"modified":"2024-12-20T14:19:30","modified_gmt":"2024-12-20T17:19:30","slug":"4o-domingo-do-advento-lc-139-45","status":"publish","type":"post","link":"https:\/\/catolicanet.net\/wp-cnet\/4o-domingo-do-advento-lc-139-45\/","title":{"rendered":"4\u00ba Domingo do Advento (Lc 1,39-45)."},"content":{"rendered":"<p style=\"text-align: center;\"><em>Texto iluminador: com grande grito, exclamou: \u201cbendita \u00e9s tu entre as mulheres e bendito \u00e9 o fruto do teu ventre! \u201ccomo posso merecer que a m\u00e3e do meu Senhor me venha visitar\u201d? (Lc 1, 42-43).<\/em><\/p>\n<p style=\"text-align: justify;\">1 \u2013 Maria \u2013 Nunca demais aprofundar a grandeza de Maria, nossa m\u00e3e, hist\u00f3ria da salva\u00e7\u00e3o. Foi escolhida pelo Pai Celeste, para tornar-se a m\u00e3e do Salvador e o templo do Esp\u00edrito Santo. Para vir a ser a precursora do precursor Jo\u00e3o Batista e portadora da gra\u00e7a de Deus \u00e1 Isabel. Por isso, \u00e9 saudada como a \u201cbendita entre as mulheres\u201d, a m\u00e3e do meu Senhor.\u00a0 \u201c\u00c9 feliz porque acreditou \u201c. \u00c9 a embaixadora que traz em seu seio o prometido salvador. \u00c9 sinal de felicidade\u2026 isso, somente a partir do evangelho de hoje: (Lucas 1, 39-45).<\/p>\n<p style=\"text-align: justify;\">2 \u2013 O Evangelho de hoje \u00e9 visivelmente mariol\u00f3gico, e a segunda leitura (Hebreus 10,5-10) \u00e9 indiscutivelmente cristoc\u00eantrica. Fala do projeto e da miss\u00e3o do redentor, que suprime os sacrif\u00edcios antigos, pois o novo (Seu) \u00e9 superior e definitivo. \u00c9 resumido em \u201cfazei a vontade do Pai\u201d, cujo efeito \u00e9 nossa santifica\u00e7\u00e3o (Hebreus 10, 10). Est\u00e1 joia b\u00edblica, deveria tonar-se texto de cabeceira, para todo o crist\u00e3o.<\/p>\n<p style=\"text-align: justify;\">3 \u2013 Servir. lesse, que Maria, foi, as pressas, para regi\u00e3o montanhosa\u2026 por qu\u00ea? Se gr\u00e1vida e necessitava de ajuda, foi para servir. Isabel gr\u00e1vida e idosa, precisava de presen\u00e7a feminina, Maria o pressentiu\u2026 foi religiosamente servir, e por isso tamb\u00e9m servida: \u201cquem sou que eu, para que a m\u00e3e do meu Senhor, me venha a mim \u201c? Disse ela.\u00a0 Isabel sabia da maternidade de Maria. O encontro destas duas mulheres, foi o mais belo e expressivo da hist\u00f3ria humana. Pena que a humanidade, ainda hoje, n\u00e3o tenha compreendido e vivenciada esta miss\u00e3o.<\/p>\n<p style=\"text-align: justify;\">4 \u2013 M\u00e3e: continua a trazer-nos Cristo. N\u00f3s precisamos. Os Batistas \u2013 Jo\u00e3os \u2013 ou n\u00e3o mais ainda.<\/p>\n","protected":false},"excerpt":{"rendered":"<p>Texto iluminador: com grande grito, exclamou: \u201cbendita \u00e9s tu entre as mulheres e bendito \u00e9 o fruto do teu ventre! \u201ccomo posso merecer que a m\u00e3e do meu Senhor me venha visitar\u201d? (Lc 1, 42-43). 1 \u2013 Maria \u2013 Nunca demais aprofundar a grandeza de Maria, nossa m\u00e3e, hist\u00f3ria da salva\u00e7\u00e3o. Foi escolhida pelo Pai [&hellip;]<\/p>\n","protected":false},"author":119,"featured_media":77698,"comment_status":"open","ping_status":"closed","sticky":false,"template":"","format":"standard","meta":{"footnotes":""},"categories":[9],"tags":[],"class_list":["post-92130","post","type-post","status-publish","format-standard","has-post-thumbnail","hentry","category-artigos"],"_links":{"self":[{"href":"https:\/\/catolicanet.net\/wp-cnet\/wp-json\/wp\/v2\/posts\/92130","targetHints":{"allow":["GET"]}}],"collection":[{"href":"https:\/\/catolicanet.net\/wp-cnet\/wp-json\/wp\/v2\/posts"}],"about":[{"href":"https:\/\/catolicanet.net\/wp-cnet\/wp-json\/wp\/v2\/types\/post"}],"author":[{"embeddable":true,"href":"https:\/\/catolicanet.net\/wp-cnet\/wp-json\/wp\/v2\/users\/119"}],"replies":[{"embeddable":true,"href":"https:\/\/catolicanet.net\/wp-cnet\/wp-json\/wp\/v2\/comments?post=92130"}],"version-history":[{"count":1,"href":"https:\/\/catolicanet.net\/wp-cnet\/wp-json\/wp\/v2\/posts\/92130\/revisions"}],"predecessor-version":[{"id":92131,"href":"https:\/\/catolicanet.net\/wp-cnet\/wp-json\/wp\/v2\/posts\/92130\/revisions\/92131"}],"wp:featuredmedia":[{"embeddable":true,"href":"https:\/\/catolicanet.net\/wp-cnet\/wp-json\/wp\/v2\/media\/77698"}],"wp:attachment":[{"href":"https:\/\/catolicanet.net\/wp-cnet\/wp-json\/wp\/v2\/media?parent=92130"}],"wp:term":[{"taxonomy":"category","embeddable":true,"href":"https:\/\/catolicanet.net\/wp-cnet\/wp-json\/wp\/v2\/categories?post=92130"},{"taxonomy":"post_tag","embeddable":true,"href":"https:\/\/catolicanet.net\/wp-cnet\/wp-json\/wp\/v2\/tags?post=92130"}],"curies":[{"name":"wp","href":"https:\/\/api.w.org\/{rel}","templated":true}]}}