{"id":92127,"date":"2024-12-19T11:17:17","date_gmt":"2024-12-19T14:17:17","guid":{"rendered":"https:\/\/catolicanet.net\/wp-cnet\/?p=92127"},"modified":"2024-12-20T14:18:09","modified_gmt":"2024-12-20T17:18:09","slug":"bendita-es-tu-bendito-e-o-fruto","status":"publish","type":"post","link":"https:\/\/catolicanet.net\/wp-cnet\/bendita-es-tu-bendito-e-o-fruto\/","title":{"rendered":"Bendita \u00e9s tu &#8230; Bendito \u00e9 o fruto!"},"content":{"rendered":"<p style=\"text-align: justify;\">\u00a0\u00a0\u00a0\u00a0\u00a0\u00a0\u00a0\u00a0\u00a0\u00a0\u00a0 Est\u00e1 pr\u00f3ximo o Natal e h\u00e1 no ar um esp\u00edrito de vida. No tempo do Advento alguns personagens s\u00e3o destacados: o profeta Isa\u00edas que, s\u00e9culos antes de Cristo, anuncia e alimenta a esperan\u00e7a no Messias; Jo\u00e3o Batista, o precursor, aponta para a presen\u00e7a do Salvador em meio ao povo, mas ainda n\u00e3o reconhecido e Maria aquela que acolhe por primeiro o Messias. No quarto domingo do Advento a liturgia destaca Maria (Miqu\u00e9ias 5,1-4; Salmo 79; Hebreus 10, 5-10 e Lucas 1,39-45).<\/p>\n<p style=\"text-align: justify;\">\u00a0\u00a0\u00a0\u00a0\u00a0\u00a0\u00a0\u00a0\u00a0\u00a0\u00a0 Lucas conta o encontro de Maria com Isabel. Duas senhoras, com idades diferentes e em circunst\u00e2ncias diversas, s\u00e3o chamadas a colaborar neste momento da hist\u00f3ria da salva\u00e7\u00e3o. Nelas agiu misteriosamente a provid\u00eancia divina. Depois que Maria recebe o an\u00fancio para ser a M\u00e3e do Salvador e dizer sim, tamb\u00e9m fica sabendo que a prima Isabel, j\u00e1 idosa, est\u00e1 no sexto m\u00eas da gravidez. Ela coloca-se \u201capressadamente\u201d em viagem para ir ao encontro dela. Ela se move e vai aonde uma urg\u00eancia de ajuda est\u00e1 chamando. A sua pressa revela disponibilidade e amor ao pr\u00f3ximo.<\/p>\n<p style=\"text-align: justify;\">\u00a0\u00a0\u00a0\u00a0\u00a0\u00a0\u00a0\u00a0\u00a0\u00a0\u00a0 Maria se coloca a caminho e gra\u00e7as ela, tamb\u00e9m Jesus, antes de nascer j\u00e1 faz um movimento em dire\u00e7\u00e3o aos outros. Esta caracter\u00edstica acompanhar\u00e1 toda a vida mission\u00e1ria de Jesus. O encontro com Isabel \u00e9 marcado pela alegria, tanto da parte das m\u00e3es gr\u00e1vidas quanto dos filhos no ventre delas. \u00c9 um encontro de mulheres gr\u00e1vidas e dos filhos por nascer. Os di\u00e1logos que seguem s\u00e3o movidos pelo Esp\u00edrito Santo.<\/p>\n<p style=\"text-align: justify;\">\u00a0\u00a0\u00a0\u00a0\u00a0\u00a0\u00a0\u00a0\u00a0\u00a0\u00a0 \u201cBendita \u00e9s tu entre as mulheres e bendito \u00e9 o fruto do teu ventre. Como posso merecer que a m\u00e3e do meu Senhor me venha visitar?\u201d A b\u00ean\u00e7\u00e3o est\u00e1 presente em toda a Sagrada Escritura indicando um gesto de adora\u00e7\u00e3o e homenagem a Deus. As b\u00ean\u00e7\u00e3os podem ser das pessoas que celebram a Deus pelas obras realizadas e a outra caracter\u00edstica \u00e9 a invoca\u00e7\u00e3o do poder de Deus sobre algu\u00e9m ou sobre alguma coisa.<\/p>\n<p style=\"text-align: justify;\">\u00a0\u00a0\u00a0\u00a0\u00a0\u00a0\u00a0\u00a0\u00a0\u00a0\u00a0 A b\u00ean\u00e7\u00e3o \u00e9 um dom que tem rela\u00e7\u00e3o com a vida e a fecundidade, isto vale tanto para a terra como para as pessoas. \u201cBendito \u00e9 o fruto do teu ventre\u201d. Maria \u00e9 celebrada por causa da sua maternidade. Assim a b\u00ean\u00e7\u00e3o vem de Deus e retorna a ele em forma de invoca\u00e7\u00e3o e ora\u00e7\u00e3o. \u00c9 o reconhecimento do que Deus fez.<\/p>\n<p style=\"text-align: justify;\">\u00a0\u00a0\u00a0\u00a0\u00a0\u00a0\u00a0\u00a0\u00a0\u00a0\u00a0 \u201cBem-aventura aquela que acreditou, porque ser\u00e1 cumprindo, o que o Senhor lhe prometeu\u201d. A bem-aventuran\u00e7a que Isabel profere revela a ades\u00e3o de Maria \u00e0 vontade divina. Ela n\u00e3o \u00e9 somente destinat\u00e1ria da b\u00ean\u00e7\u00e3o divina, mas tamb\u00e9m uma pessoa respons\u00e1vel que aceita e se torna fonte de b\u00ean\u00e7\u00e3os. \u00c9 uma mulher de f\u00e9. \u201cA m\u00e3e do Senhor \u00e9 \u00edcone perfeito da f\u00e9, como dir\u00e1 Santa Isabel: \u201cFeliz aquela que acreditou\u201d. Em Maria, Filha de Si\u00e3o, tem cumprimento a longa hist\u00f3ria da f\u00e9 do Antigo Testamento, com a narra\u00e7\u00e3o de tantas mulheres fi\u00e9is [&#8230;] Na plenitude dos tempos, a Palavra de Deus dirigiu-se a Maria, e Ela acolheu-a com todo o seu ser, no cora\u00e7\u00e3o, para que n\u2019Ela tomasse carne e nascesse como luz para os homens. [&#8230;] De fato, na M\u00e3e de Jesus, a f\u00e9 mostrou-se cheia de fruto e, quando a nossa vida espiritual d\u00e1 fruto, n\u00f3s nos enchemos de alegria, que \u00e9 o sinal mais claro da grandeza da f\u00e9. Na sua vida, Maria realizou a peregrina\u00e7\u00e3o da f\u00e9 seguindo o seu Filho\u201d (Papa Francisco \u2013 A Luz da f\u00e9, n\u00ba 58).<\/p>\n<p style=\"text-align: justify;\">\u00a0\u00a0\u00a0\u00a0\u00a0\u00a0\u00a0\u00a0\u00a0\u00a0\u00a0 \u00c0s v\u00e9speras do Natal o exemplo de Maria nos provoca e questiona. Como est\u00e1 a minha f\u00e9? A minha f\u00e9 me move para acolher a Deus e aproximar-se das necessidades do pr\u00f3ximo? O exemplo da Maria nos d\u00e1 a certeza que f\u00e9 e amor ao pr\u00f3ximo torna a nossa vida bendita.<\/p>\n","protected":false},"excerpt":{"rendered":"<p>\u00a0\u00a0\u00a0\u00a0\u00a0\u00a0\u00a0\u00a0\u00a0\u00a0\u00a0 Est\u00e1 pr\u00f3ximo o Natal e h\u00e1 no ar um esp\u00edrito de vida. No tempo do Advento alguns personagens s\u00e3o destacados: o profeta Isa\u00edas que, s\u00e9culos antes de Cristo, anuncia e alimenta a esperan\u00e7a no Messias; Jo\u00e3o Batista, o precursor, aponta para a presen\u00e7a do Salvador em meio ao povo, mas ainda n\u00e3o reconhecido e [&hellip;]<\/p>\n","protected":false},"author":18,"featured_media":55821,"comment_status":"open","ping_status":"closed","sticky":false,"template":"","format":"standard","meta":{"footnotes":""},"categories":[9],"tags":[],"class_list":["post-92127","post","type-post","status-publish","format-standard","has-post-thumbnail","hentry","category-artigos"],"_links":{"self":[{"href":"https:\/\/catolicanet.net\/wp-cnet\/wp-json\/wp\/v2\/posts\/92127","targetHints":{"allow":["GET"]}}],"collection":[{"href":"https:\/\/catolicanet.net\/wp-cnet\/wp-json\/wp\/v2\/posts"}],"about":[{"href":"https:\/\/catolicanet.net\/wp-cnet\/wp-json\/wp\/v2\/types\/post"}],"author":[{"embeddable":true,"href":"https:\/\/catolicanet.net\/wp-cnet\/wp-json\/wp\/v2\/users\/18"}],"replies":[{"embeddable":true,"href":"https:\/\/catolicanet.net\/wp-cnet\/wp-json\/wp\/v2\/comments?post=92127"}],"version-history":[{"count":1,"href":"https:\/\/catolicanet.net\/wp-cnet\/wp-json\/wp\/v2\/posts\/92127\/revisions"}],"predecessor-version":[{"id":92129,"href":"https:\/\/catolicanet.net\/wp-cnet\/wp-json\/wp\/v2\/posts\/92127\/revisions\/92129"}],"wp:featuredmedia":[{"embeddable":true,"href":"https:\/\/catolicanet.net\/wp-cnet\/wp-json\/wp\/v2\/media\/55821"}],"wp:attachment":[{"href":"https:\/\/catolicanet.net\/wp-cnet\/wp-json\/wp\/v2\/media?parent=92127"}],"wp:term":[{"taxonomy":"category","embeddable":true,"href":"https:\/\/catolicanet.net\/wp-cnet\/wp-json\/wp\/v2\/categories?post=92127"},{"taxonomy":"post_tag","embeddable":true,"href":"https:\/\/catolicanet.net\/wp-cnet\/wp-json\/wp\/v2\/tags?post=92127"}],"curies":[{"name":"wp","href":"https:\/\/api.w.org\/{rel}","templated":true}]}}