{"id":92120,"date":"2024-12-24T09:07:02","date_gmt":"2024-12-24T12:07:02","guid":{"rendered":"https:\/\/catolicanet.net\/wp-cnet\/?p=92120"},"modified":"2024-12-20T14:07:53","modified_gmt":"2024-12-20T17:07:53","slug":"oitava-do-natal-2","status":"publish","type":"post","link":"https:\/\/catolicanet.net\/wp-cnet\/oitava-do-natal-2\/","title":{"rendered":"Oitava do Natal"},"content":{"rendered":"<p style=\"text-align: justify;\">No per\u00edodo entre 25 de dezembro a 1\u00b0 de janeiro, a Igreja vive o tempo da Oitava do Natal. Esse per\u00edodo de oito dias \u00e9 uma extens\u00e3o da celebra\u00e7\u00e3o do Natal, ou seja, \u00e9 como se cada um desses dias fosse Natal e pud\u00e9ssemos desejar uns aos outros um Feliz Natal. Isso acontece porque o Natal \u00e9 uma solenidade t\u00e3o importante para n\u00f3s cat\u00f3licos que n\u00e3o cabe a celebra\u00e7\u00e3o em um dia s\u00f3.<\/p>\n<p style=\"text-align: justify;\">Ap\u00f3s a Oitava, ainda permanecemos no tempo do Natal at\u00e9 a festa do Batismo do Senhor. Tanto a Oitava quanto o tempo do Natal s\u00e3o momentos envolvidos de grande alegria, pois o menino Jesus, o Emanuel, o Deus conosco, est\u00e1 em nosso meio. A Igreja se reveste de branco e nos convida a irmos com pureza de cora\u00e7\u00e3o ao encontro do Senhor.<\/p>\n<p style=\"text-align: justify;\">A Oitava do Natal ir\u00e1 at\u00e9 1\u00b0 de janeiro, e o tempo do Natal ir\u00e1 at\u00e9 12 de janeiro de 2025 com a festa do Batismo do Senhor. Na segunda-feira, dia 13, inicia-se a primeira parte do tempo comum. Dessa forma, a Igreja vai seguindo o ciclo do ano lit\u00fargico e prepara todos os fi\u00e9is para, logo mais, em abril, celebrarmos o mist\u00e9rio da P\u00e1scoa do Senhor.<\/p>\n<p style=\"text-align: justify;\">A Oitava do Natal pode ter sido inspirada pela Oitava da P\u00e1scoa, em que tamb\u00e9m se celebra por oito dias a P\u00e1scoa e depois s\u00e3o sete semanas celebrando a P\u00e1scoa, culminando com a celebra\u00e7\u00e3o de Pentecostes. A Oitava do Natal e o tempo do Natal em si s\u00e3o tempos mais curtos, e o tempo Natal conclui-se com a celebra\u00e7\u00e3o da festa do Batismo do Senhor, conforme j\u00e1 dissemos.<\/p>\n<p style=\"text-align: justify;\">Durante o per\u00edodo da Oitava do Natal, temos algumas festas lit\u00fargicas importantes, cada uma delas ligada estritamente ao mist\u00e9rio da encarna\u00e7\u00e3o do Filho de Deus. Al\u00e9m da pr\u00f3pria solenidade do Natal, temos a solenidade de Santa Maria M\u00e3e de Deus em 1\u00b0 de janeiro, e as festas de Santo Estev\u00e3o em 26 de dezembro, S\u00e3o Jo\u00e3o Ap\u00f3stolo e Evangelista em 27 de dezembro, Santos Inocentes em 28 de dezembro, e ainda, a Sagrada Fam\u00edlia, que neste ano \u00e9 em 29 de dezembro.<\/p>\n<p style=\"text-align: justify;\">A Oitava do Natal e o tempo do Natal em si recordam a encarna\u00e7\u00e3o do Filho de Deus no meio de n\u00f3s. A Palavra de Deus se fez carne e habitou entre n\u00f3s. Ao longo desse per\u00edodo, somos convidados a dar gra\u00e7as a Deus por nos ter dado um presente t\u00e3o precioso. A exemplo dos pastores e dos reis magos, ao longo desse per\u00edodo, temos que chegar diante da manjedoura e adorar o Menino Deus que acabou de nascer. Ao mesmo tempo que o adoramos na manjedoura, temos que voltar o nosso olhar para a Cruz, pois um mist\u00e9rio est\u00e1 ligado ao outro.<\/p>\n<p style=\"text-align: justify;\">A encarna\u00e7\u00e3o de Jesus \u00e9 a demonstra\u00e7\u00e3o do amor de Deus por n\u00f3s. Ele \u00e9 amor, miseric\u00f3rdia e perd\u00e3o. Jesus nasce com a miss\u00e3o de salvar todo o g\u00eanero humano, e, atrav\u00e9s de sua morte na Cruz, demonstra at\u00e9 que ponto chega o amor de Deus por n\u00f3s. Jesus nasce para ensinar a humanidade que o \u00fanico caminho que nos conduz at\u00e9 Deus \u00e9 o amor, que devemos acolher uns aos outros, sem desprezar ou excluir ningu\u00e9m. Todos os anos, ao celebrarmos o Natal do Senhor, renovamos o compromisso de levar adiante tudo aquilo que nos ensinou enquanto esteve entre n\u00f3s.<\/p>\n<p style=\"text-align: justify;\">A Oitava do Natal deve ser vivida de forma intensa por todos n\u00f3s. Se poss\u00edvel, participar das missas ao longo dessa semana, pois, como dissemos, em cada dia dessa semana, temos a celebra\u00e7\u00e3o de alguma festa lit\u00fargica. E ainda, se cada dia dessa semana \u00e9 como se fosse um s\u00f3 dia de Natal, ent\u00e3o devemos participar da Santa Missa. Se, caso, n\u00e3o for poss\u00edvel ir \u00e0 Missa todos os dias, que possamos recorrer a outros meios, como, por exemplo, rezar o Santo Ter\u00e7o diante do pres\u00e9pio, acender vela em casa e deix\u00e1-la iluminada, sobretudo com as luzinhas de Natal, manifestando a alegria com o nascimento de Jesus.<\/p>\n<p style=\"text-align: justify;\">Essas celebra\u00e7\u00f5es especiais tanto do Natal quanto da Oitava do Natal nos ajudam a reavivar nossa f\u00e9 e a esperan\u00e7a. Essas celebra\u00e7\u00f5es nos ajudam a refletir que Deus nunca nos abandona e n\u00e3o se esquece de n\u00f3s. A exemplo do Senhor, somos chamados a amar o pr\u00f3ximo sem esperar nada em troca, conforme Jesus. Pe\u00e7amos ao Senhor, nesse Natal, que o mundo todo possa compreender o amor de Deus por n\u00f3s, e todos se unam num \u00fanico objetivo, que \u00e9 construir a paz.<\/p>\n<p style=\"text-align: justify;\">Que essa semana seja de alegria para todos n\u00f3s, pois Nosso Senhor Jesus Cristo nasceu em vista da nossa salva\u00e7\u00e3o. Que, ao longo do per\u00edodo da Oitava de Natal, possamos desejar um Aben\u00e7oado e Feliz Natal para quem encontrarmos. A Oitava tem sua finalidade sempre a partir do dia da ressurrei\u00e7\u00e3o, e esse tempo \u00e9 marcado pela alegria. Que n\u00e3o seja uma semana triste para n\u00f3s, mas uma semana de alegria, agradecendo a Deus o maior presente que recebemos no Natal, que \u00e9 o nascimento de seu Filho.<\/p>\n<p style=\"text-align: justify;\">Que o nascimento do Emanuel, do Deus conosco, do Pr\u00edncipe da Paz, encha a humanidade de f\u00e9, de esperan\u00e7a e de paz. Que a alegria do Natal renove em n\u00f3s a esperan\u00e7a de um mundo melhor, mais justo e fraterno. Am\u00e9m!<\/p>\n","protected":false},"excerpt":{"rendered":"<p>No per\u00edodo entre 25 de dezembro a 1\u00b0 de janeiro, a Igreja vive o tempo da Oitava do Natal. Esse per\u00edodo de oito dias \u00e9 uma extens\u00e3o da celebra\u00e7\u00e3o do Natal, ou seja, \u00e9 como se cada um desses dias fosse Natal e pud\u00e9ssemos desejar uns aos outros um Feliz Natal. Isso acontece porque o [&hellip;]<\/p>\n","protected":false},"author":5,"featured_media":55819,"comment_status":"open","ping_status":"closed","sticky":false,"template":"","format":"standard","meta":{"footnotes":""},"categories":[9],"tags":[],"class_list":["post-92120","post","type-post","status-publish","format-standard","has-post-thumbnail","hentry","category-artigos"],"_links":{"self":[{"href":"https:\/\/catolicanet.net\/wp-cnet\/wp-json\/wp\/v2\/posts\/92120","targetHints":{"allow":["GET"]}}],"collection":[{"href":"https:\/\/catolicanet.net\/wp-cnet\/wp-json\/wp\/v2\/posts"}],"about":[{"href":"https:\/\/catolicanet.net\/wp-cnet\/wp-json\/wp\/v2\/types\/post"}],"author":[{"embeddable":true,"href":"https:\/\/catolicanet.net\/wp-cnet\/wp-json\/wp\/v2\/users\/5"}],"replies":[{"embeddable":true,"href":"https:\/\/catolicanet.net\/wp-cnet\/wp-json\/wp\/v2\/comments?post=92120"}],"version-history":[{"count":1,"href":"https:\/\/catolicanet.net\/wp-cnet\/wp-json\/wp\/v2\/posts\/92120\/revisions"}],"predecessor-version":[{"id":92121,"href":"https:\/\/catolicanet.net\/wp-cnet\/wp-json\/wp\/v2\/posts\/92120\/revisions\/92121"}],"wp:featuredmedia":[{"embeddable":true,"href":"https:\/\/catolicanet.net\/wp-cnet\/wp-json\/wp\/v2\/media\/55819"}],"wp:attachment":[{"href":"https:\/\/catolicanet.net\/wp-cnet\/wp-json\/wp\/v2\/media?parent=92120"}],"wp:term":[{"taxonomy":"category","embeddable":true,"href":"https:\/\/catolicanet.net\/wp-cnet\/wp-json\/wp\/v2\/categories?post=92120"},{"taxonomy":"post_tag","embeddable":true,"href":"https:\/\/catolicanet.net\/wp-cnet\/wp-json\/wp\/v2\/tags?post=92120"}],"curies":[{"name":"wp","href":"https:\/\/api.w.org\/{rel}","templated":true}]}}