{"id":92070,"date":"2024-12-20T09:14:20","date_gmt":"2024-12-20T12:14:20","guid":{"rendered":"https:\/\/catolicanet.net\/wp-cnet\/?p=92070"},"modified":"2024-12-20T12:20:59","modified_gmt":"2024-12-20T15:20:59","slug":"ligacao-telefonica-entre-o-papa-e-joe-biden","status":"publish","type":"post","link":"https:\/\/catolicanet.net\/wp-cnet\/ligacao-telefonica-entre-o-papa-e-joe-biden\/","title":{"rendered":"Liga\u00e7\u00e3o telef\u00f4nica entre o Papa e Joe Biden"},"content":{"rendered":"<figure class=\"article__image\" style=\"text-align: justify;\"><span class=\"didascalia_img\">Francisco em audi\u00eancia com o presidente dos EUA, Joe Biden, em 29 de outubro de 2021\u00a0 (Vatican Media)<\/span><\/figure>\n<div class=\"article__meta audioInside\" data-mediatype=\"\">\n<div class=\"article__subTitle\" style=\"text-align: justify;\">Ontem (19\/12), Francisco conversou por telefone com o presidente dos EUA em final de mandato sobre diversos temas de atualidade, come\u00e7ando pelos esfor\u00e7os de paz durante as festas de Natal. Biden aceitou o convite para visitar o Vaticano em janeiro. Um tema que preocupa o Papa \u00e9 a situa\u00e7\u00e3o dos condenados \u00e0 morte nos Estados Unidos, para os quais fez um apelo no Angelus de 8 de dezembro.<\/div>\n<div class=\"title__separator\" style=\"text-align: justify;\"><\/div>\n<div class=\"article__text\">\n<p style=\"text-align: justify;\"><b>Salvatore Cernuzio &#8211; Cidade do Vaticano<\/b><\/p>\n<div style=\"text-align: justify;\">\n<div class=\"article__embed article__embed--unwrap article__embed--dark\">\n<div class=\"article__innerTitle\">Ou\u00e7a e compartilhe<\/div>\n<\/div>\n<\/div>\n<!--[if lt IE 9]><script>document.createElement('audio');<\/script><![endif]-->\n<audio class=\"wp-audio-shortcode\" id=\"audio-92070-1\" preload=\"none\" style=\"width: 100%;\" controls=\"controls\"><source type=\"audio\/mpeg\" src=\"https:\/\/media.vaticannews.va\/media\/audio\/s1\/2024\/12\/20\/10\/138474401_F138474401.mp3?_=1\" \/><a href=\"https:\/\/media.vaticannews.va\/media\/audio\/s1\/2024\/12\/20\/10\/138474401_F138474401.mp3\">https:\/\/media.vaticannews.va\/media\/audio\/s1\/2024\/12\/20\/10\/138474401_F138474401.mp3<\/a><\/audio>\n<p style=\"text-align: justify;\">Com a proximidade do t\u00e9rmino de seu mandato em janeiro, houve na noite de ontem, 19 de dezembro, um telefonema entre o presidente em final de mandato dos Estados Unidos, Joe Biden, e o Papa Francisco. Durante a conversa com o l\u00edder democrata \u2013 com quem teve diversos contatos e encontros ao longo desses anos \u2013 o Papa discutiu sobre \u201cos esfor\u00e7os para promover a paz mundial durante as festividades natalinas\u201d.<\/p>\n<p style=\"text-align: justify;\">A not\u00edcia sobre o di\u00e1logo foi divulgada por meio de um comunicado da Casa Branca, no qual consta que Biden \u201cagradeceu ao Papa por seu cont\u00ednuo empenho em aliviar os sofrimentos globais, incluindo seu trabalho na promo\u00e7\u00e3o dos direitos humanos e na prote\u00e7\u00e3o das liberdades religiosas\u201d. O presidente, destaca ainda o comunicado, \u201ctamb\u00e9m aceitou gentilmente o convite de Sua Santidade, o Papa Francisco, para visitar o Vaticano no pr\u00f3ximo m\u00eas\u201d. Assim, a visita ser\u00e1 a \u00faltima antes de deixar a Casa Branca em 20 de janeiro, data em que seu sucessor, Donald Trump, tomar\u00e1 posse como novo presidente eleito dos EUA.<\/p>\n<h2 style=\"text-align: justify;\">A preocupa\u00e7\u00e3o do Papa com os detentos condenados \u00e0 morte<\/h2>\n<p style=\"text-align: justify;\">Um dos temas que toca profundamente o Papa \u00e9 a situa\u00e7\u00e3o dos detentos que est\u00e3o no corredor da morte nos Estados Unidos.\u00a0Essa \u00e9 uma quest\u00e3o que sempre foi particularmente cara a Jorge Mario Bergoglio, que em 2018 alterou o n\u00famero 2267 do Catecismo da Igreja Cat\u00f3lica para reiterar a inadmissibilidade da pena de morte, sempre e em qualquer caso, porque &#8211; explicava &#8211; a dignidade humana n\u00e3o \u00e9 reduzida mesmo quando uma pessoa comete um crime grave.<\/p>\n<h2 style=\"text-align: justify;\">Os votos para o Jubileu<\/h2>\n<p style=\"text-align: justify;\">Em um de seus v\u00eddeos mensais de inten\u00e7\u00e3o de ora\u00e7\u00e3o em 2022, Francisco reiterou seu \u201cn\u00e3o\u201d a uma medida que n\u00e3o oferece justi\u00e7a, mas alimenta a vingan\u00e7a. H\u00e1 cerca de quinze dias, ele voltou ao assunto em vista do Jubileu, um tempo de esperan\u00e7a e miseric\u00f3rdia durante o qual &#8211; como escreveu na bula Spes Non Confundit &#8211; ele espera que medidas concretas possam ser tomadas, como o perd\u00e3o da d\u00edvida externa para os pa\u00edses pobres e a aboli\u00e7\u00e3o da pena de morte em todos os pa\u00edses do mundo (at\u00e9 2022 em vigor em 53 pa\u00edses). Um ato \u201ccontr\u00e1rio \u00e0 f\u00e9 crist\u00e3\u201d que \u201caniquila toda esperan\u00e7a de perd\u00e3o e renova\u00e7\u00e3o\u201d, escreveu o Papa Francisco.<\/p>\n<h2 style=\"text-align: justify;\">O apelo no Angelus de 8 de dezembro<\/h2>\n<p style=\"text-align: justify;\">No Angelus da Imaculada Concei\u00e7\u00e3o, em 8 de dezembro, ele se dirigiu a todos os fi\u00e9is presentes na Pra\u00e7a de S\u00e3o Pedro e conectados via streaming, pedindo-lhes que \u201crezassem pelos prisioneiros que est\u00e3o no corredor da morte nos Estados Unidos. Creio que s\u00e3o 13 ou 15. Rezemos, disse ele, para que sua senten\u00e7a seja comutada, mudada. Pensemos nesses nossos irm\u00e3os e irm\u00e3s e pe\u00e7amos ao Senhor a gra\u00e7a de salv\u00e1-los da morte\u201d.<\/p>\n<h2 style=\"text-align: justify;\">O apoio dos bispos dos EUA e das associa\u00e7\u00f5es humanit\u00e1rias<\/h2>\n<p style=\"text-align: justify;\">As palavras do Papa foram seguidas por um apelo imediato da Confer\u00eancia dos Bispos Cat\u00f3licos dos EUA a todos os cat\u00f3licos estadunidenses para que solicitassem ao presidente Biden, que deixa o poder, que comutasse para pris\u00e3o perp\u00e9tua as senten\u00e7as de morte de quarenta pessoas atualmente mantidas no corredor da morte em pris\u00f5es federais. Antes ainda, a Catholic Mobilizing Network (Cmn), uma organiza\u00e7\u00e3o cat\u00f3lica nacional que faz campanha pela aboli\u00e7\u00e3o da pena capital nos Estados Unidos, havia lan\u00e7ado uma campanha para comutar as senten\u00e7as de 40 pessoas atualmente detidas em pris\u00f5es federais. De acordo com sua diretora executiva, Krisanne Vaillancourt Murphy, para o presidente Biden &#8211; que j\u00e1 havia imposto uma morat\u00f3ria tempor\u00e1ria sobre as execu\u00e7\u00f5es federais em junho de 2021 (uma pausa que Trump prometeu suspender) &#8211; esta \u00e9 a \u00fanica oportunidade de abra\u00e7ar os ensinamentos cat\u00f3licos e salvar a vida dessas pessoas. E fazer isso no primeiro m\u00eas do Jubileu, o \u00faltimo de seu mandato.<\/p>\n<\/div>\n<\/div>\n","protected":false},"excerpt":{"rendered":"<p>Francisco em audi\u00eancia com o presidente dos EUA, Joe Biden, em 29 de outubro de 2021\u00a0 (Vatican Media) Ontem (19\/12), Francisco conversou por telefone com o presidente dos EUA em final de mandato sobre diversos temas de atualidade, come\u00e7ando pelos esfor\u00e7os de paz durante as festas de Natal. Biden aceitou o convite para visitar o [&hellip;]<\/p>\n","protected":false},"author":1,"featured_media":92071,"comment_status":"open","ping_status":"closed","sticky":false,"template":"","format":"standard","meta":{"footnotes":""},"categories":[13,3],"tags":[],"class_list":["post-92070","post","type-post","status-publish","format-standard","has-post-thumbnail","hentry","category-featured","category-vaticano"],"_links":{"self":[{"href":"https:\/\/catolicanet.net\/wp-cnet\/wp-json\/wp\/v2\/posts\/92070","targetHints":{"allow":["GET"]}}],"collection":[{"href":"https:\/\/catolicanet.net\/wp-cnet\/wp-json\/wp\/v2\/posts"}],"about":[{"href":"https:\/\/catolicanet.net\/wp-cnet\/wp-json\/wp\/v2\/types\/post"}],"author":[{"embeddable":true,"href":"https:\/\/catolicanet.net\/wp-cnet\/wp-json\/wp\/v2\/users\/1"}],"replies":[{"embeddable":true,"href":"https:\/\/catolicanet.net\/wp-cnet\/wp-json\/wp\/v2\/comments?post=92070"}],"version-history":[{"count":1,"href":"https:\/\/catolicanet.net\/wp-cnet\/wp-json\/wp\/v2\/posts\/92070\/revisions"}],"predecessor-version":[{"id":92073,"href":"https:\/\/catolicanet.net\/wp-cnet\/wp-json\/wp\/v2\/posts\/92070\/revisions\/92073"}],"wp:featuredmedia":[{"embeddable":true,"href":"https:\/\/catolicanet.net\/wp-cnet\/wp-json\/wp\/v2\/media\/92071"}],"wp:attachment":[{"href":"https:\/\/catolicanet.net\/wp-cnet\/wp-json\/wp\/v2\/media?parent=92070"}],"wp:term":[{"taxonomy":"category","embeddable":true,"href":"https:\/\/catolicanet.net\/wp-cnet\/wp-json\/wp\/v2\/categories?post=92070"},{"taxonomy":"post_tag","embeddable":true,"href":"https:\/\/catolicanet.net\/wp-cnet\/wp-json\/wp\/v2\/tags?post=92070"}],"curies":[{"name":"wp","href":"https:\/\/api.w.org\/{rel}","templated":true}]}}