{"id":92063,"date":"2024-12-15T09:30:32","date_gmt":"2024-12-15T12:30:32","guid":{"rendered":"https:\/\/catolicanet.net\/wp-cnet\/?p=92063"},"modified":"2024-12-17T15:31:28","modified_gmt":"2024-12-17T18:31:28","slug":"3o-domingo-do-advento-lc-3-10-18","status":"publish","type":"post","link":"https:\/\/catolicanet.net\/wp-cnet\/3o-domingo-do-advento-lc-3-10-18\/","title":{"rendered":"3\u00ba Domingo do Advento (Lc 3, 10-18)"},"content":{"rendered":"<p style=\"text-align: center;\"><em>Texto iluminador: \u201cEle traz a p\u00e1 em sua m\u00e3o para limpar a eira, afim de guardar o trigo no celeiro, mas a palha ele queimar\u00e1 num fogo que n\u00e3o se apaga\u201d. (Lc 3, 17).<\/em><em>\u00a0<\/em><\/p>\n<p style=\"text-align: justify;\">1 \u2013 O terceiro domingo do Advento anuncia a alegria e requer convers\u00e3o. De fato, n\u00e3o haver\u00e1 alegria, onde n\u00e3o houver melhoria de vida: \u00e9 preciso, melhorar, buscar a santifica\u00e7\u00e3o. Jo\u00e3o Batista, frisa a import\u00e2ncia da vida moral. Jesus n\u00e3o trouxe apenas um novo estilo de vida, uma nova religi\u00e3o, mas um novo modo de ser pensar e agir. Por isso, se exige sempre vida de convers\u00e3o dos disc\u00edpulos de Cristo.<\/p>\n<p>2 \u2013 Repito: cristianismo n\u00e3o visa apenas levar as pessoas para a Igreja, mas a Deus pelo culto e aos irm\u00e3os pela solidariedade. Isto \u00e9 essencial. Sempre. Mas, de modo especial, no mundo atual: ganancioso, materialista e voltada aos prazeres. Est\u00e1 esquecendo a dimens\u00e3o transcendente da exist\u00eancia.<\/p>\n<p>3 \u2013 Tamb\u00e9m, hoje, Batistas ainda existem e sinalizam pra Jesus Cristo e o indicam presente em nossa sociedade, mesmo que n\u00e3o tenha tanto trabalho\u2026, pois, os homens modernos n\u00e3o gostam de frequentar Sua evangeliza\u00e7\u00e3o. O que responderia o Mestre aos interpelantes hodiornos? talvez fosse o quanto segue: \u201cn\u00e3o sejas injusto\u201d. \u201cn\u00e3o vos queirais, valer dos vossos empregos fun\u00e7\u00f5es, para extorquir.\u201d \u201cn\u00e3o useis da pol\u00edtica para enriquecerdes, nem do vosso poder, para dele vos aproveitardes\u201d. \u201clembrai-vos, de que alguns, s\u00f3 recebem o sal\u00e1rio-m\u00ednimo, porque v\u00f3s recebeis demais.\u201d Somente isso? N\u00e3o. Perguntar-nos-ia: \u201cvossa consci\u00eancia n\u00e3o vos acusa\u201d? ent\u00e3o, o Reino dos c\u00e9us vos pertence.<\/p>\n<p>Boa prepara\u00e7\u00e3o para o santo Natal!<\/p>\n","protected":false},"excerpt":{"rendered":"<p>Texto iluminador: \u201cEle traz a p\u00e1 em sua m\u00e3o para limpar a eira, afim de guardar o trigo no celeiro, mas a palha ele queimar\u00e1 num fogo que n\u00e3o se apaga\u201d. (Lc 3, 17).\u00a0 1 \u2013 O terceiro domingo do Advento anuncia a alegria e requer convers\u00e3o. De fato, n\u00e3o haver\u00e1 alegria, onde n\u00e3o houver [&hellip;]<\/p>\n","protected":false},"author":1,"featured_media":77698,"comment_status":"open","ping_status":"closed","sticky":false,"template":"","format":"standard","meta":{"footnotes":""},"categories":[9],"tags":[],"class_list":["post-92063","post","type-post","status-publish","format-standard","has-post-thumbnail","hentry","category-artigos"],"_links":{"self":[{"href":"https:\/\/catolicanet.net\/wp-cnet\/wp-json\/wp\/v2\/posts\/92063","targetHints":{"allow":["GET"]}}],"collection":[{"href":"https:\/\/catolicanet.net\/wp-cnet\/wp-json\/wp\/v2\/posts"}],"about":[{"href":"https:\/\/catolicanet.net\/wp-cnet\/wp-json\/wp\/v2\/types\/post"}],"author":[{"embeddable":true,"href":"https:\/\/catolicanet.net\/wp-cnet\/wp-json\/wp\/v2\/users\/1"}],"replies":[{"embeddable":true,"href":"https:\/\/catolicanet.net\/wp-cnet\/wp-json\/wp\/v2\/comments?post=92063"}],"version-history":[{"count":1,"href":"https:\/\/catolicanet.net\/wp-cnet\/wp-json\/wp\/v2\/posts\/92063\/revisions"}],"predecessor-version":[{"id":92065,"href":"https:\/\/catolicanet.net\/wp-cnet\/wp-json\/wp\/v2\/posts\/92063\/revisions\/92065"}],"wp:featuredmedia":[{"embeddable":true,"href":"https:\/\/catolicanet.net\/wp-cnet\/wp-json\/wp\/v2\/media\/77698"}],"wp:attachment":[{"href":"https:\/\/catolicanet.net\/wp-cnet\/wp-json\/wp\/v2\/media?parent=92063"}],"wp:term":[{"taxonomy":"category","embeddable":true,"href":"https:\/\/catolicanet.net\/wp-cnet\/wp-json\/wp\/v2\/categories?post=92063"},{"taxonomy":"post_tag","embeddable":true,"href":"https:\/\/catolicanet.net\/wp-cnet\/wp-json\/wp\/v2\/tags?post=92063"}],"curies":[{"name":"wp","href":"https:\/\/api.w.org\/{rel}","templated":true}]}}