{"id":92059,"date":"2024-12-12T15:29:29","date_gmt":"2024-12-12T18:29:29","guid":{"rendered":"https:\/\/catolicanet.net\/wp-cnet\/?p=92059"},"modified":"2024-12-17T15:30:17","modified_gmt":"2024-12-17T18:30:17","slug":"alegrai-vos-sempre-no-senhor-3","status":"publish","type":"post","link":"https:\/\/catolicanet.net\/wp-cnet\/alegrai-vos-sempre-no-senhor-3\/","title":{"rendered":"\u201cAlegrai-vos sempre no Senhor!\u201d"},"content":{"rendered":"<p style=\"text-align: justify;\">\u00a0\u00a0\u00a0\u00a0\u00a0\u00a0\u00a0\u00a0\u00a0\u00a0\u00a0 A liturgia do terceiro domingo do Advento convida: \u201cCanta de alegria, [&#8230;] rejubila povo de Israel! Alegra-te e exulta de todo cora\u00e7\u00e3o\u201d. \u201cExultai cantando alegres\u201d. \u201cAlegrai-vos sempre no Senhor; eu repito, alegrai-vos\u201d (Sofonias 3,14-18, Salmo 12, Filipenses 4,4-7 e Lucas 3.10-18) Segundo o profeta Sofonias Deus tem sentimentos semelhantes: \u201cEle exultar\u00e1 de alegria por ti, entre louvores, como nos dias de festa\u201d. O caminho escolhido por Deus para salvar o mundo foi convidar Maria, saudando-a: \u201cAlegra-te, cheia de gra\u00e7a, o Senhor est\u00e1 contigo!\u201d A promessa de alegria concretizou-se plenamente no Mist\u00e9rio do Natal e que pede para ser renovada na nossa vida e na hist\u00f3ria.<\/p>\n<p style=\"text-align: justify;\">\u00a0\u00a0\u00a0\u00a0\u00a0\u00a0\u00a0\u00a0\u00a0\u00a0\u00a0 A alegria que a liturgia desperta nos crist\u00e3os n\u00e3o est\u00e1 reservada somente para eles, mas \u00e9 para toda humanidade. N\u00e3o se pode ignorar todas as realidades onde falta alegria por causa de tantas situa\u00e7\u00f5es, desde pessoas doentes, idosas, sozinhas at\u00e9 as v\u00edtimas das guerras, das viol\u00eancias, das car\u00eancias b\u00e1sicas para a vida digna, das iludidas por promessas falsas, das exploradas pelas injusti\u00e7as. O convite \u00e0 alegria feita pela liturgia n\u00e3o \u00e9 alienante, nem sem efeito, mas \u00e9 profecia, \u00e9 anuncio, \u00e9 apelo de renova\u00e7\u00e3o interior e social.<\/p>\n<p style=\"text-align: justify;\">\u00a0\u00a0\u00a0\u00a0\u00a0\u00a0\u00a0\u00a0\u00a0\u00a0\u00a0 A alegria anunciada tem por fundamento, segundo os textos b\u00edblicos: \u201cO Senhor, teu Deus, est\u00e1 no meio de ti, o valente guerreiro que te salva\u201d. \u201c\u00c9 grande em vosso meio o Deus Santo de Israel\u201d. \u201cO Senhor est\u00e1 pr\u00f3ximo!\u201d \u201cA paz de Deus, que ultrapassa todo o entendimento, guardar\u00e1 os vossos cora\u00e7\u00f5es e pensamento em Cristo Jesus\u201d. \u201cEle vos batizar\u00e1 no Esp\u00edrito Santo e no fogo\u201d. Portanto, o motivo da alegria \u00e9 a presen\u00e7a de Deus. Jesus traz aos homens a salva\u00e7\u00e3o, uma nova rela\u00e7\u00e3o com Deus que vence o mal e a morte. A presen\u00e7a dele ilumina o nosso caminho.<\/p>\n<p style=\"text-align: justify;\">\u00a0\u00a0\u00a0\u00a0\u00a0\u00a0\u00a0\u00a0\u00a0\u00a0\u00a0 Outro motivo que gera alegria \u00e9 a convers\u00e3o gerada pela presen\u00e7a de Jesus. O Evangelista Lucas registra que as multid\u00f5es perguntam a Jo\u00e3o Batista: \u201cQue devemos fazer?\u201d\u00a0 Responde que Deus n\u00e3o exige nada de extraordin\u00e1rio, mas sim algo que est\u00e1 ao alcance de todos. Pede que vivam segundo os crit\u00e9rios de caridade e de justi\u00e7a, sem os quais n\u00e3o \u00e9 poss\u00edvel encontrar o Senhor e nem viver em paz e feliz. \u201cQuem tiver duas t\u00fanicas, d\u00ea uma a quem n\u00e3o tem; e quem tiver comida, fa\u00e7a o mesmo!\u201d Aqui temos um crit\u00e9rio de justi\u00e7a animado pela caridade. A justi\u00e7a pede que sejam superadas as desigualdades, se gere um equil\u00edbrio entre o necess\u00e1rio e o sup\u00e9rfluo. Justi\u00e7a e caridade caminham juntas. Mesmo nos lugares mais justos, sempre h\u00e1 espa\u00e7o para a caridade.<\/p>\n<p style=\"text-align: justify;\">\u00a0\u00a0\u00a0\u00a0\u00a0\u00a0\u00a0\u00a0\u00a0\u00a0\u00a0 Na sequ\u00eancia, pessoas de profiss\u00f5es diversas perguntam: \u201cMestre, que devemos fazer?\u201d A resposta \u00e9 diversa para cada pessoa. Cada um de n\u00f3s tem uma vida \u00fanica e atividades profissionais pr\u00f3prias. Cada uma delas tem seu c\u00f3digo de \u00e9tica e espa\u00e7os para cometer injusti\u00e7as. Deus n\u00e3o pede a mudan\u00e7a de profiss\u00e3o, mas que seja vivida com honestidade e respeito ao pr\u00f3ximo. A observ\u00e2ncia das regras de conduta gera alegria naqueles que agem corretamente como nas pessoas beneficiadas por esta conduta.<\/p>\n<p style=\"text-align: justify;\">\u00a0\u00a0\u00a0\u00a0\u00a0\u00a0\u00a0\u00a0\u00a0\u00a0\u00a0 O Pref\u00e1cio do Advento II reza: \u201cAgora e em todos os tempos, ele vem ao nosso encontro, presente em cada pessoa humana, para que o acolhamos na f\u00e9 e o testemunhemos na caridade, enquanto esperamos a feliz realiza\u00e7\u00e3o do seu Reino\u201d.<\/p>\n","protected":false},"excerpt":{"rendered":"<p>\u00a0\u00a0\u00a0\u00a0\u00a0\u00a0\u00a0\u00a0\u00a0\u00a0\u00a0 A liturgia do terceiro domingo do Advento convida: \u201cCanta de alegria, [&#8230;] rejubila povo de Israel! Alegra-te e exulta de todo cora\u00e7\u00e3o\u201d. \u201cExultai cantando alegres\u201d. \u201cAlegrai-vos sempre no Senhor; eu repito, alegrai-vos\u201d (Sofonias 3,14-18, Salmo 12, Filipenses 4,4-7 e Lucas 3.10-18) Segundo o profeta Sofonias Deus tem sentimentos semelhantes: \u201cEle exultar\u00e1 de alegria por [&hellip;]<\/p>\n","protected":false},"author":18,"featured_media":55821,"comment_status":"open","ping_status":"closed","sticky":false,"template":"","format":"standard","meta":{"footnotes":""},"categories":[9],"tags":[],"class_list":["post-92059","post","type-post","status-publish","format-standard","has-post-thumbnail","hentry","category-artigos"],"_links":{"self":[{"href":"https:\/\/catolicanet.net\/wp-cnet\/wp-json\/wp\/v2\/posts\/92059","targetHints":{"allow":["GET"]}}],"collection":[{"href":"https:\/\/catolicanet.net\/wp-cnet\/wp-json\/wp\/v2\/posts"}],"about":[{"href":"https:\/\/catolicanet.net\/wp-cnet\/wp-json\/wp\/v2\/types\/post"}],"author":[{"embeddable":true,"href":"https:\/\/catolicanet.net\/wp-cnet\/wp-json\/wp\/v2\/users\/18"}],"replies":[{"embeddable":true,"href":"https:\/\/catolicanet.net\/wp-cnet\/wp-json\/wp\/v2\/comments?post=92059"}],"version-history":[{"count":2,"href":"https:\/\/catolicanet.net\/wp-cnet\/wp-json\/wp\/v2\/posts\/92059\/revisions"}],"predecessor-version":[{"id":92062,"href":"https:\/\/catolicanet.net\/wp-cnet\/wp-json\/wp\/v2\/posts\/92059\/revisions\/92062"}],"wp:featuredmedia":[{"embeddable":true,"href":"https:\/\/catolicanet.net\/wp-cnet\/wp-json\/wp\/v2\/media\/55821"}],"wp:attachment":[{"href":"https:\/\/catolicanet.net\/wp-cnet\/wp-json\/wp\/v2\/media?parent=92059"}],"wp:term":[{"taxonomy":"category","embeddable":true,"href":"https:\/\/catolicanet.net\/wp-cnet\/wp-json\/wp\/v2\/categories?post=92059"},{"taxonomy":"post_tag","embeddable":true,"href":"https:\/\/catolicanet.net\/wp-cnet\/wp-json\/wp\/v2\/tags?post=92059"}],"curies":[{"name":"wp","href":"https:\/\/api.w.org\/{rel}","templated":true}]}}