{"id":92051,"date":"2024-12-18T09:18:33","date_gmt":"2024-12-18T12:18:33","guid":{"rendered":"https:\/\/catolicanet.net\/wp-cnet\/?p=92051"},"modified":"2024-12-17T15:19:25","modified_gmt":"2024-12-17T18:19:25","slug":"nossa-senhora-da-expectacao-2","status":"publish","type":"post","link":"https:\/\/catolicanet.net\/wp-cnet\/nossa-senhora-da-expectacao-2\/","title":{"rendered":"Nossa Senhora da Expecta\u00e7\u00e3o"},"content":{"rendered":"<p style=\"text-align: justify;\">Celebramos no 18 de dezembro a mem\u00f3ria lit\u00fargica de Nossa Senhora da Expecta\u00e7\u00e3o, N. Sra. do Parto ou simplesmente Nossa Senhora do \u00d3. Esta festa lit\u00fargica \u00e9 celebrada porque se aproxima o dia do nascimento de Jesus e somos convidados a nutrir em n\u00f3s a mesma expectativa que Maria sentia naquele momento. A partir da festa da expecta\u00e7\u00e3o de Nossa Senhora faltar\u00e3o seis dias para o Natal do Senhor, um per\u00edodo em que devemos rezar, vigiar e pedir a luz do Esp\u00edrito Santo sobre n\u00f3s e nossa fam\u00edlia.<\/p>\n<p style=\"text-align: justify;\">Com certeza, por essa \u00e9poca a expectativa de Nossa Senhora era muito grande, e a alegria tomava conta dela e de S\u00e3o Jos\u00e9. Al\u00e9m da alegria, a afli\u00e7\u00e3o e o medo do que viria pela frente envolviam Nossa Senhora e S\u00e3o Jos\u00e9. Jesus nasceu no est\u00e1bulo, pois n\u00e3o havia lugar para eles na hospedaria e depois tiveram que fugir para o Egito por causa de Herodes. Nesses \u00faltimos dias do advento a liturgia nos aproxima desse momento que mudou a hist\u00f3ria da humanidade e podemos repetir em toda missa com mais veem\u00eancia: <em>\u201cVem Senhor Jesus\u201d.<\/em><\/p>\n<p style=\"text-align: justify;\">Essa expectativa para o nascimento do Messias passou por muitos anos, o povo de Israel esperava ansioso a vinda do Messias, s\u00f3 que para a frustra\u00e7\u00e3o de alguns que esperavam um Messias pol\u00edtico, guerreiro, ou que vivesse em Pal\u00e1cio, Deus ao contr\u00e1rio envia o seu Filho, gerado no seio de uma serva humilde e Jesus n\u00e3o era um guerreiro, ou pol\u00edtico, mas anunciava o Reino de Deus e que todos se convertessem de suas m\u00e1s atitudes de todo cora\u00e7\u00e3o.<\/p>\n<p style=\"text-align: justify;\">Inclusive at\u00e9 hoje os judeus ainda vivem essa \u201cexpectativa\u201d para a chegada do Messias, e n\u00f3s crist\u00e3os vivemos uma \u201cexpectativa\u201d diferente, aguardamos a segunda vinda de Cristo, Ele j\u00e1 nasceu uma vez em Bel\u00e9m. Em cada Natal nos unimos a Nossa Senhora e vivemos a \u201cexpectativa\u201d para que Ele nas\u00e7a em nosso lar.<\/p>\n<p style=\"text-align: justify;\">A expectativa que envolvia Nossa Senhora n\u00e3o era simplesmente a ansiedade de uma mo\u00e7a jovem gr\u00e1vida, mas de ser a m\u00e3e do Filho de Deus. A expectativa que envolvia Maria era de ser a \u201cbendita entre todas as mulheres da terra\u201d e corredentora da humanidade. Ao gerar o Filho de Deus Nossa Senhora coopera com a obra salvadora de Deus.<\/p>\n<p style=\"text-align: justify;\">Junto com Nossa Senhora proclamamos na semana de 17 a 24 de dezembro aquilo que denominamos como ant\u00edfonas do \u00d3, por isso, Nossa Senhora da expecta\u00e7\u00e3o \u00e9 conhecida como Nossa Senhora do \u00d3. As ant\u00edfonas expressam de certo modo a expectativa de toda a Igreja na vinda do Messias. O Messias \u00e9 aquele que vai selar a paz e ensinar\u00e1 a todos o caminho do amor. A cada ant\u00edfona do \u00f3 que proclamamos e conforme vamos avan\u00e7ando at\u00e9 chegar na s\u00e9tima ant\u00edfona sentimos o Messias mais perto de n\u00f3s, do mesmo modo que ao longo do tempo do advento vamos acendendo as velas da coroa. Por isso, ao proclamarmos as ant\u00edfonas nos aproximamos mais de Nossa Senhora e sentimos um pouco da expectativa que ela viveu antes do nascimento de Jesus.<\/p>\n<p style=\"text-align: justify;\">As ant\u00edfonas sempre v\u00eam acompanhadas pela interjei\u00e7\u00e3o \u201c\u00d3\u201d, como por exemplo: <em>\u201c\u00d3 Sabedoria, vinde ensinar-nos o caminho da salva\u00e7\u00e3o\u201d; \u201c\u00d3 rebento da Raiz de Jess\u00e9, vinde libertar-nos, n\u00e3o tardeis mais\u201d; \u201c\u00d3 Emanuel, vinde salvar-nos, Senhor nosso Deus\u201d. <\/em>Com isso, junto com Nossa Senhora a Igreja entra num per\u00edodo de expectativa pela chegada do nosso Salvador. O verdadeiro sentido do Natal \u00e9 esse, o nosso maior presente que chega no Natal \u00e9 Jesus. Por isso, a Igreja celebra ao longo do tempo do Advento a novena de Natal e a festa de Nossa Senhora do \u00d3, nos ensinado a exemplo da Virgem Maria, a esperar Jesus no Natal e n\u00e3o outra coisa.<\/p>\n<p style=\"text-align: justify;\">A festa de Nossa Senhora do \u00d3 ou da Expecta\u00e7\u00e3o foi institu\u00edda no s\u00e9culo VI pelo d\u00e9cimo Conc\u00edlio de Toledo, ilustre na Hist\u00f3ria da Igreja pela dolorosa, humilde, edificante e p\u00fablica confiss\u00e3o de Pot\u00e2mio, Bispo bracarense, pela leitura do testamento de S\u00e3o Martinho de Dume. Al\u00e9m da presen\u00e7a simult\u00e2nea de tr\u00eas santos de origem espanhola: Santo Eug\u00eanio III de Toledo, S\u00e3o Frutuoso de Braga e o ent\u00e3o abade Agaliense Santo Ildefonso.<\/p>\n<p style=\"text-align: justify;\">Nessa data antigamente comemorava-se a festa da \u201cAnuncia\u00e7\u00e3o de Nossa Senhora e Encarna\u00e7\u00e3o do Verbo\u201d. Santo Ildefonso estabeleceu que nessa data fosse celebrada a festa com o t\u00edtulo: <em>\u201cExpecta\u00e7\u00e3o do parto\u201d. <\/em>Assim ficou sendo na Hisp\u00e2nia, e a muitas igrejas da Fran\u00e7a. Ainda \u00e9 celebrada com esse t\u00edtulo na Arquidiocese de Braga. Por isso, essa festa de hoje tem diversos t\u00edtulos, mas o mesmo significado.<\/p>\n<p style=\"text-align: justify;\">Segue abaixo a ora\u00e7\u00e3o que podemos fazer a Nossa Senhora da expecta\u00e7\u00e3o, do Parto ou do \u00d3, ao longo desse tempo do advento e sobretudo entre os dias 17 e 24, ou ainda, rezar sempre em favor de alguma gestante e daquelas que desejam ser m\u00e3es:<\/p>\n<p style=\"text-align: justify;\"><em>\u201cMaria, padroeira das gestantes e daquelas que desejam engravidar, pedimos que realize os milagres mais imposs\u00edveis a favor da vida e do crescimento crist\u00e3o. \u00c0s gestantes em risco, dai conforto e fortaleza, sa\u00fade e esperan\u00e7a, para que o nome de Jesus seja amado e adorado em todo o mundo. Am\u00e9m.\u201d<\/em><\/p>\n","protected":false},"excerpt":{"rendered":"<p>Celebramos no 18 de dezembro a mem\u00f3ria lit\u00fargica de Nossa Senhora da Expecta\u00e7\u00e3o, N. Sra. do Parto ou simplesmente Nossa Senhora do \u00d3. Esta festa lit\u00fargica \u00e9 celebrada porque se aproxima o dia do nascimento de Jesus e somos convidados a nutrir em n\u00f3s a mesma expectativa que Maria sentia naquele momento. A partir da [&hellip;]<\/p>\n","protected":false},"author":5,"featured_media":55819,"comment_status":"open","ping_status":"closed","sticky":false,"template":"","format":"standard","meta":{"footnotes":""},"categories":[9],"tags":[],"class_list":["post-92051","post","type-post","status-publish","format-standard","has-post-thumbnail","hentry","category-artigos"],"_links":{"self":[{"href":"https:\/\/catolicanet.net\/wp-cnet\/wp-json\/wp\/v2\/posts\/92051","targetHints":{"allow":["GET"]}}],"collection":[{"href":"https:\/\/catolicanet.net\/wp-cnet\/wp-json\/wp\/v2\/posts"}],"about":[{"href":"https:\/\/catolicanet.net\/wp-cnet\/wp-json\/wp\/v2\/types\/post"}],"author":[{"embeddable":true,"href":"https:\/\/catolicanet.net\/wp-cnet\/wp-json\/wp\/v2\/users\/5"}],"replies":[{"embeddable":true,"href":"https:\/\/catolicanet.net\/wp-cnet\/wp-json\/wp\/v2\/comments?post=92051"}],"version-history":[{"count":1,"href":"https:\/\/catolicanet.net\/wp-cnet\/wp-json\/wp\/v2\/posts\/92051\/revisions"}],"predecessor-version":[{"id":92052,"href":"https:\/\/catolicanet.net\/wp-cnet\/wp-json\/wp\/v2\/posts\/92051\/revisions\/92052"}],"wp:featuredmedia":[{"embeddable":true,"href":"https:\/\/catolicanet.net\/wp-cnet\/wp-json\/wp\/v2\/media\/55819"}],"wp:attachment":[{"href":"https:\/\/catolicanet.net\/wp-cnet\/wp-json\/wp\/v2\/media?parent=92051"}],"wp:term":[{"taxonomy":"category","embeddable":true,"href":"https:\/\/catolicanet.net\/wp-cnet\/wp-json\/wp\/v2\/categories?post=92051"},{"taxonomy":"post_tag","embeddable":true,"href":"https:\/\/catolicanet.net\/wp-cnet\/wp-json\/wp\/v2\/tags?post=92051"}],"curies":[{"name":"wp","href":"https:\/\/api.w.org\/{rel}","templated":true}]}}