{"id":92048,"date":"2024-12-14T09:17:23","date_gmt":"2024-12-14T12:17:23","guid":{"rendered":"https:\/\/catolicanet.net\/wp-cnet\/?p=92048"},"modified":"2024-12-17T15:18:10","modified_gmt":"2024-12-17T18:18:10","slug":"campanha-de-evangelizacao-2024-alegria-de-anunciar","status":"publish","type":"post","link":"https:\/\/catolicanet.net\/wp-cnet\/campanha-de-evangelizacao-2024-alegria-de-anunciar\/","title":{"rendered":"Campanha de Evangeliza\u00e7\u00e3o 2024 Alegria de anunciar"},"content":{"rendered":"<p style=\"text-align: justify;\">A Campanha de Evangeliza\u00e7\u00e3o 2024 surge como um chamado especial para os fi\u00e9is renovarem seu compromisso com a miss\u00e3o de levar a Palavra de Deus a todas as pessoas. Organizada pela Confer\u00eancia Nacional dos Bispos do Brasil (CNBB), essa iniciativa anual une a Igreja em um esfor\u00e7o coletivo para fortalecer a\u00e7\u00f5es mission\u00e1rias em um mundo que anseia por esperan\u00e7a, amor e paz. Este artigo explora os principais aspectos da campanha deste ano, sua relev\u00e2ncia no contexto atual e como cada crist\u00e3o pode contribuir para seu sucesso.<\/p>\n<p style=\"text-align: justify;\">O tema da Campanha de Evangeliza\u00e7\u00e3o 2024, \u201cJesus nossa Esperan\u00e7a, habita entre n\u00f3s. \u00c9 nossa miss\u00e3o anunci\u00e1-lo\u201d, convida os fi\u00e9is a vivenciarem a miss\u00e3o crist\u00e3 com entusiasmo e um esp\u00edrito de partilha. Inspirada no Evangelho, a mensagem reflete o chamado de Jesus para que seus disc\u00edpulos levem o amor de Deus ao mundo, especialmente aos mais necessitados e marginalizados.<\/p>\n<p style=\"text-align: justify;\">A Campanha de Evangeliza\u00e7\u00e3o acontece durante o per\u00edodo do Advento, um tempo lit\u00fargico de prepara\u00e7\u00e3o para o Natal. \u00c9 um momento oportuno para refletir sobre o papel de cada crist\u00e3o como testemunha do Evangelho. A espiritualidade do Advento, marcada pela espera e esperan\u00e7a, torna-se ainda mais significativa quando traduzida em a\u00e7\u00f5es concretas de solidariedade e compromisso com a evangeliza\u00e7\u00e3o.<\/p>\n<p style=\"text-align: justify;\">A Miss\u00e3o Evangelizadora no contexto atual: O mundo contempor\u00e2neo enfrenta desafios profundos, como a desigualdade social, a perda de valores \u00e9ticos e a crescente indiferen\u00e7a em rela\u00e7\u00e3o ao pr\u00f3ximo. Nesse cen\u00e1rio, a Campanha de Evangeliza\u00e7\u00e3o assume um papel essencial: ser um instrumento de transforma\u00e7\u00e3o e um sinal da presen\u00e7a de Deus entre n\u00f3s.<\/p>\n<p style=\"text-align: justify;\">As atividades promovidas pela Campanha buscam responder a essas quest\u00f5es, fortalecendo comunidades, formando lideran\u00e7as e promovendo a dignidade humana. A evangeliza\u00e7\u00e3o n\u00e3o se limita \u00e0 transmiss\u00e3o de doutrinas religiosas, mas abrange tamb\u00e9m a\u00e7\u00f5es concretas que promovem justi\u00e7a, inclus\u00e3o e paz.<\/p>\n<p style=\"text-align: justify;\">Al\u00e9m disso, a Campanha valoriza o uso de novas tecnologias e meios de comunica\u00e7\u00e3o, reconhecendo que a evangeliza\u00e7\u00e3o no s\u00e9culo XXI precisa dialogar com as realidades digitais. As redes sociais, aplicativos e transmiss\u00f5es online tornam-se ferramentas importantes para levar a mensagem de Cristo a um p\u00fablico mais amplo.<\/p>\n<p style=\"text-align: justify;\">A Coleta da Evangeliza\u00e7\u00e3o: uma manifesta\u00e7\u00e3o de solidariedade. A Campanha de Evangeliza\u00e7\u00e3o culmina na Coleta da Evangeliza\u00e7\u00e3o, no terceiro domingo do Advento, conhecido como o Domingo da Alegria, neste ano no dia 15 de dezembro de 2024. Essa coleta tem um car\u00e1ter especial, pois n\u00e3o apenas financia iniciativas evangelizadoras, mas tamb\u00e9m expressa o esp\u00edrito de unidade e solidariedade entre os fi\u00e9is.<\/p>\n<p style=\"text-align: justify;\">Os recursos arrecadados s\u00e3o destinados ao fortalecimento de projetos mission\u00e1rios em tr\u00eas n\u00edveis: diocesano (45%), regional (20%) e nacional (35%). Isso garante que as a\u00e7\u00f5es evangelizadoras alcancem tanto as comunidades locais quanto aquelas em regi\u00f5es mais distantes e carentes.<\/p>\n<p style=\"text-align: justify;\">Entre os projetos financiados est\u00e3o programas de forma\u00e7\u00e3o de catequistas, miss\u00f5es populares, a\u00e7\u00f5es pastorais em \u00e1reas urbanas e rurais, e o fortalecimento de meios de comunica\u00e7\u00e3o cat\u00f3licos. Cada gesto de doa\u00e7\u00e3o contribui diretamente para levar a mensagem de Cristo a mais pessoas.<\/p>\n<p style=\"text-align: justify;\">Como participar da Campanha de Evangeliza\u00e7\u00e3o 2024: A participa\u00e7\u00e3o na Campanha de Evangeliza\u00e7\u00e3o n\u00e3o se limita \u00e0 contribui\u00e7\u00e3o financeira. Cada crist\u00e3o \u00e9 chamado a viver essa miss\u00e3o de forma integral, envolvendo-se ativamente nas a\u00e7\u00f5es promovidas pela Igreja. Algumas formas de participa\u00e7\u00e3o incluem: 1 \u2013 <strong>Orar pela evangeliza\u00e7\u00e3o<\/strong>: A ora\u00e7\u00e3o \u00e9 um pilar fundamental da Campanha. Os fi\u00e9is s\u00e3o convidados a rezar pela miss\u00e3o da Igreja, pelas comunidades necessitadas e pelas pessoas que ainda n\u00e3o conhecem o Evangelho. 2 \u2013 <strong>Engajamento comunit\u00e1rio<\/strong>: A Campanha estimula os fi\u00e9is a participarem de grupos de reflex\u00e3o, eventos mission\u00e1rios e a\u00e7\u00f5es solid\u00e1rias organizadas pelas par\u00f3quias. 3 \u2013 <strong>Partilhar talentos e tempo<\/strong>: Al\u00e9m de doa\u00e7\u00f5es financeiras, a partilha de habilidades e disponibilidade para ajudar em iniciativas locais \u00e9 uma forma valiosa de contribuir para a Campanha. 4 \u2013 <strong>Promover a evangeliza\u00e7\u00e3o digital<\/strong>: Utilizar as redes sociais e outras plataformas digitais para compartilhar mensagens da campanha \u00e9 uma maneira moderna e eficaz de expandir seu alcance.<\/p>\n<p style=\"text-align: justify;\">A Esperan\u00e7a de um mundo transformado: A Campanha de Evangeliza\u00e7\u00e3o 2024 comemorada \u00e0s v\u00e9speras do ano do jubileu da esperan\u00e7a \u00e9 um convite a anunciar o Senhor Jesus nestes tempos e \u00e9 um testemunho vivo da miss\u00e3o da Igreja em ser uma luz para as na\u00e7\u00f5es. Em um mundo marcado por tantas divis\u00f5es e incertezas, a evangeliza\u00e7\u00e3o se torna um instrumento de transforma\u00e7\u00e3o, promovendo a reconcilia\u00e7\u00e3o, a justi\u00e7a e o amor ao pr\u00f3ximo.<\/p>\n<p style=\"text-align: justify;\">Ao refletirmos sobre o significado do Natal, recordamos que Jesus Cristo veio ao mundo para trazer uma mensagem de esperan\u00e7a e salva\u00e7\u00e3o. Participar da Campanha \u00e9 uma forma de renovar esse compromisso e ser um sinal concreto do amor de Deus na sociedade.<\/p>\n<p style=\"text-align: justify;\">Que a Campanha de Evangeliza\u00e7\u00e3o 2024 inspire cada crist\u00e3o a viver a f\u00e9 com alegria e solidariedade, construindo juntos uma Igreja mais mission\u00e1ria e uma sociedade mais justa e fraterna.<\/p>\n","protected":false},"excerpt":{"rendered":"<p>A Campanha de Evangeliza\u00e7\u00e3o 2024 surge como um chamado especial para os fi\u00e9is renovarem seu compromisso com a miss\u00e3o de levar a Palavra de Deus a todas as pessoas. Organizada pela Confer\u00eancia Nacional dos Bispos do Brasil (CNBB), essa iniciativa anual une a Igreja em um esfor\u00e7o coletivo para fortalecer a\u00e7\u00f5es mission\u00e1rias em um mundo [&hellip;]<\/p>\n","protected":false},"author":5,"featured_media":55819,"comment_status":"open","ping_status":"closed","sticky":false,"template":"","format":"standard","meta":{"footnotes":""},"categories":[9],"tags":[],"class_list":["post-92048","post","type-post","status-publish","format-standard","has-post-thumbnail","hentry","category-artigos"],"_links":{"self":[{"href":"https:\/\/catolicanet.net\/wp-cnet\/wp-json\/wp\/v2\/posts\/92048","targetHints":{"allow":["GET"]}}],"collection":[{"href":"https:\/\/catolicanet.net\/wp-cnet\/wp-json\/wp\/v2\/posts"}],"about":[{"href":"https:\/\/catolicanet.net\/wp-cnet\/wp-json\/wp\/v2\/types\/post"}],"author":[{"embeddable":true,"href":"https:\/\/catolicanet.net\/wp-cnet\/wp-json\/wp\/v2\/users\/5"}],"replies":[{"embeddable":true,"href":"https:\/\/catolicanet.net\/wp-cnet\/wp-json\/wp\/v2\/comments?post=92048"}],"version-history":[{"count":1,"href":"https:\/\/catolicanet.net\/wp-cnet\/wp-json\/wp\/v2\/posts\/92048\/revisions"}],"predecessor-version":[{"id":92050,"href":"https:\/\/catolicanet.net\/wp-cnet\/wp-json\/wp\/v2\/posts\/92048\/revisions\/92050"}],"wp:featuredmedia":[{"embeddable":true,"href":"https:\/\/catolicanet.net\/wp-cnet\/wp-json\/wp\/v2\/media\/55819"}],"wp:attachment":[{"href":"https:\/\/catolicanet.net\/wp-cnet\/wp-json\/wp\/v2\/media?parent=92048"}],"wp:term":[{"taxonomy":"category","embeddable":true,"href":"https:\/\/catolicanet.net\/wp-cnet\/wp-json\/wp\/v2\/categories?post=92048"},{"taxonomy":"post_tag","embeddable":true,"href":"https:\/\/catolicanet.net\/wp-cnet\/wp-json\/wp\/v2\/tags?post=92048"}],"curies":[{"name":"wp","href":"https:\/\/api.w.org\/{rel}","templated":true}]}}