{"id":92042,"date":"2024-12-14T09:14:49","date_gmt":"2024-12-14T12:14:49","guid":{"rendered":"https:\/\/catolicanet.net\/wp-cnet\/?p=92042"},"modified":"2024-12-17T15:15:52","modified_gmt":"2024-12-17T18:15:52","slug":"alegrai-vos-domingo-gaudete","status":"publish","type":"post","link":"https:\/\/catolicanet.net\/wp-cnet\/alegrai-vos-domingo-gaudete\/","title":{"rendered":"Alegrai-vos: Domingo Gaudete!"},"content":{"rendered":"<p style=\"text-align: justify;\">Estamos vivendo o tempo do Advento, tempo de espera e de vigil\u00e2ncia para o nascimento de Nosso Senhor Jesus. Continuamos, nesta terceira etapa do \u201ccaminho do Advento\u201d, a preparar a vinda do Senhor. Chamado \u201cdomingo<strong><em> Gaudete<\/em><\/strong>\u201d, este terceiro domingo do advento convida-nos \u00e0 alegria. A vinda do Senhor aproxima-se; a nossa liberta\u00e7\u00e3o est\u00e1 cada vez mais perto. Exultemos, cantando alegres. A alegria e a paz nos alcan\u00e7am, pois o Senhor est\u00e1 pr\u00f3ximo. Rejeitando a autorrefencialidade, daremos espa\u00e7o para abrigar Jesus entre n\u00f3s.<\/p>\n<p style=\"text-align: justify;\">Na\u00a0primeira leitura \u2013 Sofonias 3,14-18 \u2013, o profeta Sofonias convida Jerusal\u00e9m a alegrar-se porque Deus revogou a senten\u00e7a de condena\u00e7\u00e3o que pendia sobre o seu Povo. O amor de Deus \u00e9 bem mais forte do que a sua vontade de castigar. Deus ir\u00e1 estabelecer a sua morada no meio do seu Povo, curando-o com o seu amor e abrindo-lhe as portas de um futuro repleto de alegria, de esperan\u00e7a e de paz. Sempre ser\u00e1 motivo de alegria n\u00e3o haver inimigos do povo, e sim quem se doe em favor dele. Em tempos dif\u00edceis, o otimismo nem sempre \u00e9 poss\u00edvel, mas Deus garante que estar\u00e1 sempre presente.<\/p>\n<p style=\"text-align: justify;\">No\u00a0Evangelho \u2013 Lc 3,10-18 \u2013\u00a0Jo\u00e3o Batista, o profeta do Advento, continua a propor-nos caminhos de convers\u00e3o. Jo\u00e3o Batista exorta a praticarmos gestos concretos de convers\u00e3o, de mudan\u00e7a de vida. Esclarece que ele n\u00e3o \u00e9 o Messias, mas apenas o acolhe e o apresenta ao povo. Jesus ser\u00e1 mais \u201cforte\u201d do que o Batista, pois purificar\u00e1 com o \u201cEsp\u00edrito e o fogo\u201d. Exorta-nos a uma mudan\u00e7a radical, que nos torne mais humanos, mais solid\u00e1rios, mais bondosos, mais misericordiosos. Partilhar os nossos bens com os necessitados, n\u00e3o defraudar o pr\u00f3ximo, n\u00e3o exercer viol\u00eancia, s\u00e3o as marcas da vida nova, de uma vida segundo o Esp\u00edrito. \u00c9 nesse sentido que caminham os que esperam o Senhor.<\/p>\n<p style=\"text-align: justify;\">Na\u00a0segunda leitura \u2013 Fl 4,4-7 \u2013, Paulo pede aos crist\u00e3os de Filipos que se alegrem porque \u201co Senhor est\u00e1 pr\u00f3ximo\u201d. S\u00e3o Paulo exorta aos filipenses a cultivarem a alegria e a paz e a n\u00e3o se inquietarem com coisas f\u00fateis, que perturbem o cora\u00e7\u00e3o, pois o Senhor est\u00e1 pr\u00f3ximo e escuta nossas preces. Conscientes dessa proximidade, os crist\u00e3os caminham pela vida serenos e confiantes, distribuindo gestos de bondade e de generosidade, numa escuta constante de Deus, dos seus desafios e propostas. \u00c9 assim que se espera o Senhor.<\/p>\n<p style=\"text-align: justify;\">Vivemos hoje o tempo do batismo no Esp\u00edrito e no fogo, que nos torna novas criaturas, com a mentalidade sempre aberta e em transforma\u00e7\u00e3o para criar rela\u00e7\u00f5es novas com a mentalidade sempre aberta e em transforma\u00e7\u00e3o para recriar rela\u00e7\u00f5es novas na sociedade. \u00c9 o pr\u00f3prio Esp\u00edrito Santo de Deus que nos anima e nos permite recordar e continuar hoje as mesmas a\u00e7\u00f5es de vida de Jesus. E o fogo de seu batismo \u00e9 que nos purifica e transforma, para uma novidade de vida que se traduz em rela\u00e7\u00f5es renovadas segundo o projeto de Deus. Enquanto nos transformamos com o fogo do batismo, deixando-nos anima pelo Esp\u00edrito divino, somos purificados e renovados. Diferente \u00e9 o fogo para quem escolhe caminhos de injusti\u00e7a e de ego\u00edsmo, que n\u00e3o d\u00e3o espa\u00e7o para o outro: \u00e9 um fogo que, em vez de renovar, queima e acaba destruindo a vida.<\/p>\n<p style=\"text-align: justify;\">Jesus \u00e9 o Mais Forte, continuamos nos preparando para a sua chegada em nossa vida. Ele vem vindo sempre, em cada rela\u00e7\u00e3o de vida que criamos, em cada a\u00e7\u00e3o de bondade que praticamos. Que seu Esp\u00edrito continue a nos animar, seu fogo continue a nos transformar por dentro, a transformar nossa mentalidade, para que o mundo se renove. Esta \u00e9 a aut\u00eantica alegria crist\u00e3, dos que reconhecem o Senhor que ama e vem a n\u00f3s! Por isso, o crist\u00e3o hoje deve se alegrar pela proximidade de seu Senhor e se colocar sempre em uma atitude de convers\u00e3o em dire\u00e7\u00e3o \u00e0 eternidade!<\/p>\n<p style=\"text-align: justify;\">Neste final de semana \u00e9 tempo prop\u00edcio para duas atividades pastorais fundamentais no tempo do Advento: nossa participa\u00e7\u00e3o efetiva na Coleta da Solidariedade, dentro da Campanha da Evangeliza\u00e7\u00e3o patrocinada pela CNBB e, em segundo lugar, o in\u00edcio da Novena de Natal em fam\u00edlia, em grupos, em comunidades. Estas duas iniciativas ajudam para que o Evangelho de nosso Senhor, o Deus Menino que nasce para nos salvar e redimir, chegue a todos os cora\u00e7\u00f5es. Por isso, vamos repetir sempre: \u201cAlegrai-vos no Senhor; eu repito, alegrai-vos!\u201d, pois o Senhor est\u00e1 bem perto!<\/p>\n<p>&nbsp;<\/p>\n<p style=\"text-align: center;\"><strong>+ Anuar Battisti<\/strong><\/p>\n<p style=\"text-align: center;\"><strong>Arcebispo Em\u00e9rito de Maring\u00e1, PR<\/strong><\/p>\n","protected":false},"excerpt":{"rendered":"<p>Estamos vivendo o tempo do Advento, tempo de espera e de vigil\u00e2ncia para o nascimento de Nosso Senhor Jesus. Continuamos, nesta terceira etapa do \u201ccaminho do Advento\u201d, a preparar a vinda do Senhor. Chamado \u201cdomingo Gaudete\u201d, este terceiro domingo do advento convida-nos \u00e0 alegria. A vinda do Senhor aproxima-se; a nossa liberta\u00e7\u00e3o est\u00e1 cada vez [&hellip;]<\/p>\n","protected":false},"author":1,"featured_media":55814,"comment_status":"open","ping_status":"closed","sticky":false,"template":"","format":"standard","meta":{"footnotes":""},"categories":[9],"tags":[],"class_list":["post-92042","post","type-post","status-publish","format-standard","has-post-thumbnail","hentry","category-artigos"],"_links":{"self":[{"href":"https:\/\/catolicanet.net\/wp-cnet\/wp-json\/wp\/v2\/posts\/92042","targetHints":{"allow":["GET"]}}],"collection":[{"href":"https:\/\/catolicanet.net\/wp-cnet\/wp-json\/wp\/v2\/posts"}],"about":[{"href":"https:\/\/catolicanet.net\/wp-cnet\/wp-json\/wp\/v2\/types\/post"}],"author":[{"embeddable":true,"href":"https:\/\/catolicanet.net\/wp-cnet\/wp-json\/wp\/v2\/users\/1"}],"replies":[{"embeddable":true,"href":"https:\/\/catolicanet.net\/wp-cnet\/wp-json\/wp\/v2\/comments?post=92042"}],"version-history":[{"count":1,"href":"https:\/\/catolicanet.net\/wp-cnet\/wp-json\/wp\/v2\/posts\/92042\/revisions"}],"predecessor-version":[{"id":92044,"href":"https:\/\/catolicanet.net\/wp-cnet\/wp-json\/wp\/v2\/posts\/92042\/revisions\/92044"}],"wp:featuredmedia":[{"embeddable":true,"href":"https:\/\/catolicanet.net\/wp-cnet\/wp-json\/wp\/v2\/media\/55814"}],"wp:attachment":[{"href":"https:\/\/catolicanet.net\/wp-cnet\/wp-json\/wp\/v2\/media?parent=92042"}],"wp:term":[{"taxonomy":"category","embeddable":true,"href":"https:\/\/catolicanet.net\/wp-cnet\/wp-json\/wp\/v2\/categories?post=92042"},{"taxonomy":"post_tag","embeddable":true,"href":"https:\/\/catolicanet.net\/wp-cnet\/wp-json\/wp\/v2\/tags?post=92042"}],"curies":[{"name":"wp","href":"https:\/\/api.w.org\/{rel}","templated":true}]}}