{"id":91964,"date":"2024-12-10T09:31:35","date_gmt":"2024-12-10T12:31:35","guid":{"rendered":"https:\/\/catolicanet.net\/wp-cnet\/?p=91964"},"modified":"2024-12-10T14:33:44","modified_gmt":"2024-12-10T17:33:44","slug":"o-papa-exorta-os-novos-cardeais-a-caminharem-na-estrada-de-jesus","status":"publish","type":"post","link":"https:\/\/catolicanet.net\/wp-cnet\/o-papa-exorta-os-novos-cardeais-a-caminharem-na-estrada-de-jesus\/","title":{"rendered":"O Papa exorta os novos cardeais a \u2018caminharem na estrada de Jesus\u2019"},"content":{"rendered":"<div style=\"text-align: justify;\"><span class=\"SubHeading_subheading__NJ_eJ\" aria-label=\"post subtitle\">Neste fim de semana, o Papa Francisco criou 21 novos cardeais, incluindo o arcebispo brasileiro de Porto Alegre, dom Jaime Spengler. Confira as fotos!<\/span><\/div>\n<div style=\"text-align: justify;\">\n<div>\n<p>\u201cRetornar ao cora\u00e7\u00e3o para voltar ao mesmo caminho de Jesus, \u00e9 disso que precisamos. E hoje, especialmente para v\u00f3s, caros irm\u00e3os, que recebeis o cardinalato, eu gostaria de dizer: tende o cuidado de caminhar na estrada de Jesus.\u201d Esta foi a\u00a0exorta\u00e7\u00e3o\u00a0do Papa Francisco aos 21 novos cardeais que ele criou durante um consist\u00f3rio realizado<strong>\u00a0<\/strong>no s\u00e1bado, 7 de dezembro de 2024, na Bas\u00edlica de S\u00e3o Pedro. Desses 21 cardeais, 20 t\u00eam menos de 80 anos e, portanto, poder\u00e3o eleger um novo Papa em caso de conclave, entre eles o arcebispo brasileiro de Porto Alegre, dom Jaime Spengler.<\/p>\n<\/div>\n<\/div>\n<div style=\"text-align: justify;\">\n<div>\n<p>Na homilia, o Papa Francisco lembrou aos novos cardeais a import\u00e2ncia de n\u00e3o se deixarem distrair por objetivos superficiais, mas de manter Jesus Cristo como o foco principal.<\/p>\n<\/div>\n<\/div>\n<div style=\"text-align: justify;\">\n<blockquote class=\"Quote_container__XMwM_\">\n<div>\n<p>\u201cCom muita frequ\u00eancia, coisas secund\u00e1rias tomam o lugar do que \u00e9 indispens\u00e1vel, as superficialidades prevalecem sobre o que realmente importa, mergulhamos em atividades que consideramos urgentes, sem conseguir chegar ao cora\u00e7\u00e3o,\u201d explicou o Papa.<\/p>\n<\/div>\n<div>\n<p>\u201cEm vez disso, temos sempre a necessidade de voltar ao centro, de recuperar o fundamento, de despojar-nos do que \u00e9 sup\u00e9rfluo para nos revestirmos de Cristo (cf. Rm 13, 14). A pr\u00f3pria palavra \u201ccardeal\u201d nos faz lembrar disso, j\u00e1 que indica o piv\u00f4 no qual \u00e9 inserida a dobradi\u00e7a de uma porta: \u00e9 um ponto firme de apoio, de sustenta\u00e7\u00e3o. Assim sendo, caros irm\u00e3os, Jesus \u00e9 o ponto de apoio fundamental, o centro de gravidade de nosso servi\u00e7o, o \u201cponto cardeal\u201d que orienta toda a nossa vida.\u201d<\/p>\n<\/div>\n<div>\n<p>\u201cNa estrada de Jesus, caminhemos juntos. E caminhemos com humildade, caminhemos com admira\u00e7\u00e3o, caminhemos com alegria,\u201d ele acrescentou.<\/p>\n<\/div>\n<div><\/div>\n<\/blockquote>\n<\/div>\n<div style=\"text-align: justify;\">\n<div>\n<div class=\"twitter-tweet twitter-tweet-rendered\"><iframe id=\"twitter-widget-0\" class=\"\" title=\"X Post\" src=\"https:\/\/platform.twitter.com\/embed\/Tweet.html?dnt=false&amp;embedId=twitter-widget-0&amp;features=eyJ0ZndfdGltZWxpbmVfbGlzdCI6eyJidWNrZXQiOltdLCJ2ZXJzaW9uIjpudWxsfSwidGZ3X2ZvbGxvd2VyX2NvdW50X3N1bnNldCI6eyJidWNrZXQiOnRydWUsInZlcnNpb24iOm51bGx9LCJ0ZndfdHdlZXRfZWRpdF9iYWNrZW5kIjp7ImJ1Y2tldCI6Im9uIiwidmVyc2lvbiI6bnVsbH0sInRmd19yZWZzcmNfc2Vzc2lvbiI6eyJidWNrZXQiOiJvbiIsInZlcnNpb24iOm51bGx9LCJ0ZndfZm9zbnJfc29mdF9pbnRlcnZlbnRpb25zX2VuYWJsZWQiOnsiYnVja2V0Ijoib24iLCJ2ZXJzaW9uIjpudWxsfSwidGZ3X21peGVkX21lZGlhXzE1ODk3Ijp7ImJ1Y2tldCI6InRyZWF0bWVudCIsInZlcnNpb24iOm51bGx9LCJ0ZndfZXhwZXJpbWVudHNfY29va2llX2V4cGlyYXRpb24iOnsiYnVja2V0IjoxMjA5NjAwLCJ2ZXJzaW9uIjpudWxsfSwidGZ3X3Nob3dfYmlyZHdhdGNoX3Bpdm90c19lbmFibGVkIjp7ImJ1Y2tldCI6Im9uIiwidmVyc2lvbiI6bnVsbH0sInRmd19kdXBsaWNhdGVfc2NyaWJlc190b19zZXR0aW5ncyI6eyJidWNrZXQiOiJvbiIsInZlcnNpb24iOm51bGx9LCJ0ZndfdXNlX3Byb2ZpbGVfaW1hZ2Vfc2hhcGVfZW5hYmxlZCI6eyJidWNrZXQiOiJvbiIsInZlcnNpb24iOm51bGx9LCJ0ZndfdmlkZW9faGxzX2R5bmFtaWNfbWFuaWZlc3RzXzE1MDgyIjp7ImJ1Y2tldCI6InRydWVfYml0cmF0ZSIsInZlcnNpb24iOm51bGx9LCJ0ZndfbGVnYWN5X3RpbWVsaW5lX3N1bnNldCI6eyJidWNrZXQiOnRydWUsInZlcnNpb24iOm51bGx9LCJ0ZndfdHdlZXRfZWRpdF9mcm9udGVuZCI6eyJidWNrZXQiOiJvbiIsInZlcnNpb24iOm51bGx9fQ%3D%3D&amp;frame=false&amp;hideCard=false&amp;hideThread=false&amp;id=1865436018284826719&amp;lang=pt&amp;origin=https%3A%2F%2Fpt.aleteia.org%2F2024%2F12%2F09%2Fo-papa-exorta-os-novos-cardeais-a-caminharem-na-estrada-de-jesus&amp;sessionId=de57d5089f510de317c158d3b3f3bc273b31b1e1&amp;theme=light&amp;widgetsVersion=2615f7e52b7e0%3A1702314776716&amp;width=550px\" frameborder=\"0\" scrolling=\"no\" allowfullscreen=\"allowfullscreen\" data-tweet-id=\"1865436018284826719\" data-mce-fragment=\"1\"><\/iframe><\/div>\n<\/div>\n<\/div>\n<div style=\"text-align: justify;\">\n<h2 class=\"Heading_heading__PlVsb\">As visitas de cortesia: risadas, abra\u00e7os e felicita\u00e7\u00f5es<\/h2>\n<\/div>\n<div style=\"text-align: justify;\">\n<div>\n<p>Durante o consist\u00f3rio o papa imp\u00f5e o barrete, chap\u00e9u quadrado vermelho com abas r\u00edgidas, na cabe\u00e7a dos novos cardeais, d\u00e1 a eles o anel cardinal\u00edcio, s\u00edmbolo da uni\u00e3o com o Pont\u00edfice, e atribui a eles uma igreja titular em Roma. Para Dom Jaime Spengler o Papa atribuiu a igreja de \u201cSan Gregorio Magno alla Magliana Nuova,\u201d localizada<strong>\u00a0<\/strong>no sul de Roma.<\/p>\n<\/div>\n<\/div>\n<div style=\"text-align: justify;\">\n<div>\n<p>Ap\u00f3s a liturgia, h\u00e1 um momento descontra\u00eddo chamado &#8220;visitas de cortesia&#8221;, onde os novos cardeais podem ser cumprimentados pelos fi\u00e9is. Os corredores do Pal\u00e1cio Apost\u00f3lico Vaticano ficam cheios de amigos, familiares, jornalistas e quem mais quiser dar os parab\u00e9ns aos novos cardeais da Igreja Cat\u00f3lica. A atmosfera \u00e9 sempre muito alegre, com muitos abra\u00e7os, fotos e felicita\u00e7\u00f5es trocadas.<\/p>\n<\/div>\n<div><\/div>\n<\/div>\n<div>\n<div>\n<p style=\"text-align: justify;\">Confira algumas imagens do dia nesta galeria de fotos!<\/p>\n<\/div>\n<\/div>\n<div>\n<h3><img decoding=\"async\" src=\"https:\/\/wp.pt.aleteia.org\/wp-content\/uploads\/sites\/5\/2024\/12\/VATICAN-POPE-CONSISTORY-CARDINALS-2024-Antoine-Mekary-ALETEIA-AM_6640.jpg?w=1920\" alt=\"VATICAN-POPE-CONSISTORY-CARDINALS-2024\" \/><\/h3>\n<p><img decoding=\"async\" src=\"https:\/\/wp.pt.aleteia.org\/wp-content\/uploads\/sites\/5\/2024\/12\/VATICAN-POPE-CONSISTORY-CARDINALS-2024-Antoine-Mekary-ALETEIA-AM_7811.jpg?w=1920\" alt=\"VATICAN-POPE-CONSISTORY-CARDINALS-2024\" \/><\/p>\n<p><img decoding=\"async\" src=\"https:\/\/wp.pt.aleteia.org\/wp-content\/uploads\/sites\/5\/2024\/12\/VATICAN-POPE-CONSISTORY-CARDINALS-2024-Antoine-Mekary-ALETEIA-AM_7836.jpg?w=1920\" alt=\"VATICAN-POPE-CONSISTORY-CARDINALS-2024\" \/><\/p>\n<p><img decoding=\"async\" src=\"https:\/\/wp.pt.aleteia.org\/wp-content\/uploads\/sites\/5\/2024\/12\/VATICAN-POPE-CONSISTORY-CARDINALS-2024-Antoine-Mekary-ALETEIA-AM_8666.jpg?w=1920\" alt=\"VATICAN-POPE-CONSISTORY-CARDINALS-2024\" \/><\/p>\n<p><img decoding=\"async\" src=\"https:\/\/wp.pt.aleteia.org\/wp-content\/uploads\/sites\/5\/2024\/12\/VATICAN-POPE-CONSISTORY-CARDINALS-2024-Antoine-Mekary-ALETEIA-AM_7393.jpg?w=1920\" alt=\"VATICAN-POPE-CONSISTORY-CARDINALS-2024\" \/><\/p>\n<p><img decoding=\"async\" src=\"https:\/\/wp.pt.aleteia.org\/wp-content\/uploads\/sites\/5\/2024\/12\/VATICAN-POPE-CONSISTORY-CARDINALS-2024-Antoine-Mekary-ALETEIA-AM_6609.jpg?w=1920\" alt=\"VATICAN-POPE-CONSISTORY-CARDINALS-2024\" \/><\/p>\n<p><img decoding=\"async\" src=\"https:\/\/wp.pt.aleteia.org\/wp-content\/uploads\/sites\/5\/2024\/12\/VATICAN-POPE-CONSISTORY-CARDINALS-2024-Antoine-Mekary-ALETEIA-AM_8808.jpg?w=1920\" alt=\"VATICAN-POPE-CONSISTORY-CARDINALS-2024\" \/><\/p>\n<p><img decoding=\"async\" src=\"https:\/\/wp.pt.aleteia.org\/wp-content\/uploads\/sites\/5\/2024\/12\/VATICAN-RELIGION-POPE-CONSISTORY-CARDINALS_CG15733.jpg?w=1920\" alt=\"VATICAN-RELIGION-POPE-CONSISTORY-CARDINALS\" \/><\/p>\n<p><img decoding=\"async\" src=\"https:\/\/wp.pt.aleteia.org\/wp-content\/uploads\/sites\/5\/2024\/12\/VATICAN-RELIGION-POPE-CONSISTORY-CARDINALS_PGA1790.jpg?w=1920\" alt=\"VATICAN-RELIGION-POPE-CONSISTORY-CARDINALS\" \/><\/p>\n<p>&nbsp;<\/p>\n<\/div>\n","protected":false},"excerpt":{"rendered":"<p>Neste fim de semana, o Papa Francisco criou 21 novos cardeais, incluindo o arcebispo brasileiro de Porto Alegre, dom Jaime Spengler. Confira as fotos! \u201cRetornar ao cora\u00e7\u00e3o para voltar ao mesmo caminho de Jesus, \u00e9 disso que precisamos. E hoje, especialmente para v\u00f3s, caros irm\u00e3os, que recebeis o cardinalato, eu gostaria de dizer: tende o [&hellip;]<\/p>\n","protected":false},"author":1,"featured_media":91965,"comment_status":"open","ping_status":"closed","sticky":false,"template":"","format":"standard","meta":{"footnotes":""},"categories":[4],"tags":[],"class_list":["post-91964","post","type-post","status-publish","format-standard","has-post-thumbnail","hentry","category-cotidiano"],"_links":{"self":[{"href":"https:\/\/catolicanet.net\/wp-cnet\/wp-json\/wp\/v2\/posts\/91964","targetHints":{"allow":["GET"]}}],"collection":[{"href":"https:\/\/catolicanet.net\/wp-cnet\/wp-json\/wp\/v2\/posts"}],"about":[{"href":"https:\/\/catolicanet.net\/wp-cnet\/wp-json\/wp\/v2\/types\/post"}],"author":[{"embeddable":true,"href":"https:\/\/catolicanet.net\/wp-cnet\/wp-json\/wp\/v2\/users\/1"}],"replies":[{"embeddable":true,"href":"https:\/\/catolicanet.net\/wp-cnet\/wp-json\/wp\/v2\/comments?post=91964"}],"version-history":[{"count":1,"href":"https:\/\/catolicanet.net\/wp-cnet\/wp-json\/wp\/v2\/posts\/91964\/revisions"}],"predecessor-version":[{"id":91967,"href":"https:\/\/catolicanet.net\/wp-cnet\/wp-json\/wp\/v2\/posts\/91964\/revisions\/91967"}],"wp:featuredmedia":[{"embeddable":true,"href":"https:\/\/catolicanet.net\/wp-cnet\/wp-json\/wp\/v2\/media\/91965"}],"wp:attachment":[{"href":"https:\/\/catolicanet.net\/wp-cnet\/wp-json\/wp\/v2\/media?parent=91964"}],"wp:term":[{"taxonomy":"category","embeddable":true,"href":"https:\/\/catolicanet.net\/wp-cnet\/wp-json\/wp\/v2\/categories?post=91964"},{"taxonomy":"post_tag","embeddable":true,"href":"https:\/\/catolicanet.net\/wp-cnet\/wp-json\/wp\/v2\/tags?post=91964"}],"curies":[{"name":"wp","href":"https:\/\/api.w.org\/{rel}","templated":true}]}}