{"id":91916,"date":"2024-12-09T10:16:53","date_gmt":"2024-12-09T13:16:53","guid":{"rendered":"https:\/\/catolicanet.net\/wp-cnet\/?p=91916"},"modified":"2024-12-09T14:20:07","modified_gmt":"2024-12-09T17:20:07","slug":"reviva-os-momentos-chave-da-reabertura-da-catedral-de-notre-dame","status":"publish","type":"post","link":"https:\/\/catolicanet.net\/wp-cnet\/reviva-os-momentos-chave-da-reabertura-da-catedral-de-notre-dame\/","title":{"rendered":"Reviva os momentos-chave da reabertura da Catedral de Notre-Dame!"},"content":{"rendered":"<div style=\"text-align: justify;\"><span class=\"SubHeading_subheading__NJ_eJ\" aria-label=\"post subtitle\">Caso voc\u00ea tenha perdido a emocionante reabertura da Catedral de Notre-Dame em Paris neste \u00faltimo fim de semana, selecionamos alguns dos momentos chave.<\/span><\/div>\n<div style=\"text-align: justify;\">\n<div>\n<p>Neste fim de semana, Paris estava em festa com as cerim\u00f4nias de reabertura e a Missa na Catedral de Notre-Dame.<\/p>\n<\/div>\n<\/div>\n<div style=\"text-align: justify;\">\n<div>\n<p>Ap\u00f3s um intenso programa de restaura\u00e7\u00e3o que durou cinco anos, a maior parte dos andaimes foi removida, as barreiras desapareceram e a bela estrutura g\u00f3tica reabriu suas portas para o mundo, ap\u00f3s o inc\u00eandio que a danificou em 2019.<\/p>\n<\/div>\n<\/div>\n<div style=\"text-align: justify;\">\n<div>\n<p>Embora houvesse muito a ser vivido nos eventos deste fim de semana, aqui est\u00e3o alguns dos destaques que mais nos marcaram.<\/p>\n<\/div>\n<\/div>\n<div style=\"text-align: justify;\">\n<h2 class=\"RichList_wrapper__l0kVU\"><strong class=\"RichList_strong__koiGs\">1 O toque do \u2018Emmanuel\u2019 para todos ouvirem<\/strong><\/h2>\n<\/div>\n<div style=\"text-align: justify;\">\n<div>\n<p>Para marcar a reabertura da catedral ap\u00f3s cinco anos de trabalho incans\u00e1vel de milhares de oper\u00e1rios, cl\u00e9rigos e fi\u00e9is, o belo sino Emmanuel \u2013 um nome muito apropriado para este tempo de Advento \u2013 soou para que todos ouvissem. Outros sinos de Paris tamb\u00e9m se uniram, criando uma cacofonia de j\u00fabilo para esta ocasi\u00e3o gloriosa.<\/p>\n<\/div>\n<\/div>\n<div style=\"text-align: justify;\">\n<figure class=\"ImageBlock_figure__x1S9e\"><img loading=\"lazy\" decoding=\"async\" class=\"ImageBlock_image__Y5gng\" src=\"https:\/\/wp.pt.aleteia.org\/wp-content\/uploads\/sites\/5\/2023\/05\/NOtre-Dame-bell-Emmanuel.jpg?resize=620,413&amp;q=75\" sizes=\"auto, \" srcset=\"https:\/\/wp.pt.aleteia.org\/wp-content\/uploads\/sites\/5\/2023\/05\/NOtre-Dame-bell-Emmanuel.jpg?resize=620,413&amp;q=75 1x\" alt=\"Notre Dame de Paris Bell, &quot;Emmanuel&quot;\" width=\"1200\" height=\"800\" data-nimg=\"1\" \/><figcaption class=\"ImageBlock_figcaption__FFRgM\" aria-label=\"#image_title\">#image_title<\/figcaption><div class=\"ImageBlock_copyright__mSdmK\">Alessio Catelli | Shutterstock<\/div>\n<\/figure>\n<\/div>\n<div style=\"text-align: justify;\">\n<h2 class=\"RichList_wrapper__l0kVU\"><strong class=\"RichList_strong__koiGs\">2 A entrada simb\u00f3lica na Catedral<\/strong><\/h2>\n<\/div>\n<div style=\"text-align: justify;\">\n<div>\n<p>Com tanta expectativa pela cerim\u00f4nia de reabertura, o evento come\u00e7ou com uma entrada muito dram\u00e1tica. O Arcebispo de Paris, Laurent Ulrich, bateu tr\u00eas vezes nas enormes portas da catedral com um bast\u00e3o de madeira feito a partir de uma viga do telhado que havia sido salva do inc\u00eandio ocorrido cinco anos atr\u00e1s.<\/p>\n<\/div>\n<\/div>\n<div style=\"text-align: justify;\">\n<div>\n<p>Enquanto batia, ele proclamou: &#8220;Notre-Dame, modelo de f\u00e9, abra suas portas para reunir os filhos distantes de Deus com alegria.&#8221;<\/p>\n<\/div>\n<\/div>\n<div style=\"text-align: justify;\">\n<div>\n<p>Com este comando, as portas come\u00e7aram a se abrir, e as cores, os sons e a alegria foram um banquete para os olhos.<\/p>\n<\/div>\n<\/div>\n<div style=\"text-align: justify;\">\n<figure class=\"ImageBlock_figure__x1S9e\"><img loading=\"lazy\" decoding=\"async\" class=\"ImageBlock_image__Y5gng\" src=\"https:\/\/wp.pt.aleteia.org\/wp-content\/uploads\/sites\/5\/2024\/12\/000_36PU9V8.jpg?resize=620,413&amp;q=75\" sizes=\"auto, \" srcset=\"https:\/\/wp.pt.aleteia.org\/wp-content\/uploads\/sites\/5\/2024\/12\/000_36PU9V8.jpg?resize=620,413&amp;q=75 1x\" alt=\"\" width=\"6000\" height=\"4000\" data-nimg=\"1\" \/><\/p>\n<div class=\"ImageBlock_copyright__mSdmK\">Christophe PETIT TESSON \/ POOL \/ AFP<\/div>\n<\/figure>\n<\/div>\n<div style=\"text-align: justify;\">\n<h2 class=\"RichList_wrapper__l0kVU\"><strong class=\"RichList_strong__koiGs\">3 M\u00fasica para Nossa Senhora<\/strong><\/h2>\n<\/div>\n<div style=\"text-align: justify;\">\n<div>\n<p>Enquanto o arcebispo Ulrich realizava o ritual das batidas na porta, uma emocionante vers\u00e3o dos C\u00e2nticos das Subidas, dos Salmos 120 a 134, podia ser ouvida. A &#8220;Can\u00e7\u00e3o do Peregrino&#8221; est\u00e1 enraizada na peregrina\u00e7\u00e3o judaica ao Templo de Jerusal\u00e9m.<\/p>\n<\/div>\n<\/div>\n<div style=\"text-align: justify;\">\n<div>\n<p>A partir da\u00ed, os corais impressionaram com um repert\u00f3rio que homenageava Nossa Senhora, incluindo o ressonante moteto\u00a0<em>Totus Tuus<\/em>\u00a0(\u2018Todo Teu\u2019, em latim), composto em 1987 por Henryk G\u00f3recki durante a visita do Papa Jo\u00e3o Paulo II \u00e0 sua terra natal. \u2018<em>Totus Tuus<\/em>\u2019 era o lema de Jo\u00e3o Paulo II e \u00e9 uma celebra\u00e7\u00e3o especial da Virgem Maria.<\/p>\n<\/div>\n<\/div>\n<div style=\"text-align: justify;\">\n<div>\n<p>Tamb\u00e9m houve o impressionante ritual de &#8220;despertar do \u00f3rg\u00e3o&#8221;, no qual o Arcebispo se dirigiu ao \u00f3rg\u00e3o oito vezes, dizendo: \u201cDesperta, \u00f3rg\u00e3o, instrumento sagrado, canta os louvores de Deus.\u201d Ap\u00f3s cada invoca\u00e7\u00e3o, o \u00f3rg\u00e3o respondia improvisadamente. Este instrumento sobreviveu notavelmente ao inc\u00eandio, embora tenha sido necess\u00e1rio um trabalho significativo para restaur\u00e1-lo \u00e0 sua gl\u00f3ria.<\/p>\n<\/div>\n<\/div>\n<div style=\"text-align: justify;\">\n<div>\n<p>Outros hinos foram escolhidos com Maria no cora\u00e7\u00e3o, como \u201c<em>Ave Maris Stella<\/em>\u201d de Claudio Monteverdi e \u201c<em>Sancta Maria<\/em>\u201d de Girolamo Francescobaldi.<\/p>\n<\/div>\n<\/div>\n<div style=\"text-align: justify;\">\n<figure class=\"ImageBlock_figure__x1S9e\"><img loading=\"lazy\" decoding=\"async\" class=\"ImageBlock_image__Y5gng\" src=\"https:\/\/wp.pt.aleteia.org\/wp-content\/uploads\/sites\/5\/2024\/12\/000_36PU3M6.jpg?resize=620,413&amp;q=75\" sizes=\"auto, \" srcset=\"https:\/\/wp.pt.aleteia.org\/wp-content\/uploads\/sites\/5\/2024\/12\/000_36PU3M6.jpg?resize=620,413&amp;q=75 1x\" alt=\"\" width=\"8192\" height=\"5464\" data-nimg=\"1\" \/><\/p>\n<div class=\"ImageBlock_copyright__mSdmK\">AFP<\/div>\n<\/figure>\n<\/div>\n<div style=\"text-align: justify;\">\n<h2 class=\"RichList_wrapper__l0kVU\"><strong class=\"RichList_strong__koiGs\">4 A prociss\u00e3o das bandeiras<\/strong><\/h2>\n<\/div>\n<div style=\"text-align: justify;\">\n<div>\n<p>Durante a reabertura, houve uma prociss\u00e3o verdadeiramente impressionante de 113 bandeiras representando diversas par\u00f3quias de Paris. As bandeiras seguiram pelo corredor, sendo carregadas por padres e di\u00e1conos vestidos com as vestes criadas pelo renomado designer franc\u00eas Jean-Charles de Castelbajac.<\/p>\n<\/div>\n<\/div>\n<div style=\"text-align: justify;\">\n<div>\n<p>As bandeiras representavam a intensa alegria e honra sentida pelos fi\u00e9is, e era poss\u00edvel ver que cada uma tinha um design \u00fanico. Algumas apresentavam imagens de Nossa Senhora, outras de santos, ou s\u00edmbolos cat\u00f3licos, como o b\u00e1culo de um bispo<\/p>\n<\/div>\n<\/div>\n<div style=\"text-align: justify;\">\n<figure class=\"ImageBlock_figure__x1S9e\"><img loading=\"lazy\" decoding=\"async\" class=\"ImageBlock_image__Y5gng\" src=\"https:\/\/wp.pt.aleteia.org\/wp-content\/uploads\/sites\/5\/2024\/12\/000_36PV2ZY.jpg?resize=620,413&amp;q=75\" sizes=\"auto, \" srcset=\"https:\/\/wp.pt.aleteia.org\/wp-content\/uploads\/sites\/5\/2024\/12\/000_36PV2ZY.jpg?resize=620,413&amp;q=75 1x\" alt=\"\" width=\"8192\" height=\"5464\" data-nimg=\"1\" \/><\/p>\n<div class=\"ImageBlock_copyright__mSdmK\">AFP<\/div>\n<\/figure>\n<\/div>\n<div style=\"text-align: justify;\">\n<h2 class=\"RichList_wrapper__l0kVU\"><strong class=\"RichList_strong__koiGs\">5 Um grande &#8220;merci&#8221;<\/strong><\/h2>\n<\/div>\n<div style=\"text-align: justify;\">\n<div>\n<p>Um dos momentos mais emocionantes da noite foi a ova\u00e7\u00e3o de p\u00e9 dada aos bombeiros que ajudaram a salvar a catedral. Em uma batalha incans\u00e1vel para salvar o edif\u00edcio e as preciosas rel\u00edquias dentro dele, esses homens e mulheres arriscaram suas vidas para que Nossa Senhora de Notre-Dame pudesse continuar a vigiar Paris e al\u00e9m.<\/p>\n<\/div>\n<\/div>\n<div style=\"text-align: justify;\">\n<div>\n<p>Enquanto os bombeiros caminhavam pelo corredor, o aplauso foi estrondoso, acompanhado pela proje\u00e7\u00e3o de um enorme &#8220;merci&#8221; \u2013 obrigado \u2013 na fachada da catedral g\u00f3tica.<\/p>\n<\/div>\n<\/div>\n<div style=\"text-align: justify;\">\n<div class=\"Embed_container__MypX2 wp-embed-aspect-16-9 wp-has-aspect-ratio\">\n<p><iframe loading=\"lazy\" title=\"BREAKING NEWS: Firefighters And Builders Are Applauded At Notre-Dame Cathedral Reopening\" width=\"696\" height=\"392\" src=\"https:\/\/www.youtube.com\/embed\/gXhKrS0Etco?feature=oembed\" frameborder=\"0\" allow=\"accelerometer; autoplay; clipboard-write; encrypted-media; gyroscope; picture-in-picture; web-share\" referrerpolicy=\"strict-origin-when-cross-origin\" allowfullscreen><\/iframe><\/p>\n<\/div>\n<div><\/div>\n<\/div>\n<div style=\"text-align: justify;\">\n<h2 class=\"RichList_wrapper__l0kVU\"><strong class=\"RichList_strong__koiGs\">6 Um altar consagrado<\/strong><\/h2>\n<\/div>\n<div style=\"text-align: justify;\">\n<div>\n<p>Um dos momentos chave da primeira Missa, celebrada no domingo dia 8 de dezembro, foi a consagra\u00e7\u00e3o do altar. Esse momento envolveu v\u00e1rios ritos que quase tornaram o evento em si.<\/p>\n<\/div>\n<\/div>\n<div style=\"text-align: justify;\">\n<figure class=\"ImageBlock_figure__x1S9e\"><img loading=\"lazy\" decoding=\"async\" class=\"ImageBlock_image__Y5gng\" src=\"https:\/\/wp.pt.aleteia.org\/wp-content\/uploads\/sites\/5\/2024\/12\/000_36PV4KH.jpg?resize=620,413&amp;q=75\" sizes=\"auto, \" srcset=\"https:\/\/wp.pt.aleteia.org\/wp-content\/uploads\/sites\/5\/2024\/12\/000_36PV4KH.jpg?resize=620,413&amp;q=75 1x\" alt=\"\" width=\"8256\" height=\"5504\" data-nimg=\"1\" \/><\/p>\n<div class=\"ImageBlock_copyright__mSdmK\">AFP<\/div>\n<\/figure>\n<\/div>\n<div style=\"text-align: justify;\">\n<div>\n<p>Primeiro, houve a coloca\u00e7\u00e3o das rel\u00edquias: Elas foram selecionadas a partir de cinco santos estreitamente ligados \u00e0 Igreja de Paris, cujas rel\u00edquias foram seladas dentro do altar: Santa Marie-Eug\u00e9nie de J\u00e9sus, Santa Madeleine-Sophie Barat, Santa Catarina Labour\u00e9, S\u00e3o Charles de Foucauld e Beato Vladimir Ghika.<\/p>\n<\/div>\n<\/div>\n<div style=\"text-align: justify;\">\n<div>\n<p>Seguiu-se a ora\u00e7\u00e3o de dedica\u00e7\u00e3o e a un\u00e7\u00e3o do altar com o crisma \u2013 o rito mais importante na consagra\u00e7\u00e3o do altar. Finalmente, houve a oferta de incenso, seguida da ornamenta\u00e7\u00e3o e ilumina\u00e7\u00e3o do altar.<\/p>\n<\/div>\n<\/div>\n<div style=\"text-align: justify;\">\n<figure class=\"ImageBlock_figure__x1S9e\"><img loading=\"lazy\" decoding=\"async\" class=\"ImageBlock_image__Y5gng\" src=\"https:\/\/wp.pt.aleteia.org\/wp-content\/uploads\/sites\/5\/2024\/12\/000_36PW6B6.jpg?resize=620,413&amp;q=75\" sizes=\"auto, \" srcset=\"https:\/\/wp.pt.aleteia.org\/wp-content\/uploads\/sites\/5\/2024\/12\/000_36PW6B6.jpg?resize=620,413&amp;q=75 1x\" alt=\"\" width=\"8256\" height=\"5504\" data-nimg=\"1\" \/><\/p>\n<div class=\"ImageBlock_copyright__mSdmK\">JULIEN DE ROSA \/ AFP<\/div>\n<\/figure>\n<\/div>\n<div style=\"text-align: justify;\">\n<h2 class=\"RichList_wrapper__l0kVU\"><strong class=\"RichList_strong__koiGs\">7 A mensagem reconfortante do Papa Francisco<\/strong><\/h2>\n<\/div>\n<div style=\"text-align: justify;\">\n<div>\n<p>Na v\u00e9spera da reabertura, houve algumas preocupa\u00e7\u00f5es sobre uma poss\u00edvel taxa de entrada para a rec\u00e9m-restaurada catedral. No entanto, em sua\u00a0<a title=\"\" href=\"https:\/\/www.vatican.va\/content\/francesco\/fr\/messages\/pont-messages\/2024\/documents\/20241121-messaggio-riapertura-notredame-parigi.html\" target=\"_blank\" rel=\"noopener\">mensagem<\/a>\u00a0ao povo, compartilhada pelo N\u00fancio Apost\u00f3lico, Arcebispo Celestino Migliore, o Papa fez um apelo para que a catedral oferecesse uma &#8220;acolhida generosa e gratuita&#8221; para as &#8220;grandes multid\u00f5es&#8221; que passariam por suas portas.<\/p>\n<\/div>\n<\/div>\n<div style=\"text-align: justify;\">\n<figure class=\"ImageBlock_figure__x1S9e\"><img loading=\"lazy\" decoding=\"async\" class=\"ImageBlock_image__Y5gng\" src=\"https:\/\/wp.pt.aleteia.org\/wp-content\/uploads\/sites\/5\/2024\/12\/000_36PW39W.jpg?resize=620,413&amp;q=75\" sizes=\"auto, \" srcset=\"https:\/\/wp.pt.aleteia.org\/wp-content\/uploads\/sites\/5\/2024\/12\/000_36PW39W.jpg?resize=620,413&amp;q=75 1x\" alt=\"\" width=\"8256\" height=\"5504\" data-nimg=\"1\" \/><\/p>\n<div class=\"ImageBlock_copyright__mSdmK\">AFP<\/div>\n<\/figure>\n<\/div>\n<div style=\"text-align: justify;\">\n<h2 class=\"RichList_wrapper__l0kVU\"><strong class=\"RichList_strong__koiGs\">8 Enfrentando a tempestade<\/strong><\/h2>\n<\/div>\n<div style=\"text-align: justify;\">\n<div>\n<p>Como a\u00a0<a title=\"\" href=\"https:\/\/fr.aleteia.org\/tag\/notre-dame-de-paris\" target=\"_blank\" rel=\"noopener\">equipe francesa da Aleteia<\/a>\u00a0relatou, 4.000 fi\u00e9is se reuniram em frente \u00e0 catedral, enfrentando condi\u00e7\u00f5es clim\u00e1ticas horr\u00edveis, para participar dessa hist\u00f3rica reabertura no s\u00e1bado \u00e0 noite. Enquanto o vento castigava e a chuva ca\u00eda, eles permaneceram ali, no frio, mas aquecidos pelo calor do evento.<\/p>\n<\/div>\n<\/div>\n<div style=\"text-align: justify;\">\n<figure class=\"ImageBlock_figure__x1S9e\"><img loading=\"lazy\" decoding=\"async\" class=\"ImageBlock_image__Y5gng\" src=\"https:\/\/wp.pt.aleteia.org\/wp-content\/uploads\/sites\/5\/2024\/12\/000_36PV336.jpg?resize=620,413&amp;q=75\" sizes=\"auto, \" srcset=\"https:\/\/wp.pt.aleteia.org\/wp-content\/uploads\/sites\/5\/2024\/12\/000_36PV336.jpg?resize=620,413&amp;q=75 1x\" alt=\"\" width=\"7218\" height=\"4812\" data-nimg=\"1\" \/><\/p>\n<div class=\"ImageBlock_copyright__mSdmK\">AFP<\/div>\n<\/figure>\n<\/div>\n<div style=\"text-align: justify;\">\n<h2 class=\"RichList_wrapper__l0kVU\"><strong class=\"RichList_strong__koiGs\">9 Um mundo unido pela f\u00e9<\/strong><\/h2>\n<\/div>\n<div style=\"text-align: justify;\">\n<div>\n<p>Embora a reabertura de Notre-Dame tenha sido um momento significativo para os cat\u00f3licos na Fran\u00e7a e no mundo, ela tamb\u00e9m criou um momento onde tanto os fi\u00e9is quanto os n\u00e3o-fi\u00e9is estavam unidos em maravilha, curiosidade, gratid\u00e3o e esperan\u00e7a.<\/p>\n<\/div>\n<\/div>\n<div>\n<div>\n<p style=\"text-align: justify;\">Enquanto l\u00edderes mundiais se reuniam na pr\u00f3pria catedral, milh\u00f5es de pessoas se conectaram para assistir ao evento emocionante que, sem d\u00favida, tocou os cora\u00e7\u00f5es de muitos.<\/p>\n<\/div>\n<\/div>\n","protected":false},"excerpt":{"rendered":"<p>Caso voc\u00ea tenha perdido a emocionante reabertura da Catedral de Notre-Dame em Paris neste \u00faltimo fim de semana, selecionamos alguns dos momentos chave. Neste fim de semana, Paris estava em festa com as cerim\u00f4nias de reabertura e a Missa na Catedral de Notre-Dame. Ap\u00f3s um intenso programa de restaura\u00e7\u00e3o que durou cinco anos, a maior [&hellip;]<\/p>\n","protected":false},"author":1,"featured_media":91917,"comment_status":"open","ping_status":"closed","sticky":false,"template":"","format":"standard","meta":{"footnotes":""},"categories":[4],"tags":[],"class_list":["post-91916","post","type-post","status-publish","format-standard","has-post-thumbnail","hentry","category-cotidiano"],"_links":{"self":[{"href":"https:\/\/catolicanet.net\/wp-cnet\/wp-json\/wp\/v2\/posts\/91916","targetHints":{"allow":["GET"]}}],"collection":[{"href":"https:\/\/catolicanet.net\/wp-cnet\/wp-json\/wp\/v2\/posts"}],"about":[{"href":"https:\/\/catolicanet.net\/wp-cnet\/wp-json\/wp\/v2\/types\/post"}],"author":[{"embeddable":true,"href":"https:\/\/catolicanet.net\/wp-cnet\/wp-json\/wp\/v2\/users\/1"}],"replies":[{"embeddable":true,"href":"https:\/\/catolicanet.net\/wp-cnet\/wp-json\/wp\/v2\/comments?post=91916"}],"version-history":[{"count":1,"href":"https:\/\/catolicanet.net\/wp-cnet\/wp-json\/wp\/v2\/posts\/91916\/revisions"}],"predecessor-version":[{"id":91919,"href":"https:\/\/catolicanet.net\/wp-cnet\/wp-json\/wp\/v2\/posts\/91916\/revisions\/91919"}],"wp:featuredmedia":[{"embeddable":true,"href":"https:\/\/catolicanet.net\/wp-cnet\/wp-json\/wp\/v2\/media\/91917"}],"wp:attachment":[{"href":"https:\/\/catolicanet.net\/wp-cnet\/wp-json\/wp\/v2\/media?parent=91916"}],"wp:term":[{"taxonomy":"category","embeddable":true,"href":"https:\/\/catolicanet.net\/wp-cnet\/wp-json\/wp\/v2\/categories?post=91916"},{"taxonomy":"post_tag","embeddable":true,"href":"https:\/\/catolicanet.net\/wp-cnet\/wp-json\/wp\/v2\/tags?post=91916"}],"curies":[{"name":"wp","href":"https:\/\/api.w.org\/{rel}","templated":true}]}}